{"id":1002,"date":"2008-11-07T08:05:56","date_gmt":"2008-11-07T07:05:56","guid":{"rendered":"https:\/\/www.churbayportillo.com\/blog\/?p=1002"},"modified":"2008-11-07T08:05:56","modified_gmt":"2008-11-07T07:05:56","slug":"premios-empresa-flexible-2008","status":"publish","type":"post","link":"https:\/\/www.churbayportillo.com\/blog\/2008\/11\/07\/premios-empresa-flexible-2008\/","title":{"rendered":"Premios Empresa Flexible 2008"},"content":{"rendered":"<p>VII edici\u00f3n de estos premios que se otorgan a las empresas espa\u00f1olas que m\u00e1s favorecen la conciliaci\u00f3n entre la vida laboral y familiar. Los ganadores han sido:<\/p>\n<ul>\n<li>Grupo SM -gran empresa-.<\/li>\n<li>Consultora Altran -mediana empresa-.<\/li>\n<li>Lenovo -peque\u00f1a empresa-.<\/li>\n<\/ul>\n<p>\u00a1Enhorabuena!<\/p>\n","protected":false},"excerpt":{"rendered":"<p>VII edici\u00f3n de estos premios que se otorgan a las empresas espa\u00f1olas que m\u00e1s favorecen la conciliaci\u00f3n entre la vida laboral y familiar. Los ganadores han sido: Grupo SM -gran empresa-. Consultora Altran -mediana empresa-. &#8230; <a title=\"Premios Empresa Flexible 2008\" class=\"read-more\" href=\"https:\/\/www.churbayportillo.com\/blog\/2008\/11\/07\/premios-empresa-flexible-2008\/\" aria-label=\"Leer m\u00e1s sobre Premios Empresa Flexible 2008\">Leer m\u00e1s<\/a><\/p>\n","protected":false},"author":3,"featured_media":0,"comment_status":"open","ping_status":"open","sticky":false,"template":"","format":"standard","meta":{"_jetpack_memberships_contains_paid_content":false,"footnotes":"","jetpack_publicize_message":"","jetpack_publicize_feature_enabled":true,"jetpack_social_post_already_shared":false,"jetpack_social_options":{"image_generator_settings":{"template":"highway","default_image_id":0,"font":"","enabled":false},"version":2}},"categories":[11,13],"tags":[722,727,993,995],"class_list":["post-1002","post","type-post","status-publish","format-standard","hentry","category-pymes","category-responsabilidad-social","tag-premio","tag-premios-empresa-flexible","tag-pymes","tag-responsabilidad-social"],"yoast_head":"<!-- This site is optimized with the Yoast SEO plugin v27.2 - https:\/\/yoast.com\/product\/yoast-seo-wordpress\/ -->\n<title>Premios Empresa Flexible 2008 - El Secreto de las Pymes que crecen<\/title>\n<meta name=\"robots\" content=\"index, follow, max-snippet:-1, max-image-preview:large, max-video-preview:-1\" \/>\n<link rel=\"canonical\" href=\"https:\/\/www.churbayportillo.com\/blog\/2008\/11\/07\/premios-empresa-flexible-2008\/\" \/>\n<meta property=\"og:locale\" content=\"es_ES\" \/>\n<meta property=\"og:type\" content=\"article\" \/>\n<meta property=\"og:title\" content=\"Premios Empresa Flexible 2008 - El Secreto de las Pymes que crecen\" \/>\n<meta property=\"og:description\" content=\"VII edici\u00f3n de estos premios que se otorgan a las empresas espa\u00f1olas que m\u00e1s favorecen la conciliaci\u00f3n entre la vida laboral y familiar. Los ganadores han sido: Grupo SM -gran empresa-. Consultora Altran -mediana empresa-. ... Leer m\u00e1s\" \/>\n<meta property=\"og:url\" content=\"https:\/\/www.churbayportillo.com\/blog\/2008\/11\/07\/premios-empresa-flexible-2008\/\" \/>\n<meta property=\"og:site_name\" content=\"El Secreto de las Pymes que crecen\" \/>\n<meta property=\"article:publisher\" content=\"https:\/\/www.facebook.com\/churbayportillo\" \/>\n<meta property=\"article:published_time\" content=\"2008-11-07T07:05:56+00:00\" \/>\n<meta name=\"author\" content=\"Jorge Churba\" \/>\n<meta name=\"twitter:card\" content=\"summary_large_image\" \/>\n<meta name=\"twitter:creator\" content=\"@elsecreto\" \/>\n<meta name=\"twitter:site\" content=\"@elsecreto\" \/>\n<meta name=\"twitter:label1\" content=\"Escrito por\" \/>\n\t<meta name=\"twitter:data1\" content=\"Jorge Churba\" \/>\n<script type=\"application\/ld+json\" class=\"yoast-schema-graph\">{\"@context\":\"https:\/\/schema.org\",\"@graph\":[{\"@type\":\"Article\",\"@id\":\"https:\/\/www.churbayportillo.com\/blog\/2008\/11\/07\/premios-empresa-flexible-2008\/#article\",\"isPartOf\":{\"@id\":\"https:\/\/www.churbayportillo.com\/blog\/2008\/11\/07\/premios-empresa-flexible-2008\/\"},\"author\":{\"name\":\"Jorge Churba\",\"@id\":\"https:\/\/www.churbayportillo.com\/blog\/#\/schema\/person\/327f5e9fbcbeeb46bb1a6a1b69a3136b\"},\"headline\":\"Premios Empresa Flexible 2008\",\"datePublished\":\"2008-11-07T07:05:56+00:00\",\"mainEntityOfPage\":{\"@id\":\"https:\/\/www.churbayportillo.com\/blog\/2008\/11\/07\/premios-empresa-flexible-2008\/\"},\"wordCount\":47,\"commentCount\":0,\"publisher\":{\"@id\":\"https:\/\/www.churbayportillo.com\/blog\/#organization\"},\"keywords\":[\"Premio\",\"Premios Empresa Flexible\",\"Pymes\",\"Responsabilidad social\"],\"articleSection\":[\"Pymes\",\"Responsabilidad social\"],\"inLanguage\":\"es\",\"potentialAction\":[{\"@type\":\"CommentAction\",\"name\":\"Comment\",\"target\":[\"https:\/\/www.churbayportillo.com\/blog\/2008\/11\/07\/premios-empresa-flexible-2008\/#respond\"]}]},{\"@type\":\"WebPage\",\"@id\":\"https:\/\/www.churbayportillo.com\/blog\/2008\/11\/07\/premios-empresa-flexible-2008\/\",\"url\":\"https:\/\/www.churbayportillo.com\/blog\/2008\/11\/07\/premios-empresa-flexible-2008\/\",\"name\":\"Premios Empresa Flexible 2008 - El Secreto de las Pymes que crecen\",\"isPartOf\":{\"@id\":\"https:\/\/www.churbayportillo.com\/blog\/#website\"},\"datePublished\":\"2008-11-07T07:05:56+00:00\",\"breadcrumb\":{\"@id\":\"https:\/\/www.churbayportillo.com\/blog\/2008\/11\/07\/premios-empresa-flexible-2008\/#breadcrumb\"},\"inLanguage\":\"es\",\"potentialAction\":[{\"@type\":\"ReadAction\",\"target\":[\"https:\/\/www.churbayportillo.com\/blog\/2008\/11\/07\/premios-empresa-flexible-2008\/\"]}]},{\"@type\":\"BreadcrumbList\",\"@id\":\"https:\/\/www.churbayportillo.com\/blog\/2008\/11\/07\/premios-empresa-flexible-2008\/#breadcrumb\",\"itemListElement\":[{\"@type\":\"ListItem\",\"position\":1,\"name\":\"Portada\",\"item\":\"https:\/\/www.churbayportillo.com\/blog\/\"},{\"@type\":\"ListItem\",\"position\":2,\"name\":\"Premios Empresa Flexible 2008\"}]},{\"@type\":\"WebSite\",\"@id\":\"https:\/\/www.churbayportillo.com\/blog\/#website\",\"url\":\"https:\/\/www.churbayportillo.com\/blog\/\",\"name\":\"El Secreto de las Pymes que crecen\",\"description\":\"Informaci\u00f3n y consejos para vender m\u00e1s\",\"publisher\":{\"@id\":\"https:\/\/www.churbayportillo.com\/blog\/#organization\"},\"potentialAction\":[{\"@type\":\"SearchAction\",\"target\":{\"@type\":\"EntryPoint\",\"urlTemplate\":\"https:\/\/www.churbayportillo.com\/blog\/?s={search_term_string}\"},\"query-input\":{\"@type\":\"PropertyValueSpecification\",\"valueRequired\":true,\"valueName\":\"search_term_string\"}}],\"inLanguage\":\"es\"},{\"@type\":\"Organization\",\"@id\":\"https:\/\/www.churbayportillo.com\/blog\/#organization\",\"name\":\"El Secreto de las Pymes que crecen\",\"url\":\"https:\/\/www.churbayportillo.com\/blog\/\",\"logo\":{\"@type\":\"ImageObject\",\"inLanguage\":\"es\",\"@id\":\"https:\/\/www.churbayportillo.com\/blog\/#\/schema\/logo\/image\/\",\"url\":\"https:\/\/www.churbayportillo.com\/blog\/wp-content\/uploads\/2021\/12\/logo.png\",\"contentUrl\":\"https:\/\/www.churbayportillo.com\/blog\/wp-content\/uploads\/2021\/12\/logo.png\",\"width\":599,\"height\":109,\"caption\":\"El Secreto de las Pymes que crecen\"},\"image\":{\"@id\":\"https:\/\/www.churbayportillo.com\/blog\/#\/schema\/logo\/image\/\"},\"sameAs\":[\"https:\/\/www.facebook.com\/churbayportillo\",\"https:\/\/x.com\/elsecreto\"]},{\"@type\":\"Person\",\"@id\":\"https:\/\/www.churbayportillo.com\/blog\/#\/schema\/person\/327f5e9fbcbeeb46bb1a6a1b69a3136b\",\"name\":\"Jorge Churba\",\"image\":{\"@type\":\"ImageObject\",\"inLanguage\":\"es\",\"@id\":\"https:\/\/secure.gravatar.com\/avatar\/c5f9205dc97a66e1143b707b76fe364da0a694698284e0bc4f5629e814e5ee66?s=96&d=mm&r=g\",\"url\":\"https:\/\/secure.gravatar.com\/avatar\/c5f9205dc97a66e1143b707b76fe364da0a694698284e0bc4f5629e814e5ee66?s=96&d=mm&r=g\",\"contentUrl\":\"https:\/\/secure.gravatar.com\/avatar\/c5f9205dc97a66e1143b707b76fe364da0a694698284e0bc4f5629e814e5ee66?s=96&d=mm&r=g\",\"caption\":\"Jorge Churba\"},\"description\":\"Me comunico, luego existo. Autor del Diccionario Pr\u00e1ctico de Internet para Emprendedores. Fundador de Churba &amp; Portillo y trabajador en Internet. S\u00edgueme en Twitter\",\"sameAs\":[\"https:\/\/www.churbayportillo.com\/blog\"],\"url\":\"https:\/\/www.churbayportillo.com\/blog\/author\/jorge\/\"}]}<\/script>\n<!-- \/ Yoast SEO plugin. -->","yoast_head_json":{"title":"Premios Empresa Flexible 2008 - El Secreto de las Pymes que crecen","robots":{"index":"index","follow":"follow","max-snippet":"max-snippet:-1","max-image-preview":"max-image-preview:large","max-video-preview":"max-video-preview:-1"},"canonical":"https:\/\/www.churbayportillo.com\/blog\/2008\/11\/07\/premios-empresa-flexible-2008\/","og_locale":"es_ES","og_type":"article","og_title":"Premios Empresa Flexible 2008 - El Secreto de las Pymes que crecen","og_description":"VII edici\u00f3n de estos premios que se otorgan a las empresas espa\u00f1olas que m\u00e1s favorecen la conciliaci\u00f3n entre la vida laboral y familiar. Los ganadores han sido: Grupo SM -gran empresa-. Consultora Altran -mediana empresa-. ... Leer m\u00e1s","og_url":"https:\/\/www.churbayportillo.com\/blog\/2008\/11\/07\/premios-empresa-flexible-2008\/","og_site_name":"El Secreto de las Pymes que crecen","article_publisher":"https:\/\/www.facebook.com\/churbayportillo","article_published_time":"2008-11-07T07:05:56+00:00","author":"Jorge Churba","twitter_card":"summary_large_image","twitter_creator":"@elsecreto","twitter_site":"@elsecreto","twitter_misc":{"Escrito por":"Jorge Churba"},"schema":{"@context":"https:\/\/schema.org","@graph":[{"@type":"Article","@id":"https:\/\/www.churbayportillo.com\/blog\/2008\/11\/07\/premios-empresa-flexible-2008\/#article","isPartOf":{"@id":"https:\/\/www.churbayportillo.com\/blog\/2008\/11\/07\/premios-empresa-flexible-2008\/"},"author":{"name":"Jorge Churba","@id":"https:\/\/www.churbayportillo.com\/blog\/#\/schema\/person\/327f5e9fbcbeeb46bb1a6a1b69a3136b"},"headline":"Premios Empresa Flexible 2008","datePublished":"2008-11-07T07:05:56+00:00","mainEntityOfPage":{"@id":"https:\/\/www.churbayportillo.com\/blog\/2008\/11\/07\/premios-empresa-flexible-2008\/"},"wordCount":47,"commentCount":0,"publisher":{"@id":"https:\/\/www.churbayportillo.com\/blog\/#organization"},"keywords":["Premio","Premios Empresa Flexible","Pymes","Responsabilidad social"],"articleSection":["Pymes","Responsabilidad social"],"inLanguage":"es","potentialAction":[{"@type":"CommentAction","name":"Comment","target":["https:\/\/www.churbayportillo.com\/blog\/2008\/11\/07\/premios-empresa-flexible-2008\/#respond"]}]},{"@type":"WebPage","@id":"https:\/\/www.churbayportillo.com\/blog\/2008\/11\/07\/premios-empresa-flexible-2008\/","url":"https:\/\/www.churbayportillo.com\/blog\/2008\/11\/07\/premios-empresa-flexible-2008\/","name":"Premios Empresa Flexible 2008 - El Secreto de las Pymes que crecen","isPartOf":{"@id":"https:\/\/www.churbayportillo.com\/blog\/#website"},"datePublished":"2008-11-07T07:05:56+00:00","breadcrumb":{"@id":"https:\/\/www.churbayportillo.com\/blog\/2008\/11\/07\/premios-empresa-flexible-2008\/#breadcrumb"},"inLanguage":"es","potentialAction":[{"@type":"ReadAction","target":["https:\/\/www.churbayportillo.com\/blog\/2008\/11\/07\/premios-empresa-flexible-2008\/"]}]},{"@type":"BreadcrumbList","@id":"https:\/\/www.churbayportillo.com\/blog\/2008\/11\/07\/premios-empresa-flexible-2008\/#breadcrumb","itemListElement":[{"@type":"ListItem","position":1,"name":"Portada","item":"https:\/\/www.churbayportillo.com\/blog\/"},{"@type":"ListItem","position":2,"name":"Premios Empresa Flexible 2008"}]},{"@type":"WebSite","@id":"https:\/\/www.churbayportillo.com\/blog\/#website","url":"https:\/\/www.churbayportillo.com\/blog\/","name":"El Secreto de las Pymes que crecen","description":"Informaci\u00f3n y consejos para vender m\u00e1s","publisher":{"@id":"https:\/\/www.churbayportillo.com\/blog\/#organization"},"potentialAction":[{"@type":"SearchAction","target":{"@type":"EntryPoint","urlTemplate":"https:\/\/www.churbayportillo.com\/blog\/?s={search_term_string}"},"query-input":{"@type":"PropertyValueSpecification","valueRequired":true,"valueName":"search_term_string"}}],"inLanguage":"es"},{"@type":"Organization","@id":"https:\/\/www.churbayportillo.com\/blog\/#organization","name":"El Secreto de las Pymes que crecen","url":"https:\/\/www.churbayportillo.com\/blog\/","logo":{"@type":"ImageObject","inLanguage":"es","@id":"https:\/\/www.churbayportillo.com\/blog\/#\/schema\/logo\/image\/","url":"https:\/\/www.churbayportillo.com\/blog\/wp-content\/uploads\/2021\/12\/logo.png","contentUrl":"https:\/\/www.churbayportillo.com\/blog\/wp-content\/uploads\/2021\/12\/logo.png","width":599,"height":109,"caption":"El Secreto de las Pymes que crecen"},"image":{"@id":"https:\/\/www.churbayportillo.com\/blog\/#\/schema\/logo\/image\/"},"sameAs":["https:\/\/www.facebook.com\/churbayportillo","https:\/\/x.com\/elsecreto"]},{"@type":"Person","@id":"https:\/\/www.churbayportillo.com\/blog\/#\/schema\/person\/327f5e9fbcbeeb46bb1a6a1b69a3136b","name":"Jorge Churba","image":{"@type":"ImageObject","inLanguage":"es","@id":"https:\/\/secure.gravatar.com\/avatar\/c5f9205dc97a66e1143b707b76fe364da0a694698284e0bc4f5629e814e5ee66?s=96&d=mm&r=g","url":"https:\/\/secure.gravatar.com\/avatar\/c5f9205dc97a66e1143b707b76fe364da0a694698284e0bc4f5629e814e5ee66?s=96&d=mm&r=g","contentUrl":"https:\/\/secure.gravatar.com\/avatar\/c5f9205dc97a66e1143b707b76fe364da0a694698284e0bc4f5629e814e5ee66?s=96&d=mm&r=g","caption":"Jorge Churba"},"description":"Me comunico, luego existo. Autor del Diccionario Pr\u00e1ctico de Internet para Emprendedores. Fundador de Churba &amp; Portillo y trabajador en Internet. S\u00edgueme en Twitter","sameAs":["https:\/\/www.churbayportillo.com\/blog"],"url":"https:\/\/www.churbayportillo.com\/blog\/author\/jorge\/"}]}},"jetpack_publicize_connections":[],"jetpack_featured_media_url":"","jetpack-related-posts":[{"id":163,"url":"https:\/\/www.churbayportillo.com\/blog\/2006\/11\/15\/premios-empresa-flexible-2006\/","url_meta":{"origin":1002,"position":0},"title":"Premios Empresa Flexible 2006","author":"Churba &amp; Portillo","date":"15 noviembre 2006","format":false,"excerpt":"Acaban de entregarse en Madrid. Y los ganadores son... En la categor\u00eda de peque\u00f1as empresas: Amusal, de Murcia. En la de medianas: Nokia, Madrid. Y en la de grandes, Lacera, de Asturias. Felicitaciones a estas empresas que se esfuerzan en conciliar la vida familiar y laboral. Y muy especialmente a\u2026","rel":"","context":"En \u00abGeneral\u00bb","block_context":{"text":"General","link":"https:\/\/www.churbayportillo.com\/blog\/category\/general\/"},"img":{"alt_text":"","src":"","width":0,"height":0},"classes":[]},{"id":201,"url":"https:\/\/www.churbayportillo.com\/blog\/2006\/12\/15\/princesa-letizia-con-las-empresas-flexibles-2\/","url_meta":{"origin":1002,"position":1},"title":"Princesa Letizia con las empresas flexibles (2)","author":"Churba &amp; Portillo","date":"15 diciembre 2006","format":false,"excerpt":"La princesa de Asturias acaba de recibir a los galardonados con el Premio Empresa Flexible 2006: Amusal, organizaci\u00f3n empresarial murciana; el grupo asturiano Lacera y Nokia. M\u00e1s informaci\u00f3n.","rel":"","context":"En \u00abGeneral\u00bb","block_context":{"text":"General","link":"https:\/\/www.churbayportillo.com\/blog\/category\/general\/"},"img":{"alt_text":"","src":"","width":0,"height":0},"classes":[]},{"id":190,"url":"https:\/\/www.churbayportillo.com\/blog\/2006\/12\/12\/la-princesa-letizia-con-las-empresas-flexibles\/","url_meta":{"origin":1002,"position":2},"title":"La princesa Letizia con las empresas flexibles","author":"Jorge Churba","date":"12 diciembre 2006","format":false,"excerpt":"El pr\u00f3ximo viernes 15 de diciembre de 2006, Su Alteza Real la Princesa de Asturias recibir\u00e1 a los galardonados con el Premio Empresa Flexible 2006. Se trata de Amusal, organizaci\u00f3n empresarial murciana; el grupo asturiano Lacera y Nokia. El \"Premio a la Empresa Flexible 2006\", concedido por la empresa Comunicaci\u00f3n\u2026","rel":"","context":"En \u00abGeneral\u00bb","block_context":{"text":"General","link":"https:\/\/www.churbayportillo.com\/blog\/category\/general\/"},"img":{"alt_text":"","src":"","width":0,"height":0},"classes":[]},{"id":451,"url":"https:\/\/www.churbayportillo.com\/blog\/2008\/07\/04\/ii-premio-empresa-flexible-murcia-2008\/","url_meta":{"origin":1002,"position":3},"title":"II Premio empresa flexible Murcia 2008","author":"Angeles Portillo","date":"4 julio 2008","format":false,"excerpt":"Con este Premio de la VII Campa\u00f1a hacia el equilibrio de la vida profesional y personal, se pretende identificar, seleccionar y reconocer el trabajo que las empresas de la Regi\u00f3n de Murcia est\u00e1n poniendo en pr\u00e1ctica para mejorar el equilibrio de la vida profesional, personal y familiar de sus trabajadores.\u2026","rel":"","context":"En \u00abAyudas y subvenciones\u00bb","block_context":{"text":"Ayudas y subvenciones","link":"https:\/\/www.churbayportillo.com\/blog\/category\/ayudas-y-subvenciones\/"},"img":{"alt_text":"","src":"","width":0,"height":0},"classes":[]},{"id":151,"url":"https:\/\/www.churbayportillo.com\/blog\/2006\/11\/13\/amusal-en-los-premios-empresa-flexible-2006\/","url_meta":{"origin":1002,"position":4},"title":"Amusal en los Premios Empresa Flexible 2006","author":"Churba &amp; Portillo","date":"13 noviembre 2006","format":false,"excerpt":"\u00a1\u00a1Felicitaciones Amusal!! La organizaci\u00f3n empresarial es finalista en los premios Empresa Flexible 2006. Y nosotros, Churba & Portillo, como socios de Amusal estamos encantados. Amusal predica con el ejemplo aplicando medidas de informaci\u00f3n, formaci\u00f3n, flexibilidad y mejora de la calidad de vida de sus trabajadores que han generado importantes incrementos\u2026","rel":"","context":"En \u00abGeneral\u00bb","block_context":{"text":"General","link":"https:\/\/www.churbayportillo.com\/blog\/category\/general\/"},"img":{"alt_text":"","src":"","width":0,"height":0},"classes":[]},{"id":5084,"url":"https:\/\/www.churbayportillo.com\/blog\/2009\/06\/17\/premios-europeos-de-medio-ambiente-a-la-empresa-2009-2010\/","url_meta":{"origin":1002,"position":5},"title":"Premios Europeos de Medio Ambiente a la Empresa 2009-2010","author":"Jorge Churba","date":"17 junio 2009","format":false,"excerpt":"Hasta el 28 de septiembre de 2009 est\u00e1 abierto el plazo de presentaci\u00f3n de candidaturas para los Premios Europeos de Medio Ambiente a la Empresa, convocados por la Direcci\u00f3n General de Medio Ambiente de la Comisi\u00f3n Europea. Su objetivo es reconocer p\u00fablicamente las pol\u00edticas, pr\u00e1cticas, procesos y productos de todos\u2026","rel":"","context":"En \u00abGeneral\u00bb","block_context":{"text":"General","link":"https:\/\/www.churbayportillo.com\/blog\/category\/general\/"},"img":{"alt_text":"","src":"","width":0,"height":0},"classes":[]}],"jetpack_sharing_enabled":true,"_links":{"self":[{"href":"https:\/\/www.churbayportillo.com\/blog\/wp-json\/wp\/v2\/posts\/1002","targetHints":{"allow":["GET"]}}],"collection":[{"href":"https:\/\/www.churbayportillo.com\/blog\/wp-json\/wp\/v2\/posts"}],"about":[{"href":"https:\/\/www.churbayportillo.com\/blog\/wp-json\/wp\/v2\/types\/post"}],"author":[{"embeddable":true,"href":"https:\/\/www.churbayportillo.com\/blog\/wp-json\/wp\/v2\/users\/3"}],"replies":[{"embeddable":true,"href":"https:\/\/www.churbayportillo.com\/blog\/wp-json\/wp\/v2\/comments?post=1002"}],"version-history":[{"count":0,"href":"https:\/\/www.churbayportillo.com\/blog\/wp-json\/wp\/v2\/posts\/1002\/revisions"}],"wp:attachment":[{"href":"https:\/\/www.churbayportillo.com\/blog\/wp-json\/wp\/v2\/media?parent=1002"}],"wp:term":[{"taxonomy":"category","embeddable":true,"href":"https:\/\/www.churbayportillo.com\/blog\/wp-json\/wp\/v2\/categories?post=1002"},{"taxonomy":"post_tag","embeddable":true,"href":"https:\/\/www.churbayportillo.com\/blog\/wp-json\/wp\/v2\/tags?post=1002"}],"curies":[{"name":"wp","href":"https:\/\/api.w.org\/{rel}","templated":true}]}}