{"id":11293,"date":"2010-10-19T10:11:55","date_gmt":"2010-10-19T08:11:55","guid":{"rendered":"https:\/\/www.churbayportillo.com\/blog\/?p=11293"},"modified":"2022-06-02T10:29:12","modified_gmt":"2022-06-02T08:29:12","slug":"las-redes-sociales-fomentan-el-espiritu-emprendedor","status":"publish","type":"post","link":"https:\/\/www.churbayportillo.com\/blog\/2010\/10\/19\/las-redes-sociales-fomentan-el-espiritu-emprendedor\/","title":{"rendered":"Las redes sociales fomentan el esp\u00edritu emprendedor"},"content":{"rendered":"<p><img loading=\"lazy\" decoding=\"async\" class=\"aligncenter size-full wp-image-11298\" title=\"Redes sociales\" src=\"https:\/\/screto.s3.amazonaws.com\/uploads\/2010\/10\/redes-sociales1.jpg\" alt=\"Redes sociales\" width=\"450\" height=\"338\" srcset=\"https:\/\/www.churbayportillo.com\/blog\/wp-content\/uploads\/2010\/10\/redes-sociales1.jpg 450w, https:\/\/www.churbayportillo.com\/blog\/wp-content\/uploads\/2010\/10\/redes-sociales1-300x225.jpg 300w\" sizes=\"auto, (max-width: 450px) 100vw, 450px\" \/><\/p>\n<p>Lo dice un estudio de la Universidad de Uppsala, en Suecia, <strong>el uso de las redes sociales dar\u00e1 lugar a la aparici\u00f3n de un mayor n\u00famero de emprendedores<\/strong>.<!--more--><\/p>\n<p>La investigaci\u00f3n se centr\u00f3 en <a title=\"Facebook en El Secreto\" href=\"https:\/\/www.churbayportillo.com\/blog\/tag\/facebook\/\"><strong>Facebook<\/strong><\/a> y revela que<strong> el intercambio de comentarios sin importancia<\/strong>, a los que califica de tonter\u00edas, <strong>sirve para crear un red muy \u00fatil<\/strong>.<\/p>\n<p>H\u00e5kan Selg, autor del estudio, sostiene que <strong>m\u00e1s importante que el contenido de los comentarios<\/strong> que se intercambian en Facebook <strong>es su efecto<\/strong>: nos sentimos m\u00e1s cerca de los amigos que tenemos en Facebook que de los que no est\u00e1n en esta red.<\/p>\n<p>Otro aspecto que destaca es la forma en que se usan las redes sociales, que va en contra de la tendencia generalizada en nuestra sociedad de la informaci\u00f3n.<\/p>\n<p><strong>Hasta la aparici\u00f3n de las redes sociales, las grandes empresas y los gobiernos fueron los primeros en usar los nuevos canales de comunicaci\u00f3n<\/strong>.<\/p>\n<p>As\u00ed sucedi\u00f3 con los tel\u00e9fonos m\u00f3viles, el correo electr\u00f3nico y las p\u00e1ginas web.<\/p>\n<p>Pero <strong>las redes sociales se desarrollaron primero en la esfera privada, lo que da una gran ventaja a las personas con experiencia en su uso frente a las empresas y las autoridades.<\/strong><\/p>\n<p>Adem\u00e1s, al usar las redes sociales, las personas dependen menos de los actores principales, ya que pueden utilizar las redes por su cuenta para obtener informaci\u00f3n sobre trabajo, vivienda, o, en el campo de los negocios, nuevos contactos y ayuda en problemas pr\u00e1cticos.<\/p>\n<p>Tambi\u00e9n proporcionan oportunidades para que las personas sin grandes recursos econ\u00f3micos puedan llegar a m\u00e1s gente, al poder publicar gratis y establecer bases para sus propias actividades.<\/p>\n<blockquote><p>Un efecto realista de las redes de sociales es que muchos de los costos operativos a largo plazo se reducir\u00e1n. Esto probablemente permitir\u00e1 a m\u00e1s personas iniciar sus propios negocios en el futuro, cambiando as\u00ed la vida laboral, dice H\u00e5kan Selg.<\/p><\/blockquote>\n<p>Fuente: Universidad de Uppsala.<\/p>\n","protected":false},"excerpt":{"rendered":"<p>Lo dice un estudio de la Universidad de Uppsala, en Suecia, el uso de las redes sociales dar\u00e1 lugar a la aparici\u00f3n de un mayor n\u00famero de emprendedores.<\/p>\n","protected":false},"author":3,"featured_media":0,"comment_status":"open","ping_status":"open","sticky":false,"template":"","format":"standard","meta":{"_jetpack_memberships_contains_paid_content":false,"footnotes":"","jetpack_publicize_message":"","jetpack_publicize_feature_enabled":true,"jetpack_social_post_already_shared":false,"jetpack_social_options":{"image_generator_settings":{"template":"highway","default_image_id":0,"font":"","enabled":false},"version":2}},"categories":[10],"tags":[807,992,220,933,390,374],"class_list":["post-11293","post","type-post","status-publish","format-standard","hentry","category-emprendedores","tag-comunicacion","tag-emprendedores","tag-facebook","tag-negocios","tag-redes-sociales","tag-sociedad-de-la-informacion"],"yoast_head":"<!-- This site is optimized with the Yoast SEO plugin v27.2 - https:\/\/yoast.com\/product\/yoast-seo-wordpress\/ -->\n<title>Las redes sociales fomentan el esp\u00edritu emprendedor - El Secreto de las Pymes que crecen<\/title>\n<meta name=\"robots\" content=\"index, follow, max-snippet:-1, max-image-preview:large, max-video-preview:-1\" \/>\n<link rel=\"canonical\" href=\"https:\/\/www.churbayportillo.com\/blog\/2010\/10\/19\/las-redes-sociales-fomentan-el-espiritu-emprendedor\/\" \/>\n<meta property=\"og:locale\" content=\"es_ES\" \/>\n<meta property=\"og:type\" content=\"article\" \/>\n<meta property=\"og:title\" content=\"Las redes sociales fomentan el esp\u00edritu emprendedor - El Secreto de las Pymes que crecen\" \/>\n<meta property=\"og:description\" content=\"Lo dice un estudio de la Universidad de Uppsala, en Suecia, el uso de las redes sociales dar\u00e1 lugar a la aparici\u00f3n de un mayor n\u00famero de emprendedores.\" \/>\n<meta property=\"og:url\" content=\"https:\/\/www.churbayportillo.com\/blog\/2010\/10\/19\/las-redes-sociales-fomentan-el-espiritu-emprendedor\/\" \/>\n<meta property=\"og:site_name\" content=\"El Secreto de las Pymes que crecen\" \/>\n<meta property=\"article:publisher\" content=\"https:\/\/www.facebook.com\/churbayportillo\" \/>\n<meta property=\"article:published_time\" content=\"2010-10-19T08:11:55+00:00\" \/>\n<meta property=\"article:modified_time\" content=\"2022-06-02T08:29:12+00:00\" \/>\n<meta property=\"og:image\" content=\"https:\/\/screto.s3.amazonaws.com\/uploads\/2010\/10\/redes-sociales1.jpg\" \/>\n<meta name=\"author\" content=\"Jorge Churba\" \/>\n<meta name=\"twitter:card\" content=\"summary_large_image\" \/>\n<meta name=\"twitter:creator\" content=\"@elsecreto\" \/>\n<meta name=\"twitter:site\" content=\"@elsecreto\" \/>\n<meta name=\"twitter:label1\" content=\"Escrito por\" \/>\n\t<meta name=\"twitter:data1\" content=\"Jorge Churba\" \/>\n\t<meta name=\"twitter:label2\" content=\"Tiempo de lectura\" \/>\n\t<meta name=\"twitter:data2\" content=\"2 minutos\" \/>\n<script type=\"application\/ld+json\" class=\"yoast-schema-graph\">{\"@context\":\"https:\/\/schema.org\",\"@graph\":[{\"@type\":\"Article\",\"@id\":\"https:\/\/www.churbayportillo.com\/blog\/2010\/10\/19\/las-redes-sociales-fomentan-el-espiritu-emprendedor\/#article\",\"isPartOf\":{\"@id\":\"https:\/\/www.churbayportillo.com\/blog\/2010\/10\/19\/las-redes-sociales-fomentan-el-espiritu-emprendedor\/\"},\"author\":{\"name\":\"Jorge Churba\",\"@id\":\"https:\/\/www.churbayportillo.com\/blog\/#\/schema\/person\/327f5e9fbcbeeb46bb1a6a1b69a3136b\"},\"headline\":\"Las redes sociales fomentan el esp\u00edritu emprendedor\",\"datePublished\":\"2010-10-19T08:11:55+00:00\",\"dateModified\":\"2022-06-02T08:29:12+00:00\",\"mainEntityOfPage\":{\"@id\":\"https:\/\/www.churbayportillo.com\/blog\/2010\/10\/19\/las-redes-sociales-fomentan-el-espiritu-emprendedor\/\"},\"wordCount\":342,\"commentCount\":1,\"publisher\":{\"@id\":\"https:\/\/www.churbayportillo.com\/blog\/#organization\"},\"image\":{\"@id\":\"https:\/\/www.churbayportillo.com\/blog\/2010\/10\/19\/las-redes-sociales-fomentan-el-espiritu-emprendedor\/#primaryimage\"},\"thumbnailUrl\":\"https:\/\/screto.s3.amazonaws.com\/uploads\/2010\/10\/redes-sociales1.jpg\",\"keywords\":[\"comunicaci\u00f3n\",\"Emprendedores\",\"facebook\",\"Negocios\",\"redes sociales\",\"sociedad de la informaci\u00f3n\"],\"articleSection\":[\"Emprendedores\"],\"inLanguage\":\"es\",\"potentialAction\":[{\"@type\":\"CommentAction\",\"name\":\"Comment\",\"target\":[\"https:\/\/www.churbayportillo.com\/blog\/2010\/10\/19\/las-redes-sociales-fomentan-el-espiritu-emprendedor\/#respond\"]}]},{\"@type\":\"WebPage\",\"@id\":\"https:\/\/www.churbayportillo.com\/blog\/2010\/10\/19\/las-redes-sociales-fomentan-el-espiritu-emprendedor\/\",\"url\":\"https:\/\/www.churbayportillo.com\/blog\/2010\/10\/19\/las-redes-sociales-fomentan-el-espiritu-emprendedor\/\",\"name\":\"Las redes sociales fomentan el esp\u00edritu emprendedor - El Secreto de las Pymes que crecen\",\"isPartOf\":{\"@id\":\"https:\/\/www.churbayportillo.com\/blog\/#website\"},\"primaryImageOfPage\":{\"@id\":\"https:\/\/www.churbayportillo.com\/blog\/2010\/10\/19\/las-redes-sociales-fomentan-el-espiritu-emprendedor\/#primaryimage\"},\"image\":{\"@id\":\"https:\/\/www.churbayportillo.com\/blog\/2010\/10\/19\/las-redes-sociales-fomentan-el-espiritu-emprendedor\/#primaryimage\"},\"thumbnailUrl\":\"https:\/\/screto.s3.amazonaws.com\/uploads\/2010\/10\/redes-sociales1.jpg\",\"datePublished\":\"2010-10-19T08:11:55+00:00\",\"dateModified\":\"2022-06-02T08:29:12+00:00\",\"breadcrumb\":{\"@id\":\"https:\/\/www.churbayportillo.com\/blog\/2010\/10\/19\/las-redes-sociales-fomentan-el-espiritu-emprendedor\/#breadcrumb\"},\"inLanguage\":\"es\",\"potentialAction\":[{\"@type\":\"ReadAction\",\"target\":[\"https:\/\/www.churbayportillo.com\/blog\/2010\/10\/19\/las-redes-sociales-fomentan-el-espiritu-emprendedor\/\"]}]},{\"@type\":\"ImageObject\",\"inLanguage\":\"es\",\"@id\":\"https:\/\/www.churbayportillo.com\/blog\/2010\/10\/19\/las-redes-sociales-fomentan-el-espiritu-emprendedor\/#primaryimage\",\"url\":\"https:\/\/screto.s3.amazonaws.com\/uploads\/2010\/10\/redes-sociales1.jpg\",\"contentUrl\":\"https:\/\/screto.s3.amazonaws.com\/uploads\/2010\/10\/redes-sociales1.jpg\"},{\"@type\":\"BreadcrumbList\",\"@id\":\"https:\/\/www.churbayportillo.com\/blog\/2010\/10\/19\/las-redes-sociales-fomentan-el-espiritu-emprendedor\/#breadcrumb\",\"itemListElement\":[{\"@type\":\"ListItem\",\"position\":1,\"name\":\"Portada\",\"item\":\"https:\/\/www.churbayportillo.com\/blog\/\"},{\"@type\":\"ListItem\",\"position\":2,\"name\":\"Las redes sociales fomentan el esp\u00edritu emprendedor\"}]},{\"@type\":\"WebSite\",\"@id\":\"https:\/\/www.churbayportillo.com\/blog\/#website\",\"url\":\"https:\/\/www.churbayportillo.com\/blog\/\",\"name\":\"El Secreto de las Pymes que crecen\",\"description\":\"Informaci\u00f3n y consejos para vender m\u00e1s\",\"publisher\":{\"@id\":\"https:\/\/www.churbayportillo.com\/blog\/#organization\"},\"potentialAction\":[{\"@type\":\"SearchAction\",\"target\":{\"@type\":\"EntryPoint\",\"urlTemplate\":\"https:\/\/www.churbayportillo.com\/blog\/?s={search_term_string}\"},\"query-input\":{\"@type\":\"PropertyValueSpecification\",\"valueRequired\":true,\"valueName\":\"search_term_string\"}}],\"inLanguage\":\"es\"},{\"@type\":\"Organization\",\"@id\":\"https:\/\/www.churbayportillo.com\/blog\/#organization\",\"name\":\"El Secreto de las Pymes que crecen\",\"url\":\"https:\/\/www.churbayportillo.com\/blog\/\",\"logo\":{\"@type\":\"ImageObject\",\"inLanguage\":\"es\",\"@id\":\"https:\/\/www.churbayportillo.com\/blog\/#\/schema\/logo\/image\/\",\"url\":\"https:\/\/www.churbayportillo.com\/blog\/wp-content\/uploads\/2021\/12\/logo.png\",\"contentUrl\":\"https:\/\/www.churbayportillo.com\/blog\/wp-content\/uploads\/2021\/12\/logo.png\",\"width\":599,\"height\":109,\"caption\":\"El Secreto de las Pymes que crecen\"},\"image\":{\"@id\":\"https:\/\/www.churbayportillo.com\/blog\/#\/schema\/logo\/image\/\"},\"sameAs\":[\"https:\/\/www.facebook.com\/churbayportillo\",\"https:\/\/x.com\/elsecreto\"]},{\"@type\":\"Person\",\"@id\":\"https:\/\/www.churbayportillo.com\/blog\/#\/schema\/person\/327f5e9fbcbeeb46bb1a6a1b69a3136b\",\"name\":\"Jorge Churba\",\"image\":{\"@type\":\"ImageObject\",\"inLanguage\":\"es\",\"@id\":\"https:\/\/secure.gravatar.com\/avatar\/c5f9205dc97a66e1143b707b76fe364da0a694698284e0bc4f5629e814e5ee66?s=96&d=mm&r=g\",\"url\":\"https:\/\/secure.gravatar.com\/avatar\/c5f9205dc97a66e1143b707b76fe364da0a694698284e0bc4f5629e814e5ee66?s=96&d=mm&r=g\",\"contentUrl\":\"https:\/\/secure.gravatar.com\/avatar\/c5f9205dc97a66e1143b707b76fe364da0a694698284e0bc4f5629e814e5ee66?s=96&d=mm&r=g\",\"caption\":\"Jorge Churba\"},\"description\":\"Me comunico, luego existo. Autor del Diccionario Pr\u00e1ctico de Internet para Emprendedores. Fundador de Churba &amp; Portillo y trabajador en Internet. S\u00edgueme en Twitter\",\"sameAs\":[\"https:\/\/www.churbayportillo.com\/blog\"],\"url\":\"https:\/\/www.churbayportillo.com\/blog\/author\/jorge\/\"}]}<\/script>\n<!-- \/ Yoast SEO plugin. -->","yoast_head_json":{"title":"Las redes sociales fomentan el esp\u00edritu emprendedor - El Secreto de las Pymes que crecen","robots":{"index":"index","follow":"follow","max-snippet":"max-snippet:-1","max-image-preview":"max-image-preview:large","max-video-preview":"max-video-preview:-1"},"canonical":"https:\/\/www.churbayportillo.com\/blog\/2010\/10\/19\/las-redes-sociales-fomentan-el-espiritu-emprendedor\/","og_locale":"es_ES","og_type":"article","og_title":"Las redes sociales fomentan el esp\u00edritu emprendedor - El Secreto de las Pymes que crecen","og_description":"Lo dice un estudio de la Universidad de Uppsala, en Suecia, el uso de las redes sociales dar\u00e1 lugar a la aparici\u00f3n de un mayor n\u00famero de emprendedores.","og_url":"https:\/\/www.churbayportillo.com\/blog\/2010\/10\/19\/las-redes-sociales-fomentan-el-espiritu-emprendedor\/","og_site_name":"El Secreto de las Pymes que crecen","article_publisher":"https:\/\/www.facebook.com\/churbayportillo","article_published_time":"2010-10-19T08:11:55+00:00","article_modified_time":"2022-06-02T08:29:12+00:00","og_image":[{"url":"https:\/\/screto.s3.amazonaws.com\/uploads\/2010\/10\/redes-sociales1.jpg","type":"","width":"","height":""}],"author":"Jorge Churba","twitter_card":"summary_large_image","twitter_creator":"@elsecreto","twitter_site":"@elsecreto","twitter_misc":{"Escrito por":"Jorge Churba","Tiempo de lectura":"2 minutos"},"schema":{"@context":"https:\/\/schema.org","@graph":[{"@type":"Article","@id":"https:\/\/www.churbayportillo.com\/blog\/2010\/10\/19\/las-redes-sociales-fomentan-el-espiritu-emprendedor\/#article","isPartOf":{"@id":"https:\/\/www.churbayportillo.com\/blog\/2010\/10\/19\/las-redes-sociales-fomentan-el-espiritu-emprendedor\/"},"author":{"name":"Jorge Churba","@id":"https:\/\/www.churbayportillo.com\/blog\/#\/schema\/person\/327f5e9fbcbeeb46bb1a6a1b69a3136b"},"headline":"Las redes sociales fomentan el esp\u00edritu emprendedor","datePublished":"2010-10-19T08:11:55+00:00","dateModified":"2022-06-02T08:29:12+00:00","mainEntityOfPage":{"@id":"https:\/\/www.churbayportillo.com\/blog\/2010\/10\/19\/las-redes-sociales-fomentan-el-espiritu-emprendedor\/"},"wordCount":342,"commentCount":1,"publisher":{"@id":"https:\/\/www.churbayportillo.com\/blog\/#organization"},"image":{"@id":"https:\/\/www.churbayportillo.com\/blog\/2010\/10\/19\/las-redes-sociales-fomentan-el-espiritu-emprendedor\/#primaryimage"},"thumbnailUrl":"https:\/\/screto.s3.amazonaws.com\/uploads\/2010\/10\/redes-sociales1.jpg","keywords":["comunicaci\u00f3n","Emprendedores","facebook","Negocios","redes sociales","sociedad de la informaci\u00f3n"],"articleSection":["Emprendedores"],"inLanguage":"es","potentialAction":[{"@type":"CommentAction","name":"Comment","target":["https:\/\/www.churbayportillo.com\/blog\/2010\/10\/19\/las-redes-sociales-fomentan-el-espiritu-emprendedor\/#respond"]}]},{"@type":"WebPage","@id":"https:\/\/www.churbayportillo.com\/blog\/2010\/10\/19\/las-redes-sociales-fomentan-el-espiritu-emprendedor\/","url":"https:\/\/www.churbayportillo.com\/blog\/2010\/10\/19\/las-redes-sociales-fomentan-el-espiritu-emprendedor\/","name":"Las redes sociales fomentan el esp\u00edritu emprendedor - El Secreto de las Pymes que crecen","isPartOf":{"@id":"https:\/\/www.churbayportillo.com\/blog\/#website"},"primaryImageOfPage":{"@id":"https:\/\/www.churbayportillo.com\/blog\/2010\/10\/19\/las-redes-sociales-fomentan-el-espiritu-emprendedor\/#primaryimage"},"image":{"@id":"https:\/\/www.churbayportillo.com\/blog\/2010\/10\/19\/las-redes-sociales-fomentan-el-espiritu-emprendedor\/#primaryimage"},"thumbnailUrl":"https:\/\/screto.s3.amazonaws.com\/uploads\/2010\/10\/redes-sociales1.jpg","datePublished":"2010-10-19T08:11:55+00:00","dateModified":"2022-06-02T08:29:12+00:00","breadcrumb":{"@id":"https:\/\/www.churbayportillo.com\/blog\/2010\/10\/19\/las-redes-sociales-fomentan-el-espiritu-emprendedor\/#breadcrumb"},"inLanguage":"es","potentialAction":[{"@type":"ReadAction","target":["https:\/\/www.churbayportillo.com\/blog\/2010\/10\/19\/las-redes-sociales-fomentan-el-espiritu-emprendedor\/"]}]},{"@type":"ImageObject","inLanguage":"es","@id":"https:\/\/www.churbayportillo.com\/blog\/2010\/10\/19\/las-redes-sociales-fomentan-el-espiritu-emprendedor\/#primaryimage","url":"https:\/\/screto.s3.amazonaws.com\/uploads\/2010\/10\/redes-sociales1.jpg","contentUrl":"https:\/\/screto.s3.amazonaws.com\/uploads\/2010\/10\/redes-sociales1.jpg"},{"@type":"BreadcrumbList","@id":"https:\/\/www.churbayportillo.com\/blog\/2010\/10\/19\/las-redes-sociales-fomentan-el-espiritu-emprendedor\/#breadcrumb","itemListElement":[{"@type":"ListItem","position":1,"name":"Portada","item":"https:\/\/www.churbayportillo.com\/blog\/"},{"@type":"ListItem","position":2,"name":"Las redes sociales fomentan el esp\u00edritu emprendedor"}]},{"@type":"WebSite","@id":"https:\/\/www.churbayportillo.com\/blog\/#website","url":"https:\/\/www.churbayportillo.com\/blog\/","name":"El Secreto de las Pymes que crecen","description":"Informaci\u00f3n y consejos para vender m\u00e1s","publisher":{"@id":"https:\/\/www.churbayportillo.com\/blog\/#organization"},"potentialAction":[{"@type":"SearchAction","target":{"@type":"EntryPoint","urlTemplate":"https:\/\/www.churbayportillo.com\/blog\/?s={search_term_string}"},"query-input":{"@type":"PropertyValueSpecification","valueRequired":true,"valueName":"search_term_string"}}],"inLanguage":"es"},{"@type":"Organization","@id":"https:\/\/www.churbayportillo.com\/blog\/#organization","name":"El Secreto de las Pymes que crecen","url":"https:\/\/www.churbayportillo.com\/blog\/","logo":{"@type":"ImageObject","inLanguage":"es","@id":"https:\/\/www.churbayportillo.com\/blog\/#\/schema\/logo\/image\/","url":"https:\/\/www.churbayportillo.com\/blog\/wp-content\/uploads\/2021\/12\/logo.png","contentUrl":"https:\/\/www.churbayportillo.com\/blog\/wp-content\/uploads\/2021\/12\/logo.png","width":599,"height":109,"caption":"El Secreto de las Pymes que crecen"},"image":{"@id":"https:\/\/www.churbayportillo.com\/blog\/#\/schema\/logo\/image\/"},"sameAs":["https:\/\/www.facebook.com\/churbayportillo","https:\/\/x.com\/elsecreto"]},{"@type":"Person","@id":"https:\/\/www.churbayportillo.com\/blog\/#\/schema\/person\/327f5e9fbcbeeb46bb1a6a1b69a3136b","name":"Jorge Churba","image":{"@type":"ImageObject","inLanguage":"es","@id":"https:\/\/secure.gravatar.com\/avatar\/c5f9205dc97a66e1143b707b76fe364da0a694698284e0bc4f5629e814e5ee66?s=96&d=mm&r=g","url":"https:\/\/secure.gravatar.com\/avatar\/c5f9205dc97a66e1143b707b76fe364da0a694698284e0bc4f5629e814e5ee66?s=96&d=mm&r=g","contentUrl":"https:\/\/secure.gravatar.com\/avatar\/c5f9205dc97a66e1143b707b76fe364da0a694698284e0bc4f5629e814e5ee66?s=96&d=mm&r=g","caption":"Jorge Churba"},"description":"Me comunico, luego existo. Autor del Diccionario Pr\u00e1ctico de Internet para Emprendedores. Fundador de Churba &amp; Portillo y trabajador en Internet. S\u00edgueme en Twitter","sameAs":["https:\/\/www.churbayportillo.com\/blog"],"url":"https:\/\/www.churbayportillo.com\/blog\/author\/jorge\/"}]}},"jetpack_publicize_connections":[],"jetpack_featured_media_url":"","jetpack-related-posts":[{"id":12020,"url":"https:\/\/www.churbayportillo.com\/blog\/2010\/12\/15\/el-ano-de-las-redes-sociales\/","url_meta":{"origin":11293,"position":0},"title":"El a\u00f1o de las redes sociales","author":"Jorge Churba","date":"15 diciembre 2010","format":false,"excerpt":"Al llegar el final de 2.010 son muchos los datos que indican que \u00e9ste ha sido el a\u00f1o de las redes sociales. La revista Time acaba de elegir como persona del a\u00f1o a Mark Elliot Zuckerberg, el creador de Facebook. Sus razones: Por conectar a 500 millones de personas y\u2026","rel":"","context":"En \u00abBranding\u00bb","block_context":{"text":"Branding","link":"https:\/\/www.churbayportillo.com\/blog\/category\/branding\/"},"img":{"alt_text":"Mark Zuckerberg","src":"https:\/\/i0.wp.com\/screto.s3.amazonaws.com\/uploads\/2010\/12\/Mark-Zuckerberg.jpg?resize=350%2C200&ssl=1","width":350,"height":200},"classes":[]},{"id":11160,"url":"https:\/\/www.churbayportillo.com\/blog\/2010\/10\/06\/no-abusaras-de-facebook\/","url_meta":{"origin":11293,"position":1},"title":"No abusar\u00e1s de Facebook","author":"Jorge Churba","date":"6 octubre 2010","format":false,"excerpt":"Mientras que muchas empresas ignoran las redes sociales y ni se plantean su presencia en ellas, otras se zambullen con tanto entusiasmo que acaban ahuyentando a a sus amigos en Facebook. La primera raz\u00f3n para perder amigos en Facebook es publicar con demasiada frecuencia informaciones que no son importantes, afirma\u2026","rel":"","context":"En \u00abBranding\u00bb","block_context":{"text":"Branding","link":"https:\/\/www.churbayportillo.com\/blog\/category\/branding\/"},"img":{"alt_text":"Facebook","src":"https:\/\/i0.wp.com\/screto.s3.amazonaws.com\/uploads\/2008\/12\/facebook.jpg?resize=350%2C200&ssl=1","width":350,"height":200},"classes":[]},{"id":9587,"url":"https:\/\/www.churbayportillo.com\/blog\/2010\/06\/10\/es-facebook-mas-importante-para-tu-negocio-que-google\/","url_meta":{"origin":11293,"position":2},"title":"\u00bfEs Facebook m\u00e1s importante para tu negocio que Google?","author":"Jorge Churba","date":"10 junio 2010","format":false,"excerpt":"Si quieres hacer negocios en Internet tienes que estar pendiente de los constantes cambios que se producen en la red. Y un cambio muy importante es la creciente importancia de Facebook, que podr\u00eda incluso eclipsar al mism\u00edsimo Google. En marzo, Facebook tuvo m\u00e1s tr\u00e1fico en los Estados Unidos que Google.\u2026","rel":"","context":"En \u00abBranding\u00bb","block_context":{"text":"Branding","link":"https:\/\/www.churbayportillo.com\/blog\/category\/branding\/"},"img":{"alt_text":"","src":"https:\/\/i0.wp.com\/screto.s3.amazonaws.com\/uploads\/2008\/12\/facebook.jpg?resize=350%2C200&ssl=1","width":350,"height":200},"classes":[]},{"id":11796,"url":"https:\/\/www.churbayportillo.com\/blog\/2010\/11\/25\/los-usuarios-de-las-redes-sociales-son-mejores-clientes\/","url_meta":{"origin":11293,"position":3},"title":"Los usuarios de las redes sociales son mejores clientes","author":"Jorge Churba","date":"25 noviembre 2010","format":false,"excerpt":"Informe redes sociales IAB Spain 2010 - Noviembre 2010 View more presentations from IAB Spain. Ya tenemos los resultados del II Estudio sobre Redes Sociales en Internet y ofrecen datos muy importantes para todas las empresas que se dediquen a los negocios en Internet. A bote pronto destacan algunos datos:\u2026","rel":"","context":"En \u00abBlogs\u00bb","block_context":{"text":"Blogs","link":"https:\/\/www.churbayportillo.com\/blog\/category\/blogs\/"},"img":{"alt_text":"","src":"","width":0,"height":0},"classes":[]},{"id":441,"url":"https:\/\/www.churbayportillo.com\/blog\/2008\/06\/19\/facebook-cuidado-con-las-extorsiones\/","url_meta":{"origin":11293,"position":4},"title":"Facebook: cuidado con las extorsiones","author":"Jorge Churba","date":"19 junio 2008","format":false,"excerpt":"Amanda Benavides recibi\u00f3 primero una amenaza. Despu\u00e9s, tanto ella como sus contactos recibieron un fotomontaje en el que Amanda aparec\u00eda cubierta de sangre. M\u00e1s tarde, los delincuentes se apropiaron de su cuenta de correo e iniciaron una campa\u00f1a de desprestigio contra ella. Finalmente le exigieron dinero para dejarla en paz.\u2026","rel":"","context":"En \u00abBlogs\u00bb","block_context":{"text":"Blogs","link":"https:\/\/www.churbayportillo.com\/blog\/category\/blogs\/"},"img":{"alt_text":"","src":"","width":0,"height":0},"classes":[]},{"id":21222,"url":"https:\/\/www.churbayportillo.com\/blog\/2013\/04\/08\/no-olvides-las-otras-redes-sociales\/","url_meta":{"origin":11293,"position":5},"title":"No olvides las otras redes sociales","author":"Jorge Churba","date":"8 abril 2013","format":false,"excerpt":"Hoy cuando hablamos de redes sociales, en general se da por sentado que nos referimos a Twitter, Facebook, Linkedin y otras. Sin embargo, como seres sociales que somos, desde nuestro nacimiento formamos parte de diversos grupos de personas. Familia, amigos, compa\u00f1eros de trabajo, de estudios, gente con la que disfrutamos\u2026","rel":"","context":"En \u00abEmprendedores\u00bb","block_context":{"text":"Emprendedores","link":"https:\/\/www.churbayportillo.com\/blog\/category\/emprendedores\/"},"img":{"alt_text":"Networking","src":"https:\/\/i0.wp.com\/www.churbayportillo.com\/blog\/wp-content\/uploads\/2013\/04\/networking.jpg?resize=350%2C200&ssl=1","width":350,"height":200},"classes":[]}],"jetpack_sharing_enabled":true,"_links":{"self":[{"href":"https:\/\/www.churbayportillo.com\/blog\/wp-json\/wp\/v2\/posts\/11293","targetHints":{"allow":["GET"]}}],"collection":[{"href":"https:\/\/www.churbayportillo.com\/blog\/wp-json\/wp\/v2\/posts"}],"about":[{"href":"https:\/\/www.churbayportillo.com\/blog\/wp-json\/wp\/v2\/types\/post"}],"author":[{"embeddable":true,"href":"https:\/\/www.churbayportillo.com\/blog\/wp-json\/wp\/v2\/users\/3"}],"replies":[{"embeddable":true,"href":"https:\/\/www.churbayportillo.com\/blog\/wp-json\/wp\/v2\/comments?post=11293"}],"version-history":[{"count":0,"href":"https:\/\/www.churbayportillo.com\/blog\/wp-json\/wp\/v2\/posts\/11293\/revisions"}],"wp:attachment":[{"href":"https:\/\/www.churbayportillo.com\/blog\/wp-json\/wp\/v2\/media?parent=11293"}],"wp:term":[{"taxonomy":"category","embeddable":true,"href":"https:\/\/www.churbayportillo.com\/blog\/wp-json\/wp\/v2\/categories?post=11293"},{"taxonomy":"post_tag","embeddable":true,"href":"https:\/\/www.churbayportillo.com\/blog\/wp-json\/wp\/v2\/tags?post=11293"}],"curies":[{"name":"wp","href":"https:\/\/api.w.org\/{rel}","templated":true}]}}