{"id":12020,"date":"2010-12-15T18:22:06","date_gmt":"2010-12-15T17:22:06","guid":{"rendered":"https:\/\/www.churbayportillo.com\/blog\/?p=12020"},"modified":"2022-06-02T10:30:05","modified_gmt":"2022-06-02T08:30:05","slug":"el-ano-de-las-redes-sociales","status":"publish","type":"post","link":"https:\/\/www.churbayportillo.com\/blog\/2010\/12\/15\/el-ano-de-las-redes-sociales\/","title":{"rendered":"El a\u00f1o de las redes sociales"},"content":{"rendered":"<p><img loading=\"lazy\" decoding=\"async\" class=\"aligncenter size-full wp-image-12029\" title=\"Mark Zuckerberg\" src=\"https:\/\/screto.s3.amazonaws.com\/uploads\/2010\/12\/Mark-Zuckerberg.jpg\" alt=\"Mark Zuckerberg\" width=\"450\" height=\"314\" srcset=\"https:\/\/www.churbayportillo.com\/blog\/wp-content\/uploads\/2010\/12\/Mark-Zuckerberg.jpg 450w, https:\/\/www.churbayportillo.com\/blog\/wp-content\/uploads\/2010\/12\/Mark-Zuckerberg-300x209.jpg 300w\" sizes=\"auto, (max-width: 450px) 100vw, 450px\" \/><\/p>\n<p>Al llegar el final de 2.010 son muchos los datos que indican que \u00e9ste ha sido el a\u00f1o de las <a title=\"Redes sociales en El Secreto\" href=\"https:\/\/www.churbayportillo.com\/blog\/tag\/redes-sociales\/\">redes sociales<\/a>. La revista Time acaba de elegir como persona del a\u00f1o a Mark Elliot Zuckerberg, el creador de <a title=\"Facebook en El Secreto\" href=\"https:\/\/www.churbayportillo.com\/blog\/tag\/facebook\/\">Facebook<\/a>. Sus razones:<!--more--><\/p>\n<p>Por conectar a 500 millones de personas y dar forma a las relaciones sociales entre ellos, por crear un nuevo sistema de intercambio de informaci\u00f3n y por cambiar la manera en que vivimos nuestras vidas.<\/p>\n<p>Poco antes, Google revel\u00f3 las <a title=\"Zeitgeist 2010: How the world searched \" href=\"https:\/\/www.google.com\/intl\/en\/press\/zeitgeist2010\/\">palabras m\u00e1s buscadas en 2.010<\/a> y entre la diez que han crecido m\u00e1s en todo el mundo, se encuentran <a title=\"Twitter en El Secreto\" href=\"https:\/\/www.churbayportillo.com\/blog\/tag\/twitter\/\">Twitter <\/a>y Facebook.<\/p>\n<p>Y <a title=\"Zeitgeist 2010: How the world searched Spain (Espa\u00f1a) \" href=\"https:\/\/www.google.com\/intl\/en\/press\/zeitgeist2010\/regions\/es.html\">en Espa\u00f1a<\/a>, Facebook y <a title=\"Tuenti en El Secreto\" href=\"https:\/\/www.churbayportillo.com\/blog\/tag\/tuenti\/\">Tuenti<\/a> fueron las m\u00e1s buscadas, mientras que Twitter se encuentra entre las emergentes.<\/p>\n<p>Algunas empresas espa\u00f1olas han comprendido la importancia de este fen\u00f3meno, sin embargo son probablemente muchas m\u00e1s las que ni siquiera se han planteado su participaci\u00f3n en las redes sociales.<\/p>\n<p>Quiz\u00e1 ahora comprendan que deben hacerlo.<\/p>\n<p>Si no lo hacen, estar\u00e1n dando importantes ventajas a sus competidores.<\/p>\n<p>Foto: Rapha\u00ebl Labb\u00e9\/Creative Commons.<\/p>\n","protected":false},"excerpt":{"rendered":"<p>Al llegar el final de 2.010 son muchos los datos que indican que \u00e9ste ha sido el a\u00f1o de las redes sociales. La revista Time acaba de elegir como persona del a\u00f1o a Mark Elliot &#8230; <a title=\"El a\u00f1o de las redes sociales\" class=\"read-more\" href=\"https:\/\/www.churbayportillo.com\/blog\/2010\/12\/15\/el-ano-de-las-redes-sociales\/\" aria-label=\"Leer m\u00e1s sobre El a\u00f1o de las redes sociales\">Leer m\u00e1s<\/a><\/p>\n","protected":false},"author":3,"featured_media":0,"comment_status":"open","ping_status":"open","sticky":false,"template":"","format":"standard","meta":{"_jetpack_memberships_contains_paid_content":false,"footnotes":"","jetpack_publicize_message":"","jetpack_publicize_feature_enabled":true,"jetpack_social_post_already_shared":false,"jetpack_social_options":{"image_generator_settings":{"template":"highway","default_image_id":0,"font":"","enabled":false},"version":2}},"categories":[2,9,10,11],"tags":[220,41,390,608,139],"class_list":["post-12020","post","type-post","status-publish","format-standard","hentry","category-branding","category-comercio-electronico","category-emprendedores","category-pymes","tag-facebook","tag-google","tag-redes-sociales","tag-tuenti","tag-twitter"],"yoast_head":"<!-- This site is optimized with the Yoast SEO plugin v27.2 - https:\/\/yoast.com\/product\/yoast-seo-wordpress\/ -->\n<title>El a\u00f1o de las redes sociales - El Secreto de las Pymes que crecen<\/title>\n<meta name=\"robots\" content=\"index, follow, max-snippet:-1, max-image-preview:large, max-video-preview:-1\" \/>\n<link rel=\"canonical\" href=\"https:\/\/www.churbayportillo.com\/blog\/2010\/12\/15\/el-ano-de-las-redes-sociales\/\" \/>\n<meta property=\"og:locale\" content=\"es_ES\" \/>\n<meta property=\"og:type\" content=\"article\" \/>\n<meta property=\"og:title\" content=\"El a\u00f1o de las redes sociales - El Secreto de las Pymes que crecen\" \/>\n<meta property=\"og:description\" content=\"Al llegar el final de 2.010 son muchos los datos que indican que \u00e9ste ha sido el a\u00f1o de las redes sociales. La revista Time acaba de elegir como persona del a\u00f1o a Mark Elliot ... Leer m\u00e1s\" \/>\n<meta property=\"og:url\" content=\"https:\/\/www.churbayportillo.com\/blog\/2010\/12\/15\/el-ano-de-las-redes-sociales\/\" \/>\n<meta property=\"og:site_name\" content=\"El Secreto de las Pymes que crecen\" \/>\n<meta property=\"article:publisher\" content=\"https:\/\/www.facebook.com\/churbayportillo\" \/>\n<meta property=\"article:published_time\" content=\"2010-12-15T17:22:06+00:00\" \/>\n<meta property=\"article:modified_time\" content=\"2022-06-02T08:30:05+00:00\" \/>\n<meta property=\"og:image\" content=\"https:\/\/screto.s3.amazonaws.com\/uploads\/2010\/12\/Mark-Zuckerberg.jpg\" \/>\n<meta name=\"author\" content=\"Jorge Churba\" \/>\n<meta name=\"twitter:card\" content=\"summary_large_image\" \/>\n<meta name=\"twitter:creator\" content=\"@elsecreto\" \/>\n<meta name=\"twitter:site\" content=\"@elsecreto\" \/>\n<meta name=\"twitter:label1\" content=\"Escrito por\" \/>\n\t<meta name=\"twitter:data1\" content=\"Jorge Churba\" \/>\n\t<meta name=\"twitter:label2\" content=\"Tiempo de lectura\" \/>\n\t<meta name=\"twitter:data2\" content=\"1 minuto\" \/>\n<script type=\"application\/ld+json\" class=\"yoast-schema-graph\">{\"@context\":\"https:\/\/schema.org\",\"@graph\":[{\"@type\":\"Article\",\"@id\":\"https:\/\/www.churbayportillo.com\/blog\/2010\/12\/15\/el-ano-de-las-redes-sociales\/#article\",\"isPartOf\":{\"@id\":\"https:\/\/www.churbayportillo.com\/blog\/2010\/12\/15\/el-ano-de-las-redes-sociales\/\"},\"author\":{\"name\":\"Jorge Churba\",\"@id\":\"https:\/\/www.churbayportillo.com\/blog\/#\/schema\/person\/327f5e9fbcbeeb46bb1a6a1b69a3136b\"},\"headline\":\"El a\u00f1o de las redes sociales\",\"datePublished\":\"2010-12-15T17:22:06+00:00\",\"dateModified\":\"2022-06-02T08:30:05+00:00\",\"mainEntityOfPage\":{\"@id\":\"https:\/\/www.churbayportillo.com\/blog\/2010\/12\/15\/el-ano-de-las-redes-sociales\/\"},\"wordCount\":190,\"commentCount\":1,\"publisher\":{\"@id\":\"https:\/\/www.churbayportillo.com\/blog\/#organization\"},\"image\":{\"@id\":\"https:\/\/www.churbayportillo.com\/blog\/2010\/12\/15\/el-ano-de-las-redes-sociales\/#primaryimage\"},\"thumbnailUrl\":\"https:\/\/screto.s3.amazonaws.com\/uploads\/2010\/12\/Mark-Zuckerberg.jpg\",\"keywords\":[\"facebook\",\"Google\",\"redes sociales\",\"Tuenti\",\"twitter\"],\"articleSection\":[\"Branding\",\"Comercio electr\u00f3nico\",\"Emprendedores\",\"Pymes\"],\"inLanguage\":\"es\",\"potentialAction\":[{\"@type\":\"CommentAction\",\"name\":\"Comment\",\"target\":[\"https:\/\/www.churbayportillo.com\/blog\/2010\/12\/15\/el-ano-de-las-redes-sociales\/#respond\"]}]},{\"@type\":\"WebPage\",\"@id\":\"https:\/\/www.churbayportillo.com\/blog\/2010\/12\/15\/el-ano-de-las-redes-sociales\/\",\"url\":\"https:\/\/www.churbayportillo.com\/blog\/2010\/12\/15\/el-ano-de-las-redes-sociales\/\",\"name\":\"El a\u00f1o de las redes sociales - El Secreto de las Pymes que crecen\",\"isPartOf\":{\"@id\":\"https:\/\/www.churbayportillo.com\/blog\/#website\"},\"primaryImageOfPage\":{\"@id\":\"https:\/\/www.churbayportillo.com\/blog\/2010\/12\/15\/el-ano-de-las-redes-sociales\/#primaryimage\"},\"image\":{\"@id\":\"https:\/\/www.churbayportillo.com\/blog\/2010\/12\/15\/el-ano-de-las-redes-sociales\/#primaryimage\"},\"thumbnailUrl\":\"https:\/\/screto.s3.amazonaws.com\/uploads\/2010\/12\/Mark-Zuckerberg.jpg\",\"datePublished\":\"2010-12-15T17:22:06+00:00\",\"dateModified\":\"2022-06-02T08:30:05+00:00\",\"breadcrumb\":{\"@id\":\"https:\/\/www.churbayportillo.com\/blog\/2010\/12\/15\/el-ano-de-las-redes-sociales\/#breadcrumb\"},\"inLanguage\":\"es\",\"potentialAction\":[{\"@type\":\"ReadAction\",\"target\":[\"https:\/\/www.churbayportillo.com\/blog\/2010\/12\/15\/el-ano-de-las-redes-sociales\/\"]}]},{\"@type\":\"ImageObject\",\"inLanguage\":\"es\",\"@id\":\"https:\/\/www.churbayportillo.com\/blog\/2010\/12\/15\/el-ano-de-las-redes-sociales\/#primaryimage\",\"url\":\"https:\/\/screto.s3.amazonaws.com\/uploads\/2010\/12\/Mark-Zuckerberg.jpg\",\"contentUrl\":\"https:\/\/screto.s3.amazonaws.com\/uploads\/2010\/12\/Mark-Zuckerberg.jpg\"},{\"@type\":\"BreadcrumbList\",\"@id\":\"https:\/\/www.churbayportillo.com\/blog\/2010\/12\/15\/el-ano-de-las-redes-sociales\/#breadcrumb\",\"itemListElement\":[{\"@type\":\"ListItem\",\"position\":1,\"name\":\"Portada\",\"item\":\"https:\/\/www.churbayportillo.com\/blog\/\"},{\"@type\":\"ListItem\",\"position\":2,\"name\":\"El a\u00f1o de las redes sociales\"}]},{\"@type\":\"WebSite\",\"@id\":\"https:\/\/www.churbayportillo.com\/blog\/#website\",\"url\":\"https:\/\/www.churbayportillo.com\/blog\/\",\"name\":\"El Secreto de las Pymes que crecen\",\"description\":\"Informaci\u00f3n y consejos para vender m\u00e1s\",\"publisher\":{\"@id\":\"https:\/\/www.churbayportillo.com\/blog\/#organization\"},\"potentialAction\":[{\"@type\":\"SearchAction\",\"target\":{\"@type\":\"EntryPoint\",\"urlTemplate\":\"https:\/\/www.churbayportillo.com\/blog\/?s={search_term_string}\"},\"query-input\":{\"@type\":\"PropertyValueSpecification\",\"valueRequired\":true,\"valueName\":\"search_term_string\"}}],\"inLanguage\":\"es\"},{\"@type\":\"Organization\",\"@id\":\"https:\/\/www.churbayportillo.com\/blog\/#organization\",\"name\":\"El Secreto de las Pymes que crecen\",\"url\":\"https:\/\/www.churbayportillo.com\/blog\/\",\"logo\":{\"@type\":\"ImageObject\",\"inLanguage\":\"es\",\"@id\":\"https:\/\/www.churbayportillo.com\/blog\/#\/schema\/logo\/image\/\",\"url\":\"https:\/\/www.churbayportillo.com\/blog\/wp-content\/uploads\/2021\/12\/logo.png\",\"contentUrl\":\"https:\/\/www.churbayportillo.com\/blog\/wp-content\/uploads\/2021\/12\/logo.png\",\"width\":599,\"height\":109,\"caption\":\"El Secreto de las Pymes que crecen\"},\"image\":{\"@id\":\"https:\/\/www.churbayportillo.com\/blog\/#\/schema\/logo\/image\/\"},\"sameAs\":[\"https:\/\/www.facebook.com\/churbayportillo\",\"https:\/\/x.com\/elsecreto\"]},{\"@type\":\"Person\",\"@id\":\"https:\/\/www.churbayportillo.com\/blog\/#\/schema\/person\/327f5e9fbcbeeb46bb1a6a1b69a3136b\",\"name\":\"Jorge Churba\",\"image\":{\"@type\":\"ImageObject\",\"inLanguage\":\"es\",\"@id\":\"https:\/\/secure.gravatar.com\/avatar\/c5f9205dc97a66e1143b707b76fe364da0a694698284e0bc4f5629e814e5ee66?s=96&d=mm&r=g\",\"url\":\"https:\/\/secure.gravatar.com\/avatar\/c5f9205dc97a66e1143b707b76fe364da0a694698284e0bc4f5629e814e5ee66?s=96&d=mm&r=g\",\"contentUrl\":\"https:\/\/secure.gravatar.com\/avatar\/c5f9205dc97a66e1143b707b76fe364da0a694698284e0bc4f5629e814e5ee66?s=96&d=mm&r=g\",\"caption\":\"Jorge Churba\"},\"description\":\"Me comunico, luego existo. Autor del Diccionario Pr\u00e1ctico de Internet para Emprendedores. Fundador de Churba &amp; Portillo y trabajador en Internet. S\u00edgueme en Twitter\",\"sameAs\":[\"https:\/\/www.churbayportillo.com\/blog\"],\"url\":\"https:\/\/www.churbayportillo.com\/blog\/author\/jorge\/\"}]}<\/script>\n<!-- \/ Yoast SEO plugin. -->","yoast_head_json":{"title":"El a\u00f1o de las redes sociales - El Secreto de las Pymes que crecen","robots":{"index":"index","follow":"follow","max-snippet":"max-snippet:-1","max-image-preview":"max-image-preview:large","max-video-preview":"max-video-preview:-1"},"canonical":"https:\/\/www.churbayportillo.com\/blog\/2010\/12\/15\/el-ano-de-las-redes-sociales\/","og_locale":"es_ES","og_type":"article","og_title":"El a\u00f1o de las redes sociales - El Secreto de las Pymes que crecen","og_description":"Al llegar el final de 2.010 son muchos los datos que indican que \u00e9ste ha sido el a\u00f1o de las redes sociales. La revista Time acaba de elegir como persona del a\u00f1o a Mark Elliot ... Leer m\u00e1s","og_url":"https:\/\/www.churbayportillo.com\/blog\/2010\/12\/15\/el-ano-de-las-redes-sociales\/","og_site_name":"El Secreto de las Pymes que crecen","article_publisher":"https:\/\/www.facebook.com\/churbayportillo","article_published_time":"2010-12-15T17:22:06+00:00","article_modified_time":"2022-06-02T08:30:05+00:00","og_image":[{"url":"https:\/\/screto.s3.amazonaws.com\/uploads\/2010\/12\/Mark-Zuckerberg.jpg","type":"","width":"","height":""}],"author":"Jorge Churba","twitter_card":"summary_large_image","twitter_creator":"@elsecreto","twitter_site":"@elsecreto","twitter_misc":{"Escrito por":"Jorge Churba","Tiempo de lectura":"1 minuto"},"schema":{"@context":"https:\/\/schema.org","@graph":[{"@type":"Article","@id":"https:\/\/www.churbayportillo.com\/blog\/2010\/12\/15\/el-ano-de-las-redes-sociales\/#article","isPartOf":{"@id":"https:\/\/www.churbayportillo.com\/blog\/2010\/12\/15\/el-ano-de-las-redes-sociales\/"},"author":{"name":"Jorge Churba","@id":"https:\/\/www.churbayportillo.com\/blog\/#\/schema\/person\/327f5e9fbcbeeb46bb1a6a1b69a3136b"},"headline":"El a\u00f1o de las redes sociales","datePublished":"2010-12-15T17:22:06+00:00","dateModified":"2022-06-02T08:30:05+00:00","mainEntityOfPage":{"@id":"https:\/\/www.churbayportillo.com\/blog\/2010\/12\/15\/el-ano-de-las-redes-sociales\/"},"wordCount":190,"commentCount":1,"publisher":{"@id":"https:\/\/www.churbayportillo.com\/blog\/#organization"},"image":{"@id":"https:\/\/www.churbayportillo.com\/blog\/2010\/12\/15\/el-ano-de-las-redes-sociales\/#primaryimage"},"thumbnailUrl":"https:\/\/screto.s3.amazonaws.com\/uploads\/2010\/12\/Mark-Zuckerberg.jpg","keywords":["facebook","Google","redes sociales","Tuenti","twitter"],"articleSection":["Branding","Comercio electr\u00f3nico","Emprendedores","Pymes"],"inLanguage":"es","potentialAction":[{"@type":"CommentAction","name":"Comment","target":["https:\/\/www.churbayportillo.com\/blog\/2010\/12\/15\/el-ano-de-las-redes-sociales\/#respond"]}]},{"@type":"WebPage","@id":"https:\/\/www.churbayportillo.com\/blog\/2010\/12\/15\/el-ano-de-las-redes-sociales\/","url":"https:\/\/www.churbayportillo.com\/blog\/2010\/12\/15\/el-ano-de-las-redes-sociales\/","name":"El a\u00f1o de las redes sociales - El Secreto de las Pymes que crecen","isPartOf":{"@id":"https:\/\/www.churbayportillo.com\/blog\/#website"},"primaryImageOfPage":{"@id":"https:\/\/www.churbayportillo.com\/blog\/2010\/12\/15\/el-ano-de-las-redes-sociales\/#primaryimage"},"image":{"@id":"https:\/\/www.churbayportillo.com\/blog\/2010\/12\/15\/el-ano-de-las-redes-sociales\/#primaryimage"},"thumbnailUrl":"https:\/\/screto.s3.amazonaws.com\/uploads\/2010\/12\/Mark-Zuckerberg.jpg","datePublished":"2010-12-15T17:22:06+00:00","dateModified":"2022-06-02T08:30:05+00:00","breadcrumb":{"@id":"https:\/\/www.churbayportillo.com\/blog\/2010\/12\/15\/el-ano-de-las-redes-sociales\/#breadcrumb"},"inLanguage":"es","potentialAction":[{"@type":"ReadAction","target":["https:\/\/www.churbayportillo.com\/blog\/2010\/12\/15\/el-ano-de-las-redes-sociales\/"]}]},{"@type":"ImageObject","inLanguage":"es","@id":"https:\/\/www.churbayportillo.com\/blog\/2010\/12\/15\/el-ano-de-las-redes-sociales\/#primaryimage","url":"https:\/\/screto.s3.amazonaws.com\/uploads\/2010\/12\/Mark-Zuckerberg.jpg","contentUrl":"https:\/\/screto.s3.amazonaws.com\/uploads\/2010\/12\/Mark-Zuckerberg.jpg"},{"@type":"BreadcrumbList","@id":"https:\/\/www.churbayportillo.com\/blog\/2010\/12\/15\/el-ano-de-las-redes-sociales\/#breadcrumb","itemListElement":[{"@type":"ListItem","position":1,"name":"Portada","item":"https:\/\/www.churbayportillo.com\/blog\/"},{"@type":"ListItem","position":2,"name":"El a\u00f1o de las redes sociales"}]},{"@type":"WebSite","@id":"https:\/\/www.churbayportillo.com\/blog\/#website","url":"https:\/\/www.churbayportillo.com\/blog\/","name":"El Secreto de las Pymes que crecen","description":"Informaci\u00f3n y consejos para vender m\u00e1s","publisher":{"@id":"https:\/\/www.churbayportillo.com\/blog\/#organization"},"potentialAction":[{"@type":"SearchAction","target":{"@type":"EntryPoint","urlTemplate":"https:\/\/www.churbayportillo.com\/blog\/?s={search_term_string}"},"query-input":{"@type":"PropertyValueSpecification","valueRequired":true,"valueName":"search_term_string"}}],"inLanguage":"es"},{"@type":"Organization","@id":"https:\/\/www.churbayportillo.com\/blog\/#organization","name":"El Secreto de las Pymes que crecen","url":"https:\/\/www.churbayportillo.com\/blog\/","logo":{"@type":"ImageObject","inLanguage":"es","@id":"https:\/\/www.churbayportillo.com\/blog\/#\/schema\/logo\/image\/","url":"https:\/\/www.churbayportillo.com\/blog\/wp-content\/uploads\/2021\/12\/logo.png","contentUrl":"https:\/\/www.churbayportillo.com\/blog\/wp-content\/uploads\/2021\/12\/logo.png","width":599,"height":109,"caption":"El Secreto de las Pymes que crecen"},"image":{"@id":"https:\/\/www.churbayportillo.com\/blog\/#\/schema\/logo\/image\/"},"sameAs":["https:\/\/www.facebook.com\/churbayportillo","https:\/\/x.com\/elsecreto"]},{"@type":"Person","@id":"https:\/\/www.churbayportillo.com\/blog\/#\/schema\/person\/327f5e9fbcbeeb46bb1a6a1b69a3136b","name":"Jorge Churba","image":{"@type":"ImageObject","inLanguage":"es","@id":"https:\/\/secure.gravatar.com\/avatar\/c5f9205dc97a66e1143b707b76fe364da0a694698284e0bc4f5629e814e5ee66?s=96&d=mm&r=g","url":"https:\/\/secure.gravatar.com\/avatar\/c5f9205dc97a66e1143b707b76fe364da0a694698284e0bc4f5629e814e5ee66?s=96&d=mm&r=g","contentUrl":"https:\/\/secure.gravatar.com\/avatar\/c5f9205dc97a66e1143b707b76fe364da0a694698284e0bc4f5629e814e5ee66?s=96&d=mm&r=g","caption":"Jorge Churba"},"description":"Me comunico, luego existo. Autor del Diccionario Pr\u00e1ctico de Internet para Emprendedores. Fundador de Churba &amp; Portillo y trabajador en Internet. S\u00edgueme en Twitter","sameAs":["https:\/\/www.churbayportillo.com\/blog"],"url":"https:\/\/www.churbayportillo.com\/blog\/author\/jorge\/"}]}},"jetpack_publicize_connections":[],"jetpack_featured_media_url":"","jetpack-related-posts":[{"id":9587,"url":"https:\/\/www.churbayportillo.com\/blog\/2010\/06\/10\/es-facebook-mas-importante-para-tu-negocio-que-google\/","url_meta":{"origin":12020,"position":0},"title":"\u00bfEs Facebook m\u00e1s importante para tu negocio que Google?","author":"Jorge Churba","date":"10 junio 2010","format":false,"excerpt":"Si quieres hacer negocios en Internet tienes que estar pendiente de los constantes cambios que se producen en la red. Y un cambio muy importante es la creciente importancia de Facebook, que podr\u00eda incluso eclipsar al mism\u00edsimo Google. En marzo, Facebook tuvo m\u00e1s tr\u00e1fico en los Estados Unidos que Google.\u2026","rel":"","context":"En \u00abBranding\u00bb","block_context":{"text":"Branding","link":"https:\/\/www.churbayportillo.com\/blog\/category\/branding\/"},"img":{"alt_text":"","src":"https:\/\/i0.wp.com\/screto.s3.amazonaws.com\/uploads\/2008\/12\/facebook.jpg?resize=350%2C200&ssl=1","width":350,"height":200},"classes":[]},{"id":11205,"url":"https:\/\/www.churbayportillo.com\/blog\/2010\/10\/11\/murcia-ayudas-para-la-creacion-de-contenidos-digitales\/","url_meta":{"origin":12020,"position":1},"title":"Murcia: ayudas para la creaci\u00f3n de contenidos digitales","author":"Jorge Churba","date":"11 octubre 2010","format":false,"excerpt":"Las organizaciones sin \u00e1nimo de lucro de la Regi\u00f3n de Murcia pueden solicitar, hasta el 18 de octubre de 2.010, ayudas para la creaci\u00f3n de contenidos digitales. El importe m\u00e1ximo que podr\u00e1 obtener cada solicitante es de 50.000\u20ac, que debe destinar a contenidos digitales en portales web regionales, redes sociales\u2026","rel":"","context":"En \u00abAyudas y subvenciones\u00bb","block_context":{"text":"Ayudas y subvenciones","link":"https:\/\/www.churbayportillo.com\/blog\/category\/ayudas-y-subvenciones\/"},"img":{"alt_text":"","src":"","width":0,"height":0},"classes":[]},{"id":9317,"url":"https:\/\/www.churbayportillo.com\/blog\/2010\/05\/21\/hasta-donde-llega-la-proteccion-de-datos\/","url_meta":{"origin":12020,"position":2},"title":"\u00bfHasta d\u00f3nde llega la protecci\u00f3n de datos?","author":"Jorge Churba","date":"21 mayo 2010","format":false,"excerpt":"Mientras Espa\u00f1a y otros pa\u00edses europeos est\u00e1n investigando si Google vulner\u00f3 la normativa al obtener\u00a0 datos de redes wifi con los mismos coches usados para hacer fotos para Street View, el Wall Street Journal informa que Facebook, MySpace y otras redes sociales est\u00e1n pasando datos personales a empresas de publicidad.\u2026","rel":"","context":"En \u00abComercio electr\u00f3nico\u00bb","block_context":{"text":"Comercio electr\u00f3nico","link":"https:\/\/www.churbayportillo.com\/blog\/category\/comercio-electronico\/"},"img":{"alt_text":"","src":"https:\/\/i0.wp.com\/screto.s3.amazonaws.com\/uploads\/2010\/05\/seguridad-Internet.jpg?resize=350%2C200&ssl=1","width":350,"height":200},"classes":[]},{"id":24665,"url":"https:\/\/www.churbayportillo.com\/blog\/2015\/02\/05\/internet-en-espana-en-cuatro-graficos\/","url_meta":{"origin":12020,"position":3},"title":"Internet en Espa\u00f1a en cuatro gr\u00e1ficos","author":"Jorge Churba","date":"5 febrero 2015","format":false,"excerpt":"Echa\u00a0un vistazo y descubre informaci\u00f3n fundamental sobre c\u00f3mo usamos Internet en Espa\u00f1a que te ser\u00e1 muy \u00fatil para tu negocio. Navegadores: Chrome gana Aplastante superioridad de Chrome, que gana cada vez m\u00e1s usuarios, como puedes ver en el primer gr\u00e1fico. Firefox se coloca en segunda posici\u00f3n a gran distancia. Buscadores:\u2026","rel":"","context":"En \u00abComercio electr\u00f3nico\u00bb","block_context":{"text":"Comercio electr\u00f3nico","link":"https:\/\/www.churbayportillo.com\/blog\/category\/comercio-electronico\/"},"img":{"alt_text":"Redes sociales m\u00e1s populares en Espa\u00f1a (m\u00f3vil)","src":"https:\/\/i0.wp.com\/www.churbayportillo.com\/blog\/wp-content\/uploads\/2015\/02\/SocialMediaMovil.jpg?resize=350%2C200&ssl=1","width":350,"height":200,"srcset":"https:\/\/i0.wp.com\/www.churbayportillo.com\/blog\/wp-content\/uploads\/2015\/02\/SocialMediaMovil.jpg?resize=350%2C200&ssl=1 1x, https:\/\/i0.wp.com\/www.churbayportillo.com\/blog\/wp-content\/uploads\/2015\/02\/SocialMediaMovil.jpg?resize=525%2C300&ssl=1 1.5x, https:\/\/i0.wp.com\/www.churbayportillo.com\/blog\/wp-content\/uploads\/2015\/02\/SocialMediaMovil.jpg?resize=700%2C400&ssl=1 2x"},"classes":[]},{"id":19330,"url":"https:\/\/www.churbayportillo.com\/blog\/2012\/10\/11\/confirman-que-el-e-mail-marketing-es-mas-rentable-que-las-redes-sociales\/","url_meta":{"origin":12020,"position":4},"title":"Confirman que el e-mail marketing es m\u00e1s rentable que las redes sociales","author":"Jorge Churba","date":"11 octubre 2012","format":false,"excerpt":"Un nuevo estudio confirma que resulta m\u00e1s rentable promocionar productos y servicios a trav\u00e9s del correo electr\u00f3nico que hacerlo en Facebook o Twitter. Hace poco coment\u00e1bamos que un estudio que revelaba que la conversi\u00f3n lograda mediante bolet\u00ednes electr\u00f3nicos superaba ampliamente a la conseguida en las redes sociales. Ahora Open Forum,\u2026","rel":"","context":"En \u00abComercio electr\u00f3nico\u00bb","block_context":{"text":"Comercio electr\u00f3nico","link":"https:\/\/www.churbayportillo.com\/blog\/category\/comercio-electronico\/"},"img":{"alt_text":"Correo","src":"https:\/\/i0.wp.com\/screto.s3.amazonaws.com\/uploads\/2012\/10\/correo.jpg?resize=350%2C200&ssl=1","width":350,"height":200},"classes":[]},{"id":16617,"url":"https:\/\/www.churbayportillo.com\/blog\/2012\/02\/28\/redes-sociales-olvidate-de-planes-y-lanzate\/","url_meta":{"origin":12020,"position":5},"title":"Redes sociales: olv\u00eddate de planes y l\u00e1nzate","author":"Jorge Churba","date":"28 febrero 2012","format":false,"excerpt":"Algunos autodenominados gur\u00fas aconsejan contratarlos para crear un plan antes de usar las redes sociales. Nuestra experta, Angeles Portillo o @zanguanga siempre ha pensado que hay que lanzarse a las redes sociales sin plan y ahora Guy Kawasaki, gur\u00fa entre los gur\u00fas, le da la raz\u00f3n. Esto es parte de\u2026","rel":"","context":"En \u00abBranding\u00bb","block_context":{"text":"Branding","link":"https:\/\/www.churbayportillo.com\/blog\/category\/branding\/"},"img":{"alt_text":"Guy Kawasaki","src":"https:\/\/i0.wp.com\/screto.s3.amazonaws.com\/uploads\/2010\/12\/GuyKawasaki.jpg?resize=350%2C200&ssl=1","width":350,"height":200},"classes":[]}],"jetpack_sharing_enabled":true,"_links":{"self":[{"href":"https:\/\/www.churbayportillo.com\/blog\/wp-json\/wp\/v2\/posts\/12020","targetHints":{"allow":["GET"]}}],"collection":[{"href":"https:\/\/www.churbayportillo.com\/blog\/wp-json\/wp\/v2\/posts"}],"about":[{"href":"https:\/\/www.churbayportillo.com\/blog\/wp-json\/wp\/v2\/types\/post"}],"author":[{"embeddable":true,"href":"https:\/\/www.churbayportillo.com\/blog\/wp-json\/wp\/v2\/users\/3"}],"replies":[{"embeddable":true,"href":"https:\/\/www.churbayportillo.com\/blog\/wp-json\/wp\/v2\/comments?post=12020"}],"version-history":[{"count":0,"href":"https:\/\/www.churbayportillo.com\/blog\/wp-json\/wp\/v2\/posts\/12020\/revisions"}],"wp:attachment":[{"href":"https:\/\/www.churbayportillo.com\/blog\/wp-json\/wp\/v2\/media?parent=12020"}],"wp:term":[{"taxonomy":"category","embeddable":true,"href":"https:\/\/www.churbayportillo.com\/blog\/wp-json\/wp\/v2\/categories?post=12020"},{"taxonomy":"post_tag","embeddable":true,"href":"https:\/\/www.churbayportillo.com\/blog\/wp-json\/wp\/v2\/tags?post=12020"}],"curies":[{"name":"wp","href":"https:\/\/api.w.org\/{rel}","templated":true}]}}