{"id":12156,"date":"2010-12-28T13:06:27","date_gmt":"2010-12-28T12:06:27","guid":{"rendered":"https:\/\/www.churbayportillo.com\/blog\/?p=12156"},"modified":"2010-12-28T19:16:57","modified_gmt":"2010-12-28T18:16:57","slug":"urgente-plan-europeo-de-rescate-de-las-pequenas-empresas","status":"publish","type":"post","link":"https:\/\/www.churbayportillo.com\/blog\/2010\/12\/28\/urgente-plan-europeo-de-rescate-de-las-pequenas-empresas\/","title":{"rendered":"Urgente: Plan europeo de rescate de las peque\u00f1as empresas"},"content":{"rendered":"<p><img loading=\"lazy\" decoding=\"async\" class=\"aligncenter size-full wp-image-12160\" title=\"Rescate\" src=\"https:\/\/screto.s3.amazonaws.com\/uploads\/2010\/12\/rescate.jpg\" alt=\"Rescate\" width=\"450\" height=\"226\" srcset=\"https:\/\/www.churbayportillo.com\/blog\/wp-content\/uploads\/2010\/12\/rescate.jpg 450w, https:\/\/www.churbayportillo.com\/blog\/wp-content\/uploads\/2010\/12\/rescate-300x150.jpg 300w\" sizes=\"auto, (max-width: 450px) 100vw, 450px\" \/><\/p>\n<p>La Uni\u00f3n Europea ha anulado cualquier plan de rescate de los bancos y en su lugar ha hecho suyo el Plan de Rescate de las Peque\u00f1as Empresas propuesto personalmente por el presidente del gobierno espa\u00f1ol, Jos\u00e9 Luis Rodr\u00edguez Zapatero.<!--more--><\/p>\n<p>El plan, que comenzar\u00e1 a aplicarse en 2011, incluye la exenci\u00f3n de todo tipo de impuestos a las peque\u00f1as y medianas empresas europeas durante cinco a\u00f1os.<\/p>\n<p>Adem\u00e1s, las pymes europeas recibir\u00e1n ayudas de hasta 6.000\u20ac por la contrataci\u00f3n de nuevos trabajadores.<\/p>\n<p>Habr\u00e1 tambi\u00e9n nuevas ayudas espec\u00edficas para la aplicaci\u00f3n de nuevas tecnolog\u00edas y para el fomento del comercio electr\u00f3nico.<\/p>\n<p>Hoy, 28 de diciembre de 2010, Zapatero dirigir\u00e1 un mensaje al pa\u00eds para explicar el alcance de estas medidas.<\/p>\n<p><a href=\"https:\/\/screto.s3.amazonaws.com\/uploads\/2010\/12\/inocente.jpg\" target=\"_blank\">M\u00e1s informaci\u00f3n<\/a><\/p>\n","protected":false},"excerpt":{"rendered":"<p>La Uni\u00f3n Europea ha anulado cualquier plan de rescate de los bancos y en su lugar ha hecho suyo el Plan de Rescate de las Peque\u00f1as Empresas propuesto personalmente por el presidente del gobierno espa\u00f1ol, &#8230; <a title=\"Urgente: Plan europeo de rescate de las peque\u00f1as empresas\" class=\"read-more\" href=\"https:\/\/www.churbayportillo.com\/blog\/2010\/12\/28\/urgente-plan-europeo-de-rescate-de-las-pequenas-empresas\/\" aria-label=\"Leer m\u00e1s sobre Urgente: Plan europeo de rescate de las peque\u00f1as empresas\">Leer m\u00e1s<\/a><\/p>\n","protected":false},"author":3,"featured_media":0,"comment_status":"open","ping_status":"open","sticky":false,"template":"","format":"standard","meta":{"_jetpack_memberships_contains_paid_content":false,"footnotes":"","jetpack_publicize_message":"","jetpack_publicize_feature_enabled":true,"jetpack_social_post_already_shared":false,"jetpack_social_options":{"image_generator_settings":{"template":"highway","default_image_id":0,"font":"","enabled":false},"version":2}},"categories":[4,11],"tags":[327,993],"class_list":["post-12156","post","type-post","status-publish","format-standard","hentry","category-ayudas-y-subvenciones","category-pymes","tag-nuevas-tecnologias","tag-pymes"],"yoast_head":"<!-- This site is optimized with the Yoast SEO plugin v27.2 - https:\/\/yoast.com\/product\/yoast-seo-wordpress\/ -->\n<title>Urgente: Plan europeo de rescate de las peque\u00f1as empresas - El Secreto de las Pymes que crecen<\/title>\n<meta name=\"robots\" content=\"index, follow, max-snippet:-1, max-image-preview:large, max-video-preview:-1\" \/>\n<link rel=\"canonical\" href=\"https:\/\/www.churbayportillo.com\/blog\/2010\/12\/28\/urgente-plan-europeo-de-rescate-de-las-pequenas-empresas\/\" \/>\n<meta property=\"og:locale\" content=\"es_ES\" \/>\n<meta property=\"og:type\" content=\"article\" \/>\n<meta property=\"og:title\" content=\"Urgente: Plan europeo de rescate de las peque\u00f1as empresas - El Secreto de las Pymes que crecen\" \/>\n<meta property=\"og:description\" content=\"La Uni\u00f3n Europea ha anulado cualquier plan de rescate de los bancos y en su lugar ha hecho suyo el Plan de Rescate de las Peque\u00f1as Empresas propuesto personalmente por el presidente del gobierno espa\u00f1ol, ... Leer m\u00e1s\" \/>\n<meta property=\"og:url\" content=\"https:\/\/www.churbayportillo.com\/blog\/2010\/12\/28\/urgente-plan-europeo-de-rescate-de-las-pequenas-empresas\/\" \/>\n<meta property=\"og:site_name\" content=\"El Secreto de las Pymes que crecen\" \/>\n<meta property=\"article:publisher\" content=\"https:\/\/www.facebook.com\/churbayportillo\" \/>\n<meta property=\"article:published_time\" content=\"2010-12-28T12:06:27+00:00\" \/>\n<meta property=\"article:modified_time\" content=\"2010-12-28T18:16:57+00:00\" \/>\n<meta property=\"og:image\" content=\"https:\/\/screto.s3.amazonaws.com\/uploads\/2010\/12\/rescate.jpg\" \/>\n<meta name=\"author\" content=\"Jorge Churba\" \/>\n<meta name=\"twitter:card\" content=\"summary_large_image\" \/>\n<meta name=\"twitter:creator\" content=\"@elsecreto\" \/>\n<meta name=\"twitter:site\" content=\"@elsecreto\" \/>\n<meta name=\"twitter:label1\" content=\"Escrito por\" \/>\n\t<meta name=\"twitter:data1\" content=\"Jorge Churba\" \/>\n\t<meta name=\"twitter:label2\" content=\"Tiempo de lectura\" \/>\n\t<meta name=\"twitter:data2\" content=\"1 minuto\" \/>\n<script type=\"application\/ld+json\" class=\"yoast-schema-graph\">{\"@context\":\"https:\/\/schema.org\",\"@graph\":[{\"@type\":\"Article\",\"@id\":\"https:\/\/www.churbayportillo.com\/blog\/2010\/12\/28\/urgente-plan-europeo-de-rescate-de-las-pequenas-empresas\/#article\",\"isPartOf\":{\"@id\":\"https:\/\/www.churbayportillo.com\/blog\/2010\/12\/28\/urgente-plan-europeo-de-rescate-de-las-pequenas-empresas\/\"},\"author\":{\"name\":\"Jorge Churba\",\"@id\":\"https:\/\/www.churbayportillo.com\/blog\/#\/schema\/person\/327f5e9fbcbeeb46bb1a6a1b69a3136b\"},\"headline\":\"Urgente: Plan europeo de rescate de las peque\u00f1as empresas\",\"datePublished\":\"2010-12-28T12:06:27+00:00\",\"dateModified\":\"2010-12-28T18:16:57+00:00\",\"mainEntityOfPage\":{\"@id\":\"https:\/\/www.churbayportillo.com\/blog\/2010\/12\/28\/urgente-plan-europeo-de-rescate-de-las-pequenas-empresas\/\"},\"wordCount\":143,\"commentCount\":3,\"publisher\":{\"@id\":\"https:\/\/www.churbayportillo.com\/blog\/#organization\"},\"image\":{\"@id\":\"https:\/\/www.churbayportillo.com\/blog\/2010\/12\/28\/urgente-plan-europeo-de-rescate-de-las-pequenas-empresas\/#primaryimage\"},\"thumbnailUrl\":\"https:\/\/screto.s3.amazonaws.com\/uploads\/2010\/12\/rescate.jpg\",\"keywords\":[\"nuevas tecnolog\u00edas\",\"Pymes\"],\"articleSection\":[\"Ayudas y subvenciones\",\"Pymes\"],\"inLanguage\":\"es\",\"potentialAction\":[{\"@type\":\"CommentAction\",\"name\":\"Comment\",\"target\":[\"https:\/\/www.churbayportillo.com\/blog\/2010\/12\/28\/urgente-plan-europeo-de-rescate-de-las-pequenas-empresas\/#respond\"]}]},{\"@type\":\"WebPage\",\"@id\":\"https:\/\/www.churbayportillo.com\/blog\/2010\/12\/28\/urgente-plan-europeo-de-rescate-de-las-pequenas-empresas\/\",\"url\":\"https:\/\/www.churbayportillo.com\/blog\/2010\/12\/28\/urgente-plan-europeo-de-rescate-de-las-pequenas-empresas\/\",\"name\":\"Urgente: Plan europeo de rescate de las peque\u00f1as empresas - El Secreto de las Pymes que crecen\",\"isPartOf\":{\"@id\":\"https:\/\/www.churbayportillo.com\/blog\/#website\"},\"primaryImageOfPage\":{\"@id\":\"https:\/\/www.churbayportillo.com\/blog\/2010\/12\/28\/urgente-plan-europeo-de-rescate-de-las-pequenas-empresas\/#primaryimage\"},\"image\":{\"@id\":\"https:\/\/www.churbayportillo.com\/blog\/2010\/12\/28\/urgente-plan-europeo-de-rescate-de-las-pequenas-empresas\/#primaryimage\"},\"thumbnailUrl\":\"https:\/\/screto.s3.amazonaws.com\/uploads\/2010\/12\/rescate.jpg\",\"datePublished\":\"2010-12-28T12:06:27+00:00\",\"dateModified\":\"2010-12-28T18:16:57+00:00\",\"breadcrumb\":{\"@id\":\"https:\/\/www.churbayportillo.com\/blog\/2010\/12\/28\/urgente-plan-europeo-de-rescate-de-las-pequenas-empresas\/#breadcrumb\"},\"inLanguage\":\"es\",\"potentialAction\":[{\"@type\":\"ReadAction\",\"target\":[\"https:\/\/www.churbayportillo.com\/blog\/2010\/12\/28\/urgente-plan-europeo-de-rescate-de-las-pequenas-empresas\/\"]}]},{\"@type\":\"ImageObject\",\"inLanguage\":\"es\",\"@id\":\"https:\/\/www.churbayportillo.com\/blog\/2010\/12\/28\/urgente-plan-europeo-de-rescate-de-las-pequenas-empresas\/#primaryimage\",\"url\":\"https:\/\/screto.s3.amazonaws.com\/uploads\/2010\/12\/rescate.jpg\",\"contentUrl\":\"https:\/\/screto.s3.amazonaws.com\/uploads\/2010\/12\/rescate.jpg\"},{\"@type\":\"BreadcrumbList\",\"@id\":\"https:\/\/www.churbayportillo.com\/blog\/2010\/12\/28\/urgente-plan-europeo-de-rescate-de-las-pequenas-empresas\/#breadcrumb\",\"itemListElement\":[{\"@type\":\"ListItem\",\"position\":1,\"name\":\"Portada\",\"item\":\"https:\/\/www.churbayportillo.com\/blog\/\"},{\"@type\":\"ListItem\",\"position\":2,\"name\":\"Urgente: Plan europeo de rescate de las peque\u00f1as empresas\"}]},{\"@type\":\"WebSite\",\"@id\":\"https:\/\/www.churbayportillo.com\/blog\/#website\",\"url\":\"https:\/\/www.churbayportillo.com\/blog\/\",\"name\":\"El Secreto de las Pymes que crecen\",\"description\":\"Informaci\u00f3n y consejos para vender m\u00e1s\",\"publisher\":{\"@id\":\"https:\/\/www.churbayportillo.com\/blog\/#organization\"},\"potentialAction\":[{\"@type\":\"SearchAction\",\"target\":{\"@type\":\"EntryPoint\",\"urlTemplate\":\"https:\/\/www.churbayportillo.com\/blog\/?s={search_term_string}\"},\"query-input\":{\"@type\":\"PropertyValueSpecification\",\"valueRequired\":true,\"valueName\":\"search_term_string\"}}],\"inLanguage\":\"es\"},{\"@type\":\"Organization\",\"@id\":\"https:\/\/www.churbayportillo.com\/blog\/#organization\",\"name\":\"El Secreto de las Pymes que crecen\",\"url\":\"https:\/\/www.churbayportillo.com\/blog\/\",\"logo\":{\"@type\":\"ImageObject\",\"inLanguage\":\"es\",\"@id\":\"https:\/\/www.churbayportillo.com\/blog\/#\/schema\/logo\/image\/\",\"url\":\"https:\/\/www.churbayportillo.com\/blog\/wp-content\/uploads\/2021\/12\/logo.png\",\"contentUrl\":\"https:\/\/www.churbayportillo.com\/blog\/wp-content\/uploads\/2021\/12\/logo.png\",\"width\":599,\"height\":109,\"caption\":\"El Secreto de las Pymes que crecen\"},\"image\":{\"@id\":\"https:\/\/www.churbayportillo.com\/blog\/#\/schema\/logo\/image\/\"},\"sameAs\":[\"https:\/\/www.facebook.com\/churbayportillo\",\"https:\/\/x.com\/elsecreto\"]},{\"@type\":\"Person\",\"@id\":\"https:\/\/www.churbayportillo.com\/blog\/#\/schema\/person\/327f5e9fbcbeeb46bb1a6a1b69a3136b\",\"name\":\"Jorge Churba\",\"image\":{\"@type\":\"ImageObject\",\"inLanguage\":\"es\",\"@id\":\"https:\/\/secure.gravatar.com\/avatar\/c5f9205dc97a66e1143b707b76fe364da0a694698284e0bc4f5629e814e5ee66?s=96&d=mm&r=g\",\"url\":\"https:\/\/secure.gravatar.com\/avatar\/c5f9205dc97a66e1143b707b76fe364da0a694698284e0bc4f5629e814e5ee66?s=96&d=mm&r=g\",\"contentUrl\":\"https:\/\/secure.gravatar.com\/avatar\/c5f9205dc97a66e1143b707b76fe364da0a694698284e0bc4f5629e814e5ee66?s=96&d=mm&r=g\",\"caption\":\"Jorge Churba\"},\"description\":\"Me comunico, luego existo. Autor del Diccionario Pr\u00e1ctico de Internet para Emprendedores. Fundador de Churba &amp; Portillo y trabajador en Internet. S\u00edgueme en Twitter\",\"sameAs\":[\"https:\/\/www.churbayportillo.com\/blog\"],\"url\":\"https:\/\/www.churbayportillo.com\/blog\/author\/jorge\/\"}]}<\/script>\n<!-- \/ Yoast SEO plugin. -->","yoast_head_json":{"title":"Urgente: Plan europeo de rescate de las peque\u00f1as empresas - El Secreto de las Pymes que crecen","robots":{"index":"index","follow":"follow","max-snippet":"max-snippet:-1","max-image-preview":"max-image-preview:large","max-video-preview":"max-video-preview:-1"},"canonical":"https:\/\/www.churbayportillo.com\/blog\/2010\/12\/28\/urgente-plan-europeo-de-rescate-de-las-pequenas-empresas\/","og_locale":"es_ES","og_type":"article","og_title":"Urgente: Plan europeo de rescate de las peque\u00f1as empresas - El Secreto de las Pymes que crecen","og_description":"La Uni\u00f3n Europea ha anulado cualquier plan de rescate de los bancos y en su lugar ha hecho suyo el Plan de Rescate de las Peque\u00f1as Empresas propuesto personalmente por el presidente del gobierno espa\u00f1ol, ... Leer m\u00e1s","og_url":"https:\/\/www.churbayportillo.com\/blog\/2010\/12\/28\/urgente-plan-europeo-de-rescate-de-las-pequenas-empresas\/","og_site_name":"El Secreto de las Pymes que crecen","article_publisher":"https:\/\/www.facebook.com\/churbayportillo","article_published_time":"2010-12-28T12:06:27+00:00","article_modified_time":"2010-12-28T18:16:57+00:00","og_image":[{"url":"https:\/\/screto.s3.amazonaws.com\/uploads\/2010\/12\/rescate.jpg","type":"","width":"","height":""}],"author":"Jorge Churba","twitter_card":"summary_large_image","twitter_creator":"@elsecreto","twitter_site":"@elsecreto","twitter_misc":{"Escrito por":"Jorge Churba","Tiempo de lectura":"1 minuto"},"schema":{"@context":"https:\/\/schema.org","@graph":[{"@type":"Article","@id":"https:\/\/www.churbayportillo.com\/blog\/2010\/12\/28\/urgente-plan-europeo-de-rescate-de-las-pequenas-empresas\/#article","isPartOf":{"@id":"https:\/\/www.churbayportillo.com\/blog\/2010\/12\/28\/urgente-plan-europeo-de-rescate-de-las-pequenas-empresas\/"},"author":{"name":"Jorge Churba","@id":"https:\/\/www.churbayportillo.com\/blog\/#\/schema\/person\/327f5e9fbcbeeb46bb1a6a1b69a3136b"},"headline":"Urgente: Plan europeo de rescate de las peque\u00f1as empresas","datePublished":"2010-12-28T12:06:27+00:00","dateModified":"2010-12-28T18:16:57+00:00","mainEntityOfPage":{"@id":"https:\/\/www.churbayportillo.com\/blog\/2010\/12\/28\/urgente-plan-europeo-de-rescate-de-las-pequenas-empresas\/"},"wordCount":143,"commentCount":3,"publisher":{"@id":"https:\/\/www.churbayportillo.com\/blog\/#organization"},"image":{"@id":"https:\/\/www.churbayportillo.com\/blog\/2010\/12\/28\/urgente-plan-europeo-de-rescate-de-las-pequenas-empresas\/#primaryimage"},"thumbnailUrl":"https:\/\/screto.s3.amazonaws.com\/uploads\/2010\/12\/rescate.jpg","keywords":["nuevas tecnolog\u00edas","Pymes"],"articleSection":["Ayudas y subvenciones","Pymes"],"inLanguage":"es","potentialAction":[{"@type":"CommentAction","name":"Comment","target":["https:\/\/www.churbayportillo.com\/blog\/2010\/12\/28\/urgente-plan-europeo-de-rescate-de-las-pequenas-empresas\/#respond"]}]},{"@type":"WebPage","@id":"https:\/\/www.churbayportillo.com\/blog\/2010\/12\/28\/urgente-plan-europeo-de-rescate-de-las-pequenas-empresas\/","url":"https:\/\/www.churbayportillo.com\/blog\/2010\/12\/28\/urgente-plan-europeo-de-rescate-de-las-pequenas-empresas\/","name":"Urgente: Plan europeo de rescate de las peque\u00f1as empresas - El Secreto de las Pymes que crecen","isPartOf":{"@id":"https:\/\/www.churbayportillo.com\/blog\/#website"},"primaryImageOfPage":{"@id":"https:\/\/www.churbayportillo.com\/blog\/2010\/12\/28\/urgente-plan-europeo-de-rescate-de-las-pequenas-empresas\/#primaryimage"},"image":{"@id":"https:\/\/www.churbayportillo.com\/blog\/2010\/12\/28\/urgente-plan-europeo-de-rescate-de-las-pequenas-empresas\/#primaryimage"},"thumbnailUrl":"https:\/\/screto.s3.amazonaws.com\/uploads\/2010\/12\/rescate.jpg","datePublished":"2010-12-28T12:06:27+00:00","dateModified":"2010-12-28T18:16:57+00:00","breadcrumb":{"@id":"https:\/\/www.churbayportillo.com\/blog\/2010\/12\/28\/urgente-plan-europeo-de-rescate-de-las-pequenas-empresas\/#breadcrumb"},"inLanguage":"es","potentialAction":[{"@type":"ReadAction","target":["https:\/\/www.churbayportillo.com\/blog\/2010\/12\/28\/urgente-plan-europeo-de-rescate-de-las-pequenas-empresas\/"]}]},{"@type":"ImageObject","inLanguage":"es","@id":"https:\/\/www.churbayportillo.com\/blog\/2010\/12\/28\/urgente-plan-europeo-de-rescate-de-las-pequenas-empresas\/#primaryimage","url":"https:\/\/screto.s3.amazonaws.com\/uploads\/2010\/12\/rescate.jpg","contentUrl":"https:\/\/screto.s3.amazonaws.com\/uploads\/2010\/12\/rescate.jpg"},{"@type":"BreadcrumbList","@id":"https:\/\/www.churbayportillo.com\/blog\/2010\/12\/28\/urgente-plan-europeo-de-rescate-de-las-pequenas-empresas\/#breadcrumb","itemListElement":[{"@type":"ListItem","position":1,"name":"Portada","item":"https:\/\/www.churbayportillo.com\/blog\/"},{"@type":"ListItem","position":2,"name":"Urgente: Plan europeo de rescate de las peque\u00f1as empresas"}]},{"@type":"WebSite","@id":"https:\/\/www.churbayportillo.com\/blog\/#website","url":"https:\/\/www.churbayportillo.com\/blog\/","name":"El Secreto de las Pymes que crecen","description":"Informaci\u00f3n y consejos para vender m\u00e1s","publisher":{"@id":"https:\/\/www.churbayportillo.com\/blog\/#organization"},"potentialAction":[{"@type":"SearchAction","target":{"@type":"EntryPoint","urlTemplate":"https:\/\/www.churbayportillo.com\/blog\/?s={search_term_string}"},"query-input":{"@type":"PropertyValueSpecification","valueRequired":true,"valueName":"search_term_string"}}],"inLanguage":"es"},{"@type":"Organization","@id":"https:\/\/www.churbayportillo.com\/blog\/#organization","name":"El Secreto de las Pymes que crecen","url":"https:\/\/www.churbayportillo.com\/blog\/","logo":{"@type":"ImageObject","inLanguage":"es","@id":"https:\/\/www.churbayportillo.com\/blog\/#\/schema\/logo\/image\/","url":"https:\/\/www.churbayportillo.com\/blog\/wp-content\/uploads\/2021\/12\/logo.png","contentUrl":"https:\/\/www.churbayportillo.com\/blog\/wp-content\/uploads\/2021\/12\/logo.png","width":599,"height":109,"caption":"El Secreto de las Pymes que crecen"},"image":{"@id":"https:\/\/www.churbayportillo.com\/blog\/#\/schema\/logo\/image\/"},"sameAs":["https:\/\/www.facebook.com\/churbayportillo","https:\/\/x.com\/elsecreto"]},{"@type":"Person","@id":"https:\/\/www.churbayportillo.com\/blog\/#\/schema\/person\/327f5e9fbcbeeb46bb1a6a1b69a3136b","name":"Jorge Churba","image":{"@type":"ImageObject","inLanguage":"es","@id":"https:\/\/secure.gravatar.com\/avatar\/c5f9205dc97a66e1143b707b76fe364da0a694698284e0bc4f5629e814e5ee66?s=96&d=mm&r=g","url":"https:\/\/secure.gravatar.com\/avatar\/c5f9205dc97a66e1143b707b76fe364da0a694698284e0bc4f5629e814e5ee66?s=96&d=mm&r=g","contentUrl":"https:\/\/secure.gravatar.com\/avatar\/c5f9205dc97a66e1143b707b76fe364da0a694698284e0bc4f5629e814e5ee66?s=96&d=mm&r=g","caption":"Jorge Churba"},"description":"Me comunico, luego existo. Autor del Diccionario Pr\u00e1ctico de Internet para Emprendedores. Fundador de Churba &amp; Portillo y trabajador en Internet. S\u00edgueme en Twitter","sameAs":["https:\/\/www.churbayportillo.com\/blog"],"url":"https:\/\/www.churbayportillo.com\/blog\/author\/jorge\/"}]}},"jetpack_publicize_connections":[],"jetpack_featured_media_url":"","jetpack-related-posts":[{"id":1047,"url":"https:\/\/www.churbayportillo.com\/blog\/2008\/11\/09\/crisis-el-presidente-zapatero-anuncia-nuevas-medidas-en-favor-de-las-pymes\/","url_meta":{"origin":12156,"position":0},"title":"Crisis: el presidente Zapatero anuncia nuevas medidas en favor de las pymes","author":"Jorge Churba","date":"9 noviembre 2008","format":false,"excerpt":"El presidente del gobierno espa\u00f1ol, Jos\u00e9 Luis Rodr\u00edguez Zapatero, anunci\u00f3 hoy en Canarias nuevas medidas para favorecer a las peque\u00f1as y medianas empresas (pymes), aunque no las concret\u00f3. Fuentes: rtve y La Vanguardia.","rel":"","context":"En \u00abAyudas y subvenciones\u00bb","block_context":{"text":"Ayudas y subvenciones","link":"https:\/\/www.churbayportillo.com\/blog\/category\/ayudas-y-subvenciones\/"},"img":{"alt_text":"","src":"https:\/\/i0.wp.com\/screto.s3.amazonaws.com\/uploads\/2008\/11\/zapatero.jpg?resize=350%2C200&ssl=1","width":350,"height":200},"classes":[]},{"id":2161,"url":"https:\/\/www.churbayportillo.com\/blog\/2009\/01\/13\/zapatero-y-su-plan-e\/","url_meta":{"origin":12156,"position":1},"title":"Zapatero y su Plan E","author":"Jorge Churba","date":"13 enero 2009","format":false,"excerpt":"https:\/\/www.youtube.com\/watch?v=zv11rU-RBc8 Parece que el gobierno ha comprendido que Internet es un medio fundamental para comunicarse con los ciudadanos y ha creado una p\u00e1gina web para explicarnos el Plan E, el plan para superar la crisis econ\u00f3mica. Como pod\u00e9is ver en el v\u00eddeo, Rodr\u00edguez Zapatero hace especial menci\u00f3n a las pymes\u2026","rel":"","context":"En \u00abAyudas y subvenciones\u00bb","block_context":{"text":"Ayudas y subvenciones","link":"https:\/\/www.churbayportillo.com\/blog\/category\/ayudas-y-subvenciones\/"},"img":{"alt_text":"","src":"https:\/\/i0.wp.com\/img.youtube.com\/vi\/zv11rU-RBc8\/0.jpg?resize=350%2C200","width":350,"height":200},"classes":[]},{"id":2936,"url":"https:\/\/www.churbayportillo.com\/blog\/2009\/02\/24\/fracasa-el-plan-e\/","url_meta":{"origin":12156,"position":2},"title":"Fracasa el Plan E","author":"Jorge Churba","date":"24 febrero 2009","format":false,"excerpt":"La financiaci\u00f3n de las pymes tiende a desaparecer y no creo necesario mencionar fuentes de informaci\u00f3n que aludan a este asunto, porque no hay medio que no lo tratara. Cuando Zapatero present\u00f3 su Plan E contra la crisis, nos pidi\u00f3 colaboraci\u00f3n, esfuerzos y sacrificios. En las pymes estamos haciendo grandes\u2026","rel":"","context":"En \u00abAyudas y subvenciones\u00bb","block_context":{"text":"Ayudas y subvenciones","link":"https:\/\/www.churbayportillo.com\/blog\/category\/ayudas-y-subvenciones\/"},"img":{"alt_text":"","src":"","width":0,"height":0},"classes":[]},{"id":3915,"url":"https:\/\/www.churbayportillo.com\/blog\/2009\/04\/20\/3000-millones-para-las-pymes\/","url_meta":{"origin":12156,"position":3},"title":"3.000 millones para las pymes","author":"Jorge Churba","date":"20 abril 2009","format":false,"excerpt":"El presidente Zapatero anunci\u00f3 lo que el Congreso hab\u00eda aprobado por unanimidad: una nueva l\u00ednea de avales del ICO, por importe de 3.000 millones, destinada a garantizar el cobro de facturas que deben los ayuntamientos. Se trata de facilitar as\u00ed que la banca descuente las facturas, pero la pregunta es:\u2026","rel":"","context":"En \u00abAyudas y subvenciones\u00bb","block_context":{"text":"Ayudas y subvenciones","link":"https:\/\/www.churbayportillo.com\/blog\/category\/ayudas-y-subvenciones\/"},"img":{"alt_text":"","src":"","width":0,"height":0},"classes":[]},{"id":2420,"url":"https:\/\/www.churbayportillo.com\/blog\/2009\/01\/26\/las-pymes-asfixiadas-mientras-el-gobierno-estudia-dar-nuevas-ayudas-a-los-bancos\/","url_meta":{"origin":12156,"position":4},"title":"Las pymes asfixiadas mientras el gobierno estudia dar nuevas ayudas a los bancos","author":"Jorge Churba","date":"26 enero 2009","format":false,"excerpt":"Menuda manera de empezar la semana: mientras me lavo los dientes escucho la radio que dice que el gobierno estudia ampliar la ayuda a los bancos. En pocos minutos recopilo algunas noticias publicadas en los \u00faltimos d\u00edas: Bancos y cajas tardan un mes en adherirse a las ayudas de circulante\u2026","rel":"","context":"En \u00abAyudas y subvenciones\u00bb","block_context":{"text":"Ayudas y subvenciones","link":"https:\/\/www.churbayportillo.com\/blog\/category\/ayudas-y-subvenciones\/"},"img":{"alt_text":"","src":"","width":0,"height":0},"classes":[]},{"id":2265,"url":"https:\/\/www.churbayportillo.com\/blog\/2009\/01\/19\/pymes-madrid-18-milones-para-idi\/","url_meta":{"origin":12156,"position":5},"title":"Pymes Madrid: 18 milones para I+D+I","author":"Jorge Churba","date":"19 enero 2009","format":false,"excerpt":"El Instituto Madrile\u00f1o de Desarrolla (IMADE) ha aprobado 18 millones de euros en ayudas para fomentar y animar la innovaci\u00f3n tecnol\u00f3gica, principalmente en las peque\u00f1as y medianas empresas. Estas ayudas forman parte del Plan de Innovaci\u00f3n Empresarial (PIE) que se centra en el desarrollo de proyectos de Investigaci\u00f3n y Desarrollo\u2026","rel":"","context":"En \u00abAyudas y subvenciones\u00bb","block_context":{"text":"Ayudas y subvenciones","link":"https:\/\/www.churbayportillo.com\/blog\/category\/ayudas-y-subvenciones\/"},"img":{"alt_text":"","src":"","width":0,"height":0},"classes":[]}],"jetpack_sharing_enabled":true,"_links":{"self":[{"href":"https:\/\/www.churbayportillo.com\/blog\/wp-json\/wp\/v2\/posts\/12156","targetHints":{"allow":["GET"]}}],"collection":[{"href":"https:\/\/www.churbayportillo.com\/blog\/wp-json\/wp\/v2\/posts"}],"about":[{"href":"https:\/\/www.churbayportillo.com\/blog\/wp-json\/wp\/v2\/types\/post"}],"author":[{"embeddable":true,"href":"https:\/\/www.churbayportillo.com\/blog\/wp-json\/wp\/v2\/users\/3"}],"replies":[{"embeddable":true,"href":"https:\/\/www.churbayportillo.com\/blog\/wp-json\/wp\/v2\/comments?post=12156"}],"version-history":[{"count":0,"href":"https:\/\/www.churbayportillo.com\/blog\/wp-json\/wp\/v2\/posts\/12156\/revisions"}],"wp:attachment":[{"href":"https:\/\/www.churbayportillo.com\/blog\/wp-json\/wp\/v2\/media?parent=12156"}],"wp:term":[{"taxonomy":"category","embeddable":true,"href":"https:\/\/www.churbayportillo.com\/blog\/wp-json\/wp\/v2\/categories?post=12156"},{"taxonomy":"post_tag","embeddable":true,"href":"https:\/\/www.churbayportillo.com\/blog\/wp-json\/wp\/v2\/tags?post=12156"}],"curies":[{"name":"wp","href":"https:\/\/api.w.org\/{rel}","templated":true}]}}