{"id":13427,"date":"2011-05-27T13:09:22","date_gmt":"2011-05-27T11:09:22","guid":{"rendered":"https:\/\/www.churbayportillo.com\/blog\/?p=13427"},"modified":"2022-07-28T12:49:30","modified_gmt":"2022-07-28T10:49:30","slug":"aleix-salo-explica-la-crisis-y-mucho-mas","status":"publish","type":"post","link":"https:\/\/www.churbayportillo.com\/blog\/2011\/05\/27\/aleix-salo-explica-la-crisis-y-mucho-mas\/","title":{"rendered":"Aleix Sal\u00f3 explica la crisis y mucho m\u00e1s"},"content":{"rendered":"<p><iframe loading=\"lazy\" title=\"Espa\u00f1ist\u00e1n, de la Burbuja Inmobiliaria a la Crisis (por Aleix Sal\u00f3)\" width=\"1200\" height=\"675\" src=\"https:\/\/www.youtube.com\/embed\/N7P2ExRF3GQ?feature=oembed\" frameborder=\"0\" allow=\"accelerometer; autoplay; clipboard-write; encrypted-media; gyroscope; picture-in-picture; web-share\" referrerpolicy=\"strict-origin-when-cross-origin\" allowfullscreen><\/iframe><\/p>\n<p>Puede que ya conozcas este v\u00eddeo de Aleix Sal\u00f3, que ofrece su an\u00e1lisis de la burbuja inmobiliaria y de la crisis, porque ha tenido un enorme \u00e9xito en Twitter, tanto que ha llegado a <em>trending topic<\/em>, lo que contribuir\u00e1 a aumentar las ventas de su comic, <a title=\"Espa\u00f1ist\u00e1n Este pa\u00eds se va a la mierda\" href=\"https:\/\/www.goodreads.com\/book\/show\/11288185-espa-ist-n\">Espa\u00f1ist\u00e1n, este pa\u00eds se va a la mierda<\/a>.<!--more--><\/p>\n<p>Toda una demostraci\u00f3n de lo que es un viral en Internet, porque evidentemente no somos los \u00fanicos en publicar el v\u00eddeo. Lo han hecho y lo har\u00e1n muchos blogs, pero tambi\u00e9n las webs de <a title=\"'Espa\u00f1ist\u00e1n. Este pa\u00eds se va a la mierda', el retrato social de Aleix Sal\u00f3\" href=\"https:\/\/www.rtve.es\/noticias\/20110526\/espanistan-este-pais-se-va-mierda-retrato-social-aleix-salo\/434796.shtml\">rtve<\/a> y de <a title=\"La burbuja inmobiliaria, seg\u00fan Aleix Sal\u00f3\" href=\"https:\/\/www.elmundo.es\/elmundo\/2011\/05\/26\/suvivienda\/1306407632.html\">El Mundo<\/a>.<\/p>\n<p>Aleix Sal\u00f3 ha colgado su v\u00eddeo en YouTube y nos permite a todos publicarlo y a cambio much\u00edsima gente conocer\u00e1 su trabajo y seguramente sus ventas subir\u00e1n.<\/p>\n<p><strong>Dar para recibir.<\/strong><\/p>\n","protected":false},"excerpt":{"rendered":"<p>Puede que ya conozcas este v\u00eddeo de Aleix Sal\u00f3, que ofrece su an\u00e1lisis de la burbuja inmobiliaria y de la crisis, porque ha tenido un enorme \u00e9xito en Twitter, tanto que ha llegado a trending &#8230; <a title=\"Aleix Sal\u00f3 explica la crisis y mucho m\u00e1s\" class=\"read-more\" href=\"https:\/\/www.churbayportillo.com\/blog\/2011\/05\/27\/aleix-salo-explica-la-crisis-y-mucho-mas\/\" aria-label=\"Leer m\u00e1s sobre Aleix Sal\u00f3 explica la crisis y mucho m\u00e1s\">Leer m\u00e1s<\/a><\/p>\n","protected":false},"author":3,"featured_media":0,"comment_status":"open","ping_status":"open","sticky":false,"template":"","format":"standard","meta":{"_jetpack_memberships_contains_paid_content":false,"footnotes":"","jetpack_publicize_message":"","jetpack_publicize_feature_enabled":true,"jetpack_social_post_already_shared":false,"jetpack_social_options":{"image_generator_settings":{"template":"highway","default_image_id":0,"font":"","enabled":false},"version":2}},"categories":[6,2,9],"tags":[694,47,128,695,880],"class_list":["post-13427","post","type-post","status-publish","format-standard","hentry","category-blogs","category-branding","category-comercio-electronico","tag-crisis","tag-internet","tag-ventas","tag-web","tag-youtube"],"yoast_head":"<!-- This site is optimized with the Yoast SEO plugin v27.2 - https:\/\/yoast.com\/product\/yoast-seo-wordpress\/ -->\n<title>Aleix Sal\u00f3 explica la crisis y mucho m\u00e1s - El Secreto de las Pymes que crecen<\/title>\n<meta name=\"robots\" content=\"index, follow, max-snippet:-1, max-image-preview:large, max-video-preview:-1\" \/>\n<link rel=\"canonical\" href=\"https:\/\/www.churbayportillo.com\/blog\/2011\/05\/27\/aleix-salo-explica-la-crisis-y-mucho-mas\/\" \/>\n<meta property=\"og:locale\" content=\"es_ES\" \/>\n<meta property=\"og:type\" content=\"article\" \/>\n<meta property=\"og:title\" content=\"Aleix Sal\u00f3 explica la crisis y mucho m\u00e1s - El Secreto de las Pymes que crecen\" \/>\n<meta property=\"og:description\" content=\"Puede que ya conozcas este v\u00eddeo de Aleix Sal\u00f3, que ofrece su an\u00e1lisis de la burbuja inmobiliaria y de la crisis, porque ha tenido un enorme \u00e9xito en Twitter, tanto que ha llegado a trending ... Leer m\u00e1s\" \/>\n<meta property=\"og:url\" content=\"https:\/\/www.churbayportillo.com\/blog\/2011\/05\/27\/aleix-salo-explica-la-crisis-y-mucho-mas\/\" \/>\n<meta property=\"og:site_name\" content=\"El Secreto de las Pymes que crecen\" \/>\n<meta property=\"article:publisher\" content=\"https:\/\/www.facebook.com\/churbayportillo\" \/>\n<meta property=\"article:published_time\" content=\"2011-05-27T11:09:22+00:00\" \/>\n<meta property=\"article:modified_time\" content=\"2022-07-28T10:49:30+00:00\" \/>\n<meta name=\"author\" content=\"Jorge Churba\" \/>\n<meta name=\"twitter:card\" content=\"summary_large_image\" \/>\n<meta name=\"twitter:creator\" content=\"@elsecreto\" \/>\n<meta name=\"twitter:site\" content=\"@elsecreto\" \/>\n<meta name=\"twitter:label1\" content=\"Escrito por\" \/>\n\t<meta name=\"twitter:data1\" content=\"Jorge Churba\" \/>\n\t<meta name=\"twitter:label2\" content=\"Tiempo de lectura\" \/>\n\t<meta name=\"twitter:data2\" content=\"1 minuto\" \/>\n<script type=\"application\/ld+json\" class=\"yoast-schema-graph\">{\"@context\":\"https:\/\/schema.org\",\"@graph\":[{\"@type\":\"Article\",\"@id\":\"https:\/\/www.churbayportillo.com\/blog\/2011\/05\/27\/aleix-salo-explica-la-crisis-y-mucho-mas\/#article\",\"isPartOf\":{\"@id\":\"https:\/\/www.churbayportillo.com\/blog\/2011\/05\/27\/aleix-salo-explica-la-crisis-y-mucho-mas\/\"},\"author\":{\"name\":\"Jorge Churba\",\"@id\":\"https:\/\/www.churbayportillo.com\/blog\/#\/schema\/person\/327f5e9fbcbeeb46bb1a6a1b69a3136b\"},\"headline\":\"Aleix Sal\u00f3 explica la crisis y mucho m\u00e1s\",\"datePublished\":\"2011-05-27T11:09:22+00:00\",\"dateModified\":\"2022-07-28T10:49:30+00:00\",\"mainEntityOfPage\":{\"@id\":\"https:\/\/www.churbayportillo.com\/blog\/2011\/05\/27\/aleix-salo-explica-la-crisis-y-mucho-mas\/\"},\"wordCount\":154,\"commentCount\":2,\"publisher\":{\"@id\":\"https:\/\/www.churbayportillo.com\/blog\/#organization\"},\"keywords\":[\"Crisis\",\"Internet\",\"ventas\",\"Web\",\"youtube\"],\"articleSection\":[\"Blogs\",\"Branding\",\"Comercio electr\u00f3nico\"],\"inLanguage\":\"es\",\"potentialAction\":[{\"@type\":\"CommentAction\",\"name\":\"Comment\",\"target\":[\"https:\/\/www.churbayportillo.com\/blog\/2011\/05\/27\/aleix-salo-explica-la-crisis-y-mucho-mas\/#respond\"]}]},{\"@type\":\"WebPage\",\"@id\":\"https:\/\/www.churbayportillo.com\/blog\/2011\/05\/27\/aleix-salo-explica-la-crisis-y-mucho-mas\/\",\"url\":\"https:\/\/www.churbayportillo.com\/blog\/2011\/05\/27\/aleix-salo-explica-la-crisis-y-mucho-mas\/\",\"name\":\"Aleix Sal\u00f3 explica la crisis y mucho m\u00e1s - El Secreto de las Pymes que crecen\",\"isPartOf\":{\"@id\":\"https:\/\/www.churbayportillo.com\/blog\/#website\"},\"datePublished\":\"2011-05-27T11:09:22+00:00\",\"dateModified\":\"2022-07-28T10:49:30+00:00\",\"breadcrumb\":{\"@id\":\"https:\/\/www.churbayportillo.com\/blog\/2011\/05\/27\/aleix-salo-explica-la-crisis-y-mucho-mas\/#breadcrumb\"},\"inLanguage\":\"es\",\"potentialAction\":[{\"@type\":\"ReadAction\",\"target\":[\"https:\/\/www.churbayportillo.com\/blog\/2011\/05\/27\/aleix-salo-explica-la-crisis-y-mucho-mas\/\"]}]},{\"@type\":\"BreadcrumbList\",\"@id\":\"https:\/\/www.churbayportillo.com\/blog\/2011\/05\/27\/aleix-salo-explica-la-crisis-y-mucho-mas\/#breadcrumb\",\"itemListElement\":[{\"@type\":\"ListItem\",\"position\":1,\"name\":\"Portada\",\"item\":\"https:\/\/www.churbayportillo.com\/blog\/\"},{\"@type\":\"ListItem\",\"position\":2,\"name\":\"Aleix Sal\u00f3 explica la crisis y mucho m\u00e1s\"}]},{\"@type\":\"WebSite\",\"@id\":\"https:\/\/www.churbayportillo.com\/blog\/#website\",\"url\":\"https:\/\/www.churbayportillo.com\/blog\/\",\"name\":\"El Secreto de las Pymes que crecen\",\"description\":\"Informaci\u00f3n y consejos para vender m\u00e1s\",\"publisher\":{\"@id\":\"https:\/\/www.churbayportillo.com\/blog\/#organization\"},\"potentialAction\":[{\"@type\":\"SearchAction\",\"target\":{\"@type\":\"EntryPoint\",\"urlTemplate\":\"https:\/\/www.churbayportillo.com\/blog\/?s={search_term_string}\"},\"query-input\":{\"@type\":\"PropertyValueSpecification\",\"valueRequired\":true,\"valueName\":\"search_term_string\"}}],\"inLanguage\":\"es\"},{\"@type\":\"Organization\",\"@id\":\"https:\/\/www.churbayportillo.com\/blog\/#organization\",\"name\":\"El Secreto de las Pymes que crecen\",\"url\":\"https:\/\/www.churbayportillo.com\/blog\/\",\"logo\":{\"@type\":\"ImageObject\",\"inLanguage\":\"es\",\"@id\":\"https:\/\/www.churbayportillo.com\/blog\/#\/schema\/logo\/image\/\",\"url\":\"https:\/\/www.churbayportillo.com\/blog\/wp-content\/uploads\/2021\/12\/logo.png\",\"contentUrl\":\"https:\/\/www.churbayportillo.com\/blog\/wp-content\/uploads\/2021\/12\/logo.png\",\"width\":599,\"height\":109,\"caption\":\"El Secreto de las Pymes que crecen\"},\"image\":{\"@id\":\"https:\/\/www.churbayportillo.com\/blog\/#\/schema\/logo\/image\/\"},\"sameAs\":[\"https:\/\/www.facebook.com\/churbayportillo\",\"https:\/\/x.com\/elsecreto\"]},{\"@type\":\"Person\",\"@id\":\"https:\/\/www.churbayportillo.com\/blog\/#\/schema\/person\/327f5e9fbcbeeb46bb1a6a1b69a3136b\",\"name\":\"Jorge Churba\",\"image\":{\"@type\":\"ImageObject\",\"inLanguage\":\"es\",\"@id\":\"https:\/\/secure.gravatar.com\/avatar\/c5f9205dc97a66e1143b707b76fe364da0a694698284e0bc4f5629e814e5ee66?s=96&d=mm&r=g\",\"url\":\"https:\/\/secure.gravatar.com\/avatar\/c5f9205dc97a66e1143b707b76fe364da0a694698284e0bc4f5629e814e5ee66?s=96&d=mm&r=g\",\"contentUrl\":\"https:\/\/secure.gravatar.com\/avatar\/c5f9205dc97a66e1143b707b76fe364da0a694698284e0bc4f5629e814e5ee66?s=96&d=mm&r=g\",\"caption\":\"Jorge Churba\"},\"description\":\"Me comunico, luego existo. Autor del Diccionario Pr\u00e1ctico de Internet para Emprendedores. Fundador de Churba &amp; Portillo y trabajador en Internet. S\u00edgueme en Twitter\",\"sameAs\":[\"https:\/\/www.churbayportillo.com\/blog\"],\"url\":\"https:\/\/www.churbayportillo.com\/blog\/author\/jorge\/\"}]}<\/script>\n<!-- \/ Yoast SEO plugin. -->","yoast_head_json":{"title":"Aleix Sal\u00f3 explica la crisis y mucho m\u00e1s - El Secreto de las Pymes que crecen","robots":{"index":"index","follow":"follow","max-snippet":"max-snippet:-1","max-image-preview":"max-image-preview:large","max-video-preview":"max-video-preview:-1"},"canonical":"https:\/\/www.churbayportillo.com\/blog\/2011\/05\/27\/aleix-salo-explica-la-crisis-y-mucho-mas\/","og_locale":"es_ES","og_type":"article","og_title":"Aleix Sal\u00f3 explica la crisis y mucho m\u00e1s - El Secreto de las Pymes que crecen","og_description":"Puede que ya conozcas este v\u00eddeo de Aleix Sal\u00f3, que ofrece su an\u00e1lisis de la burbuja inmobiliaria y de la crisis, porque ha tenido un enorme \u00e9xito en Twitter, tanto que ha llegado a trending ... Leer m\u00e1s","og_url":"https:\/\/www.churbayportillo.com\/blog\/2011\/05\/27\/aleix-salo-explica-la-crisis-y-mucho-mas\/","og_site_name":"El Secreto de las Pymes que crecen","article_publisher":"https:\/\/www.facebook.com\/churbayportillo","article_published_time":"2011-05-27T11:09:22+00:00","article_modified_time":"2022-07-28T10:49:30+00:00","author":"Jorge Churba","twitter_card":"summary_large_image","twitter_creator":"@elsecreto","twitter_site":"@elsecreto","twitter_misc":{"Escrito por":"Jorge Churba","Tiempo de lectura":"1 minuto"},"schema":{"@context":"https:\/\/schema.org","@graph":[{"@type":"Article","@id":"https:\/\/www.churbayportillo.com\/blog\/2011\/05\/27\/aleix-salo-explica-la-crisis-y-mucho-mas\/#article","isPartOf":{"@id":"https:\/\/www.churbayportillo.com\/blog\/2011\/05\/27\/aleix-salo-explica-la-crisis-y-mucho-mas\/"},"author":{"name":"Jorge Churba","@id":"https:\/\/www.churbayportillo.com\/blog\/#\/schema\/person\/327f5e9fbcbeeb46bb1a6a1b69a3136b"},"headline":"Aleix Sal\u00f3 explica la crisis y mucho m\u00e1s","datePublished":"2011-05-27T11:09:22+00:00","dateModified":"2022-07-28T10:49:30+00:00","mainEntityOfPage":{"@id":"https:\/\/www.churbayportillo.com\/blog\/2011\/05\/27\/aleix-salo-explica-la-crisis-y-mucho-mas\/"},"wordCount":154,"commentCount":2,"publisher":{"@id":"https:\/\/www.churbayportillo.com\/blog\/#organization"},"keywords":["Crisis","Internet","ventas","Web","youtube"],"articleSection":["Blogs","Branding","Comercio electr\u00f3nico"],"inLanguage":"es","potentialAction":[{"@type":"CommentAction","name":"Comment","target":["https:\/\/www.churbayportillo.com\/blog\/2011\/05\/27\/aleix-salo-explica-la-crisis-y-mucho-mas\/#respond"]}]},{"@type":"WebPage","@id":"https:\/\/www.churbayportillo.com\/blog\/2011\/05\/27\/aleix-salo-explica-la-crisis-y-mucho-mas\/","url":"https:\/\/www.churbayportillo.com\/blog\/2011\/05\/27\/aleix-salo-explica-la-crisis-y-mucho-mas\/","name":"Aleix Sal\u00f3 explica la crisis y mucho m\u00e1s - El Secreto de las Pymes que crecen","isPartOf":{"@id":"https:\/\/www.churbayportillo.com\/blog\/#website"},"datePublished":"2011-05-27T11:09:22+00:00","dateModified":"2022-07-28T10:49:30+00:00","breadcrumb":{"@id":"https:\/\/www.churbayportillo.com\/blog\/2011\/05\/27\/aleix-salo-explica-la-crisis-y-mucho-mas\/#breadcrumb"},"inLanguage":"es","potentialAction":[{"@type":"ReadAction","target":["https:\/\/www.churbayportillo.com\/blog\/2011\/05\/27\/aleix-salo-explica-la-crisis-y-mucho-mas\/"]}]},{"@type":"BreadcrumbList","@id":"https:\/\/www.churbayportillo.com\/blog\/2011\/05\/27\/aleix-salo-explica-la-crisis-y-mucho-mas\/#breadcrumb","itemListElement":[{"@type":"ListItem","position":1,"name":"Portada","item":"https:\/\/www.churbayportillo.com\/blog\/"},{"@type":"ListItem","position":2,"name":"Aleix Sal\u00f3 explica la crisis y mucho m\u00e1s"}]},{"@type":"WebSite","@id":"https:\/\/www.churbayportillo.com\/blog\/#website","url":"https:\/\/www.churbayportillo.com\/blog\/","name":"El Secreto de las Pymes que crecen","description":"Informaci\u00f3n y consejos para vender m\u00e1s","publisher":{"@id":"https:\/\/www.churbayportillo.com\/blog\/#organization"},"potentialAction":[{"@type":"SearchAction","target":{"@type":"EntryPoint","urlTemplate":"https:\/\/www.churbayportillo.com\/blog\/?s={search_term_string}"},"query-input":{"@type":"PropertyValueSpecification","valueRequired":true,"valueName":"search_term_string"}}],"inLanguage":"es"},{"@type":"Organization","@id":"https:\/\/www.churbayportillo.com\/blog\/#organization","name":"El Secreto de las Pymes que crecen","url":"https:\/\/www.churbayportillo.com\/blog\/","logo":{"@type":"ImageObject","inLanguage":"es","@id":"https:\/\/www.churbayportillo.com\/blog\/#\/schema\/logo\/image\/","url":"https:\/\/www.churbayportillo.com\/blog\/wp-content\/uploads\/2021\/12\/logo.png","contentUrl":"https:\/\/www.churbayportillo.com\/blog\/wp-content\/uploads\/2021\/12\/logo.png","width":599,"height":109,"caption":"El Secreto de las Pymes que crecen"},"image":{"@id":"https:\/\/www.churbayportillo.com\/blog\/#\/schema\/logo\/image\/"},"sameAs":["https:\/\/www.facebook.com\/churbayportillo","https:\/\/x.com\/elsecreto"]},{"@type":"Person","@id":"https:\/\/www.churbayportillo.com\/blog\/#\/schema\/person\/327f5e9fbcbeeb46bb1a6a1b69a3136b","name":"Jorge Churba","image":{"@type":"ImageObject","inLanguage":"es","@id":"https:\/\/secure.gravatar.com\/avatar\/c5f9205dc97a66e1143b707b76fe364da0a694698284e0bc4f5629e814e5ee66?s=96&d=mm&r=g","url":"https:\/\/secure.gravatar.com\/avatar\/c5f9205dc97a66e1143b707b76fe364da0a694698284e0bc4f5629e814e5ee66?s=96&d=mm&r=g","contentUrl":"https:\/\/secure.gravatar.com\/avatar\/c5f9205dc97a66e1143b707b76fe364da0a694698284e0bc4f5629e814e5ee66?s=96&d=mm&r=g","caption":"Jorge Churba"},"description":"Me comunico, luego existo. Autor del Diccionario Pr\u00e1ctico de Internet para Emprendedores. Fundador de Churba &amp; Portillo y trabajador en Internet. S\u00edgueme en Twitter","sameAs":["https:\/\/www.churbayportillo.com\/blog"],"url":"https:\/\/www.churbayportillo.com\/blog\/author\/jorge\/"}]}},"jetpack_publicize_connections":[],"jetpack_featured_media_url":"","jetpack-related-posts":[{"id":17065,"url":"https:\/\/www.churbayportillo.com\/blog\/2012\/04\/10\/aleix-salo-explica-la-crisis-y-el-marketing-2-0\/","url_meta":{"origin":13427,"position":0},"title":"Aleix Sal\u00f3 explica la crisis y el marketing 2.0","author":"Jorge Churba","date":"10 abril 2012","format":false,"excerpt":"https:\/\/www.youtube.com\/watch?v=TfRSfF296js Aleix Sal\u00f3 sigue explic\u00e1ndonos la crisis y ofreci\u00e9ndonos simult\u00e1neamente una lecci\u00f3n de marketing 2.0. Porque el pr\u00f3ximo jueves 12 de abril de 2012 sale a la venta su nuevo libro Simiocracia y lo anuncia a trav\u00e9s de Facebook, Twitter y sobre todo colgando en YouTube el v\u00eddeo que ves\u2026","rel":"","context":"En \u00abBranding\u00bb","block_context":{"text":"Branding","link":"https:\/\/www.churbayportillo.com\/blog\/category\/branding\/"},"img":{"alt_text":"","src":"https:\/\/i0.wp.com\/img.youtube.com\/vi\/TfRSfF296js\/0.jpg?resize=350%2C200","width":350,"height":200},"classes":[]},{"id":13470,"url":"https:\/\/www.churbayportillo.com\/blog\/2011\/06\/02\/un-video-viral-cambio-su-vida\/","url_meta":{"origin":13427,"position":1},"title":"Un v\u00eddeo viral cambi\u00f3 su vida","author":"Jorge Churba","date":"2 junio 2011","format":false,"excerpt":"Hace menos de una semana public\u00e1bamos el v\u00eddeo en el que Aleix Sal\u00f3 explica la crisis, cont\u00e1bamos la enorme repercusi\u00f3n que estaba teniendo y coment\u00e1bamos que ayudar\u00eda a aumentar las ventas de su c\u00f3mic Espa\u00f1ist\u00e1n, este pa\u00eds se va a la mierda. Y as\u00ed fue. Lo cuenta el propio Aleix\u2026","rel":"","context":"En \u00abBranding\u00bb","block_context":{"text":"Branding","link":"https:\/\/www.churbayportillo.com\/blog\/category\/branding\/"},"img":{"alt_text":"","src":"","width":0,"height":0},"classes":[]},{"id":13357,"url":"https:\/\/www.churbayportillo.com\/blog\/2011\/05\/20\/videos-promocionados-en-youtube\/","url_meta":{"origin":13427,"position":2},"title":"V\u00eddeos promocionados en YouTube","author":"Jorge Churba","date":"20 mayo 2011","format":false,"excerpt":"Los v\u00eddeos promocionados en YouTube pueden resultar una interesante forma de publicidad en Internet, m\u00e1s ahora que se implantar\u00e1 un nuevo sistema de tarificaci\u00f3n. Aqu\u00ed tienes unos datos muy ilustrativos: El 82% de los internautas espa\u00f1oles ve v\u00eddeos on line. En marzo 2011 m\u00e1s de 19 millones de internautas espa\u00f1oles\u2026","rel":"","context":"En \u00abBlogs\u00bb","block_context":{"text":"Blogs","link":"https:\/\/www.churbayportillo.com\/blog\/category\/blogs\/"},"img":{"alt_text":"YouTube","src":"https:\/\/i0.wp.com\/screto.s3.amazonaws.com\/uploads\/2011\/05\/YouTube.png?resize=350%2C200&ssl=1","width":350,"height":200},"classes":[]},{"id":1350,"url":"https:\/\/www.churbayportillo.com\/blog\/2008\/11\/20\/blogs-lo-que-hay-que-saber\/","url_meta":{"origin":13427,"position":3},"title":"Blogs, lo que hay que saber","author":"Jorge Churba","date":"20 noviembre 2008","format":false,"excerpt":"https:\/\/www.youtube.com\/watch?v=hrs8MGWhDhg Hace tiempo te propon\u00edamos Promociona tu pyme con un blog. Hoy s\u00f3lo te pedimos que dediques tres minutos a ver este v\u00eddeo, porque te ayudar\u00e1 a entender qu\u00e9 es un blog y qu\u00e9 puede hacer un blog por tu empresa. Y lo cierto es que un blog puede ayudarte\u2026","rel":"","context":"En \u00abBlogs\u00bb","block_context":{"text":"Blogs","link":"https:\/\/www.churbayportillo.com\/blog\/category\/blogs\/"},"img":{"alt_text":"","src":"https:\/\/i0.wp.com\/img.youtube.com\/vi\/hrs8MGWhDhg\/0.jpg?resize=350%2C200","width":350,"height":200},"classes":[]},{"id":4141,"url":"https:\/\/www.churbayportillo.com\/blog\/2009\/05\/03\/contra-la-crisis-innovacion\/","url_meta":{"origin":13427,"position":4},"title":"Contra la crisis, innovaci\u00f3n","author":"Jorge Churba","date":"3 mayo 2009","format":false,"excerpt":"Ayer (02\/05\/09) Informe Semanal ofrec\u00eda un interesant\u00edsimo reportaje titulado Innovar para salir de la crisis. En \u00e9l, el economista, Premio Nobel y Premio Pr\u00edncipe de Asturias, Paul Krugman -en la foto- explicaba que La situaci\u00f3n en Espa\u00f1a es aterradora y apost\u00f3 por la innovaci\u00f3n. Esko T. Aho, ex presidente de\u2026","rel":"","context":"En \u00abEmprendedores\u00bb","block_context":{"text":"Emprendedores","link":"https:\/\/www.churbayportillo.com\/blog\/category\/emprendedores\/"},"img":{"alt_text":"Paul Krugman","src":"https:\/\/i0.wp.com\/www.churbayportillo.com\/blog\/wp-content\/uploads\/2009\/05\/paul_krugman.jpg?resize=350%2C200&ssl=1","width":350,"height":200},"classes":[]},{"id":2457,"url":"https:\/\/www.churbayportillo.com\/blog\/2009\/01\/29\/recesion-pymes-e-internet\/","url_meta":{"origin":13427,"position":5},"title":"Recesi\u00f3n, pymes e Internet","author":"Jorge Churba","date":"29 enero 2009","format":false,"excerpt":"Ya es oficial, la recesi\u00f3n est\u00e1 aqu\u00ed. Lo dicen los datos oficiales, lo dicen los medios y hoy lo diremos todos en la calle, los bares, en el trabajo, en los blogs. Los responsables de las pymes lo sabemos hace tiempo. Como tambi\u00e9n sabemos que de las famosas ayudas del\u2026","rel":"","context":"En \u00abAyudas y subvenciones\u00bb","block_context":{"text":"Ayudas y subvenciones","link":"https:\/\/www.churbayportillo.com\/blog\/category\/ayudas-y-subvenciones\/"},"img":{"alt_text":"","src":"https:\/\/i0.wp.com\/screto.s3.amazonaws.com\/uploads\/2006\/07\/raton.miniatura.gif?resize=350%2C200&ssl=1","width":350,"height":200},"classes":[]}],"jetpack_sharing_enabled":true,"_links":{"self":[{"href":"https:\/\/www.churbayportillo.com\/blog\/wp-json\/wp\/v2\/posts\/13427","targetHints":{"allow":["GET"]}}],"collection":[{"href":"https:\/\/www.churbayportillo.com\/blog\/wp-json\/wp\/v2\/posts"}],"about":[{"href":"https:\/\/www.churbayportillo.com\/blog\/wp-json\/wp\/v2\/types\/post"}],"author":[{"embeddable":true,"href":"https:\/\/www.churbayportillo.com\/blog\/wp-json\/wp\/v2\/users\/3"}],"replies":[{"embeddable":true,"href":"https:\/\/www.churbayportillo.com\/blog\/wp-json\/wp\/v2\/comments?post=13427"}],"version-history":[{"count":0,"href":"https:\/\/www.churbayportillo.com\/blog\/wp-json\/wp\/v2\/posts\/13427\/revisions"}],"wp:attachment":[{"href":"https:\/\/www.churbayportillo.com\/blog\/wp-json\/wp\/v2\/media?parent=13427"}],"wp:term":[{"taxonomy":"category","embeddable":true,"href":"https:\/\/www.churbayportillo.com\/blog\/wp-json\/wp\/v2\/categories?post=13427"},{"taxonomy":"post_tag","embeddable":true,"href":"https:\/\/www.churbayportillo.com\/blog\/wp-json\/wp\/v2\/tags?post=13427"}],"curies":[{"name":"wp","href":"https:\/\/api.w.org\/{rel}","templated":true}]}}