{"id":151,"date":"2006-11-13T16:31:31","date_gmt":"2006-11-13T15:31:31","guid":{"rendered":"https:\/\/www.churbayportillo.com\/blog\/2006\/11\/13\/amusal-en-los-premios-empresa-flexible-2006\/"},"modified":"2022-06-02T12:45:05","modified_gmt":"2022-06-02T10:45:05","slug":"amusal-en-los-premios-empresa-flexible-2006","status":"publish","type":"post","link":"https:\/\/www.churbayportillo.com\/blog\/2006\/11\/13\/amusal-en-los-premios-empresa-flexible-2006\/","title":{"rendered":"Amusal en los Premios Empresa Flexible 2006"},"content":{"rendered":"<p>\u00a1\u00a1Felicitaciones  <a title=\"Amusal\" href=\"https:\/\/extranet.amusal.es\/\">Amusal<\/a>!!<\/p>\n<p>La organizaci\u00f3n empresarial  es finalista en los premios Empresa Flexible 2006. Y nosotros,  <a title=\"Churba &#038; Portillo\" href=\"https:\/\/www.churbayportillo.com\">Churba &#038; Portillo<\/a>, como socios de Amusal estamos encantados.<br \/>\nAmusal predica con el ejemplo aplicando medidas de informaci\u00f3n, formaci\u00f3n, flexibilidad y mejora de la calidad de vida de sus trabajadores que han generado importantes incrementos de productividad. Su director-gerente, Juan Pedro S\u00e1nchez L\u00f3pez, explica que <em>los trabajadores de la entidad, han querido participar como agente activo en el cambio cultural que est\u00e1 experimentando nuestra sociedad hacia un mundo m\u00e1s igualitario, menos sexista y sobre todo m\u00e1s humano. Por eso, acudiremos a la entrega de los premios con mucha ilusi\u00f3n, porque llevamos los deberes muy bien hechos<\/em>.<\/p>\n","protected":false},"excerpt":{"rendered":"<p>\u00a1\u00a1Felicitaciones Amusal!! La organizaci\u00f3n empresarial es finalista en los premios Empresa Flexible 2006. Y nosotros, Churba &#038; Portillo, como socios de Amusal estamos encantados. Amusal predica con el ejemplo aplicando medidas de informaci\u00f3n, formaci\u00f3n, flexibilidad &#8230; <a title=\"Amusal en los Premios Empresa Flexible 2006\" class=\"read-more\" href=\"https:\/\/www.churbayportillo.com\/blog\/2006\/11\/13\/amusal-en-los-premios-empresa-flexible-2006\/\" aria-label=\"Leer m\u00e1s sobre Amusal en los Premios Empresa Flexible 2006\">Leer m\u00e1s<\/a><\/p>\n","protected":false},"author":1,"featured_media":0,"comment_status":"open","ping_status":"open","sticky":false,"template":"","format":"standard","meta":{"_jetpack_memberships_contains_paid_content":false,"footnotes":"","jetpack_publicize_message":"","jetpack_publicize_feature_enabled":true,"jetpack_social_post_already_shared":false,"jetpack_social_options":{"image_generator_settings":{"template":"highway","default_image_id":0,"font":"","enabled":false},"version":2}},"categories":[1,12,11,13],"tags":[994,993,995],"class_list":["post-151","post","type-post","status-publish","format-standard","hentry","category-general","category-murcia","category-pymes","category-responsabilidad-social","tag-murcia","tag-pymes","tag-responsabilidad-social"],"yoast_head":"<!-- This site is optimized with the Yoast SEO plugin v27.2 - https:\/\/yoast.com\/product\/yoast-seo-wordpress\/ -->\n<title>Amusal en los Premios Empresa Flexible 2006 - El Secreto de las Pymes que crecen<\/title>\n<meta name=\"robots\" content=\"index, follow, max-snippet:-1, max-image-preview:large, max-video-preview:-1\" \/>\n<link rel=\"canonical\" href=\"https:\/\/www.churbayportillo.com\/blog\/2006\/11\/13\/amusal-en-los-premios-empresa-flexible-2006\/\" \/>\n<meta property=\"og:locale\" content=\"es_ES\" \/>\n<meta property=\"og:type\" content=\"article\" \/>\n<meta property=\"og:title\" content=\"Amusal en los Premios Empresa Flexible 2006 - El Secreto de las Pymes que crecen\" \/>\n<meta property=\"og:description\" content=\"\u00a1\u00a1Felicitaciones Amusal!! La organizaci\u00f3n empresarial es finalista en los premios Empresa Flexible 2006. Y nosotros, Churba &#038; Portillo, como socios de Amusal estamos encantados. Amusal predica con el ejemplo aplicando medidas de informaci\u00f3n, formaci\u00f3n, flexibilidad ... Leer m\u00e1s\" \/>\n<meta property=\"og:url\" content=\"https:\/\/www.churbayportillo.com\/blog\/2006\/11\/13\/amusal-en-los-premios-empresa-flexible-2006\/\" \/>\n<meta property=\"og:site_name\" content=\"El Secreto de las Pymes que crecen\" \/>\n<meta property=\"article:publisher\" content=\"https:\/\/www.facebook.com\/churbayportillo\" \/>\n<meta property=\"article:published_time\" content=\"2006-11-13T15:31:31+00:00\" \/>\n<meta property=\"article:modified_time\" content=\"2022-06-02T10:45:05+00:00\" \/>\n<meta name=\"author\" content=\"Churba &amp; Portillo\" \/>\n<meta name=\"twitter:card\" content=\"summary_large_image\" \/>\n<meta name=\"twitter:creator\" content=\"@elsecreto\" \/>\n<meta name=\"twitter:site\" content=\"@elsecreto\" \/>\n<meta name=\"twitter:label1\" content=\"Escrito por\" \/>\n\t<meta name=\"twitter:data1\" content=\"Churba &amp; Portillo\" \/>\n\t<meta name=\"twitter:label2\" content=\"Tiempo de lectura\" \/>\n\t<meta name=\"twitter:data2\" content=\"1 minuto\" \/>\n<script type=\"application\/ld+json\" class=\"yoast-schema-graph\">{\"@context\":\"https:\/\/schema.org\",\"@graph\":[{\"@type\":\"Article\",\"@id\":\"https:\/\/www.churbayportillo.com\/blog\/2006\/11\/13\/amusal-en-los-premios-empresa-flexible-2006\/#article\",\"isPartOf\":{\"@id\":\"https:\/\/www.churbayportillo.com\/blog\/2006\/11\/13\/amusal-en-los-premios-empresa-flexible-2006\/\"},\"author\":{\"name\":\"Churba &amp; Portillo\",\"@id\":\"https:\/\/www.churbayportillo.com\/blog\/#\/schema\/person\/2fc3a4622cb1008a5642904445501744\"},\"headline\":\"Amusal en los Premios Empresa Flexible 2006\",\"datePublished\":\"2006-11-13T15:31:31+00:00\",\"dateModified\":\"2022-06-02T10:45:05+00:00\",\"mainEntityOfPage\":{\"@id\":\"https:\/\/www.churbayportillo.com\/blog\/2006\/11\/13\/amusal-en-los-premios-empresa-flexible-2006\/\"},\"wordCount\":123,\"commentCount\":0,\"publisher\":{\"@id\":\"https:\/\/www.churbayportillo.com\/blog\/#organization\"},\"keywords\":[\"Murcia\",\"Pymes\",\"Responsabilidad social\"],\"articleSection\":[\"General\",\"Murcia\",\"Pymes\",\"Responsabilidad social\"],\"inLanguage\":\"es\",\"potentialAction\":[{\"@type\":\"CommentAction\",\"name\":\"Comment\",\"target\":[\"https:\/\/www.churbayportillo.com\/blog\/2006\/11\/13\/amusal-en-los-premios-empresa-flexible-2006\/#respond\"]}]},{\"@type\":\"WebPage\",\"@id\":\"https:\/\/www.churbayportillo.com\/blog\/2006\/11\/13\/amusal-en-los-premios-empresa-flexible-2006\/\",\"url\":\"https:\/\/www.churbayportillo.com\/blog\/2006\/11\/13\/amusal-en-los-premios-empresa-flexible-2006\/\",\"name\":\"Amusal en los Premios Empresa Flexible 2006 - El Secreto de las Pymes que crecen\",\"isPartOf\":{\"@id\":\"https:\/\/www.churbayportillo.com\/blog\/#website\"},\"datePublished\":\"2006-11-13T15:31:31+00:00\",\"dateModified\":\"2022-06-02T10:45:05+00:00\",\"breadcrumb\":{\"@id\":\"https:\/\/www.churbayportillo.com\/blog\/2006\/11\/13\/amusal-en-los-premios-empresa-flexible-2006\/#breadcrumb\"},\"inLanguage\":\"es\",\"potentialAction\":[{\"@type\":\"ReadAction\",\"target\":[\"https:\/\/www.churbayportillo.com\/blog\/2006\/11\/13\/amusal-en-los-premios-empresa-flexible-2006\/\"]}]},{\"@type\":\"BreadcrumbList\",\"@id\":\"https:\/\/www.churbayportillo.com\/blog\/2006\/11\/13\/amusal-en-los-premios-empresa-flexible-2006\/#breadcrumb\",\"itemListElement\":[{\"@type\":\"ListItem\",\"position\":1,\"name\":\"Portada\",\"item\":\"https:\/\/www.churbayportillo.com\/blog\/\"},{\"@type\":\"ListItem\",\"position\":2,\"name\":\"Amusal en los Premios Empresa Flexible 2006\"}]},{\"@type\":\"WebSite\",\"@id\":\"https:\/\/www.churbayportillo.com\/blog\/#website\",\"url\":\"https:\/\/www.churbayportillo.com\/blog\/\",\"name\":\"El Secreto de las Pymes que crecen\",\"description\":\"Informaci\u00f3n y consejos para vender m\u00e1s\",\"publisher\":{\"@id\":\"https:\/\/www.churbayportillo.com\/blog\/#organization\"},\"potentialAction\":[{\"@type\":\"SearchAction\",\"target\":{\"@type\":\"EntryPoint\",\"urlTemplate\":\"https:\/\/www.churbayportillo.com\/blog\/?s={search_term_string}\"},\"query-input\":{\"@type\":\"PropertyValueSpecification\",\"valueRequired\":true,\"valueName\":\"search_term_string\"}}],\"inLanguage\":\"es\"},{\"@type\":\"Organization\",\"@id\":\"https:\/\/www.churbayportillo.com\/blog\/#organization\",\"name\":\"El Secreto de las Pymes que crecen\",\"url\":\"https:\/\/www.churbayportillo.com\/blog\/\",\"logo\":{\"@type\":\"ImageObject\",\"inLanguage\":\"es\",\"@id\":\"https:\/\/www.churbayportillo.com\/blog\/#\/schema\/logo\/image\/\",\"url\":\"https:\/\/www.churbayportillo.com\/blog\/wp-content\/uploads\/2021\/12\/logo.png\",\"contentUrl\":\"https:\/\/www.churbayportillo.com\/blog\/wp-content\/uploads\/2021\/12\/logo.png\",\"width\":599,\"height\":109,\"caption\":\"El Secreto de las Pymes que crecen\"},\"image\":{\"@id\":\"https:\/\/www.churbayportillo.com\/blog\/#\/schema\/logo\/image\/\"},\"sameAs\":[\"https:\/\/www.facebook.com\/churbayportillo\",\"https:\/\/x.com\/elsecreto\"]},{\"@type\":\"Person\",\"@id\":\"https:\/\/www.churbayportillo.com\/blog\/#\/schema\/person\/2fc3a4622cb1008a5642904445501744\",\"name\":\"Churba &amp; Portillo\",\"image\":{\"@type\":\"ImageObject\",\"inLanguage\":\"es\",\"@id\":\"https:\/\/secure.gravatar.com\/avatar\/e1619d8552fc63af843715462c01f255c8e65b2d8c4e60ba835f65dae2539e65?s=96&d=mm&r=g\",\"url\":\"https:\/\/secure.gravatar.com\/avatar\/e1619d8552fc63af843715462c01f255c8e65b2d8c4e60ba835f65dae2539e65?s=96&d=mm&r=g\",\"contentUrl\":\"https:\/\/secure.gravatar.com\/avatar\/e1619d8552fc63af843715462c01f255c8e65b2d8c4e60ba835f65dae2539e65?s=96&d=mm&r=g\",\"caption\":\"Churba &amp; Portillo\"},\"description\":\"Churba &amp; Portillo es una agencia de comunicaci\u00f3n y publicidad. Realizamos consultor\u00edas de internet para empresas. Creamos marcas e identidad corporativa. Ofrecemos soluciones completas de Tiendas Online, Contenidos, Desarrollo y Dise\u00f1o Web en WordPress \u00a1el CMS m\u00e1s utilizado en el mundo!\",\"url\":\"https:\/\/www.churbayportillo.com\/blog\/author\/admin\/\"}]}<\/script>\n<!-- \/ Yoast SEO plugin. -->","yoast_head_json":{"title":"Amusal en los Premios Empresa Flexible 2006 - El Secreto de las Pymes que crecen","robots":{"index":"index","follow":"follow","max-snippet":"max-snippet:-1","max-image-preview":"max-image-preview:large","max-video-preview":"max-video-preview:-1"},"canonical":"https:\/\/www.churbayportillo.com\/blog\/2006\/11\/13\/amusal-en-los-premios-empresa-flexible-2006\/","og_locale":"es_ES","og_type":"article","og_title":"Amusal en los Premios Empresa Flexible 2006 - El Secreto de las Pymes que crecen","og_description":"\u00a1\u00a1Felicitaciones Amusal!! La organizaci\u00f3n empresarial es finalista en los premios Empresa Flexible 2006. Y nosotros, Churba &#038; Portillo, como socios de Amusal estamos encantados. Amusal predica con el ejemplo aplicando medidas de informaci\u00f3n, formaci\u00f3n, flexibilidad ... Leer m\u00e1s","og_url":"https:\/\/www.churbayportillo.com\/blog\/2006\/11\/13\/amusal-en-los-premios-empresa-flexible-2006\/","og_site_name":"El Secreto de las Pymes que crecen","article_publisher":"https:\/\/www.facebook.com\/churbayportillo","article_published_time":"2006-11-13T15:31:31+00:00","article_modified_time":"2022-06-02T10:45:05+00:00","author":"Churba &amp; Portillo","twitter_card":"summary_large_image","twitter_creator":"@elsecreto","twitter_site":"@elsecreto","twitter_misc":{"Escrito por":"Churba &amp; Portillo","Tiempo de lectura":"1 minuto"},"schema":{"@context":"https:\/\/schema.org","@graph":[{"@type":"Article","@id":"https:\/\/www.churbayportillo.com\/blog\/2006\/11\/13\/amusal-en-los-premios-empresa-flexible-2006\/#article","isPartOf":{"@id":"https:\/\/www.churbayportillo.com\/blog\/2006\/11\/13\/amusal-en-los-premios-empresa-flexible-2006\/"},"author":{"name":"Churba &amp; Portillo","@id":"https:\/\/www.churbayportillo.com\/blog\/#\/schema\/person\/2fc3a4622cb1008a5642904445501744"},"headline":"Amusal en los Premios Empresa Flexible 2006","datePublished":"2006-11-13T15:31:31+00:00","dateModified":"2022-06-02T10:45:05+00:00","mainEntityOfPage":{"@id":"https:\/\/www.churbayportillo.com\/blog\/2006\/11\/13\/amusal-en-los-premios-empresa-flexible-2006\/"},"wordCount":123,"commentCount":0,"publisher":{"@id":"https:\/\/www.churbayportillo.com\/blog\/#organization"},"keywords":["Murcia","Pymes","Responsabilidad social"],"articleSection":["General","Murcia","Pymes","Responsabilidad social"],"inLanguage":"es","potentialAction":[{"@type":"CommentAction","name":"Comment","target":["https:\/\/www.churbayportillo.com\/blog\/2006\/11\/13\/amusal-en-los-premios-empresa-flexible-2006\/#respond"]}]},{"@type":"WebPage","@id":"https:\/\/www.churbayportillo.com\/blog\/2006\/11\/13\/amusal-en-los-premios-empresa-flexible-2006\/","url":"https:\/\/www.churbayportillo.com\/blog\/2006\/11\/13\/amusal-en-los-premios-empresa-flexible-2006\/","name":"Amusal en los Premios Empresa Flexible 2006 - El Secreto de las Pymes que crecen","isPartOf":{"@id":"https:\/\/www.churbayportillo.com\/blog\/#website"},"datePublished":"2006-11-13T15:31:31+00:00","dateModified":"2022-06-02T10:45:05+00:00","breadcrumb":{"@id":"https:\/\/www.churbayportillo.com\/blog\/2006\/11\/13\/amusal-en-los-premios-empresa-flexible-2006\/#breadcrumb"},"inLanguage":"es","potentialAction":[{"@type":"ReadAction","target":["https:\/\/www.churbayportillo.com\/blog\/2006\/11\/13\/amusal-en-los-premios-empresa-flexible-2006\/"]}]},{"@type":"BreadcrumbList","@id":"https:\/\/www.churbayportillo.com\/blog\/2006\/11\/13\/amusal-en-los-premios-empresa-flexible-2006\/#breadcrumb","itemListElement":[{"@type":"ListItem","position":1,"name":"Portada","item":"https:\/\/www.churbayportillo.com\/blog\/"},{"@type":"ListItem","position":2,"name":"Amusal en los Premios Empresa Flexible 2006"}]},{"@type":"WebSite","@id":"https:\/\/www.churbayportillo.com\/blog\/#website","url":"https:\/\/www.churbayportillo.com\/blog\/","name":"El Secreto de las Pymes que crecen","description":"Informaci\u00f3n y consejos para vender m\u00e1s","publisher":{"@id":"https:\/\/www.churbayportillo.com\/blog\/#organization"},"potentialAction":[{"@type":"SearchAction","target":{"@type":"EntryPoint","urlTemplate":"https:\/\/www.churbayportillo.com\/blog\/?s={search_term_string}"},"query-input":{"@type":"PropertyValueSpecification","valueRequired":true,"valueName":"search_term_string"}}],"inLanguage":"es"},{"@type":"Organization","@id":"https:\/\/www.churbayportillo.com\/blog\/#organization","name":"El Secreto de las Pymes que crecen","url":"https:\/\/www.churbayportillo.com\/blog\/","logo":{"@type":"ImageObject","inLanguage":"es","@id":"https:\/\/www.churbayportillo.com\/blog\/#\/schema\/logo\/image\/","url":"https:\/\/www.churbayportillo.com\/blog\/wp-content\/uploads\/2021\/12\/logo.png","contentUrl":"https:\/\/www.churbayportillo.com\/blog\/wp-content\/uploads\/2021\/12\/logo.png","width":599,"height":109,"caption":"El Secreto de las Pymes que crecen"},"image":{"@id":"https:\/\/www.churbayportillo.com\/blog\/#\/schema\/logo\/image\/"},"sameAs":["https:\/\/www.facebook.com\/churbayportillo","https:\/\/x.com\/elsecreto"]},{"@type":"Person","@id":"https:\/\/www.churbayportillo.com\/blog\/#\/schema\/person\/2fc3a4622cb1008a5642904445501744","name":"Churba &amp; Portillo","image":{"@type":"ImageObject","inLanguage":"es","@id":"https:\/\/secure.gravatar.com\/avatar\/e1619d8552fc63af843715462c01f255c8e65b2d8c4e60ba835f65dae2539e65?s=96&d=mm&r=g","url":"https:\/\/secure.gravatar.com\/avatar\/e1619d8552fc63af843715462c01f255c8e65b2d8c4e60ba835f65dae2539e65?s=96&d=mm&r=g","contentUrl":"https:\/\/secure.gravatar.com\/avatar\/e1619d8552fc63af843715462c01f255c8e65b2d8c4e60ba835f65dae2539e65?s=96&d=mm&r=g","caption":"Churba &amp; Portillo"},"description":"Churba &amp; Portillo es una agencia de comunicaci\u00f3n y publicidad. Realizamos consultor\u00edas de internet para empresas. Creamos marcas e identidad corporativa. Ofrecemos soluciones completas de Tiendas Online, Contenidos, Desarrollo y Dise\u00f1o Web en WordPress \u00a1el CMS m\u00e1s utilizado en el mundo!","url":"https:\/\/www.churbayportillo.com\/blog\/author\/admin\/"}]}},"jetpack_publicize_connections":[],"jetpack_featured_media_url":"","jetpack-related-posts":[{"id":163,"url":"https:\/\/www.churbayportillo.com\/blog\/2006\/11\/15\/premios-empresa-flexible-2006\/","url_meta":{"origin":151,"position":0},"title":"Premios Empresa Flexible 2006","author":"Churba &amp; Portillo","date":"15 noviembre 2006","format":false,"excerpt":"Acaban de entregarse en Madrid. Y los ganadores son... En la categor\u00eda de peque\u00f1as empresas: Amusal, de Murcia. En la de medianas: Nokia, Madrid. Y en la de grandes, Lacera, de Asturias. Felicitaciones a estas empresas que se esfuerzan en conciliar la vida familiar y laboral. Y muy especialmente a\u2026","rel":"","context":"En \u00abGeneral\u00bb","block_context":{"text":"General","link":"https:\/\/www.churbayportillo.com\/blog\/category\/general\/"},"img":{"alt_text":"","src":"","width":0,"height":0},"classes":[]},{"id":190,"url":"https:\/\/www.churbayportillo.com\/blog\/2006\/12\/12\/la-princesa-letizia-con-las-empresas-flexibles\/","url_meta":{"origin":151,"position":1},"title":"La princesa Letizia con las empresas flexibles","author":"Jorge Churba","date":"12 diciembre 2006","format":false,"excerpt":"El pr\u00f3ximo viernes 15 de diciembre de 2006, Su Alteza Real la Princesa de Asturias recibir\u00e1 a los galardonados con el Premio Empresa Flexible 2006. Se trata de Amusal, organizaci\u00f3n empresarial murciana; el grupo asturiano Lacera y Nokia. El \"Premio a la Empresa Flexible 2006\", concedido por la empresa Comunicaci\u00f3n\u2026","rel":"","context":"En \u00abGeneral\u00bb","block_context":{"text":"General","link":"https:\/\/www.churbayportillo.com\/blog\/category\/general\/"},"img":{"alt_text":"","src":"","width":0,"height":0},"classes":[]},{"id":201,"url":"https:\/\/www.churbayportillo.com\/blog\/2006\/12\/15\/princesa-letizia-con-las-empresas-flexibles-2\/","url_meta":{"origin":151,"position":2},"title":"Princesa Letizia con las empresas flexibles (2)","author":"Churba &amp; Portillo","date":"15 diciembre 2006","format":false,"excerpt":"La princesa de Asturias acaba de recibir a los galardonados con el Premio Empresa Flexible 2006: Amusal, organizaci\u00f3n empresarial murciana; el grupo asturiano Lacera y Nokia. M\u00e1s informaci\u00f3n.","rel":"","context":"En \u00abGeneral\u00bb","block_context":{"text":"General","link":"https:\/\/www.churbayportillo.com\/blog\/category\/general\/"},"img":{"alt_text":"","src":"","width":0,"height":0},"classes":[]},{"id":264,"url":"https:\/\/www.churbayportillo.com\/blog\/2007\/05\/03\/amusal-cumple-20-anos\/","url_meta":{"origin":151,"position":3},"title":"Amusal cumple 20 a\u00f1os","author":"Jorge Churba","date":"3 mayo 2007","format":false,"excerpt":"La organizaci\u00f3n de empresas de econom\u00eda social de Murcia celebra su vig\u00e9simo aniversario por todo lo alto. El viernes 4 de mayo inaugura oficialmente su nueva sede, un singular edificio que ya recibi\u00f3 el premio Ecodise\u00f1o. Amusal ha confiado a Churba & Portillo la creaci\u00f3n de un logo conmemorativo y\u2026","rel":"","context":"En \u00abEmprendedores\u00bb","block_context":{"text":"Emprendedores","link":"https:\/\/www.churbayportillo.com\/blog\/category\/emprendedores\/"},"img":{"alt_text":"","src":"","width":0,"height":0},"classes":[]},{"id":56,"url":"https:\/\/www.churbayportillo.com\/blog\/2006\/06\/27\/renovamos-la-identidad-corporativa-de-amusal\/","url_meta":{"origin":151,"position":4},"title":"Renovamos la identidad corporativa de Amusal","author":"Churba &amp; Portillo","date":"27 junio 2006","format":false,"excerpt":"En Churba & Portillo hemos actualizado la identidad corporativa de Amusal, organizaci\u00f3n empresarial que representa a las Sociedades Laborales y otras empresas murcianas propiedad de sus trabajadores. La nueva identidad corporativa refleja el crecimiento y la consolidaci\u00f3n de Amusal, al igual que su nueva sede social y centro de formaci\u00f3n\u2026","rel":"","context":"En \u00abIdentidad corporativa\u00bb","block_context":{"text":"Identidad corporativa","link":"https:\/\/www.churbayportillo.com\/blog\/category\/identidad-corporativa\/"},"img":{"alt_text":"","src":"","width":0,"height":0},"classes":[]},{"id":119,"url":"https:\/\/www.churbayportillo.com\/blog\/2006\/09\/19\/sistemas-de-gestion-y-organizacion-de-pymes\/","url_meta":{"origin":151,"position":5},"title":"Sistemas de Gesti\u00f3n y Organizaci\u00f3n de Pymes","author":"Churba &amp; Portillo","date":"19 septiembre 2006","format":false,"excerpt":"AMUSAL, organizaci\u00f3n empresarial especializada en asesoramiento a la peque\u00f1a y mediana empresa, ofrecer\u00e1 gratis el pr\u00f3ximo jueves 28 de septiembre una jornada informativa sobre Implantaci\u00f3n de Sistemas de Gesti\u00f3n y Organizaci\u00f3n de Pymes. Ser\u00e1 en el sal\u00f3n de actos del Centro Tecnol\u00f3gico del Metal, en el Pol\u00edgono Industrial Oeste (Murcia),\u2026","rel":"","context":"En \u00abAyudas y subvenciones\u00bb","block_context":{"text":"Ayudas y subvenciones","link":"https:\/\/www.churbayportillo.com\/blog\/category\/ayudas-y-subvenciones\/"},"img":{"alt_text":"","src":"","width":0,"height":0},"classes":[]}],"jetpack_sharing_enabled":true,"_links":{"self":[{"href":"https:\/\/www.churbayportillo.com\/blog\/wp-json\/wp\/v2\/posts\/151","targetHints":{"allow":["GET"]}}],"collection":[{"href":"https:\/\/www.churbayportillo.com\/blog\/wp-json\/wp\/v2\/posts"}],"about":[{"href":"https:\/\/www.churbayportillo.com\/blog\/wp-json\/wp\/v2\/types\/post"}],"author":[{"embeddable":true,"href":"https:\/\/www.churbayportillo.com\/blog\/wp-json\/wp\/v2\/users\/1"}],"replies":[{"embeddable":true,"href":"https:\/\/www.churbayportillo.com\/blog\/wp-json\/wp\/v2\/comments?post=151"}],"version-history":[{"count":0,"href":"https:\/\/www.churbayportillo.com\/blog\/wp-json\/wp\/v2\/posts\/151\/revisions"}],"wp:attachment":[{"href":"https:\/\/www.churbayportillo.com\/blog\/wp-json\/wp\/v2\/media?parent=151"}],"wp:term":[{"taxonomy":"category","embeddable":true,"href":"https:\/\/www.churbayportillo.com\/blog\/wp-json\/wp\/v2\/categories?post=151"},{"taxonomy":"post_tag","embeddable":true,"href":"https:\/\/www.churbayportillo.com\/blog\/wp-json\/wp\/v2\/tags?post=151"}],"curies":[{"name":"wp","href":"https:\/\/api.w.org\/{rel}","templated":true}]}}