{"id":15325,"date":"2011-11-08T09:51:48","date_gmt":"2011-11-08T08:51:48","guid":{"rendered":"https:\/\/www.churbayportillo.com\/blog\/?p=15325"},"modified":"2011-11-08T09:51:48","modified_gmt":"2011-11-08T08:51:48","slug":"debate-1-0-rajoy-rubalcaba","status":"publish","type":"post","link":"https:\/\/www.churbayportillo.com\/blog\/2011\/11\/08\/debate-1-0-rajoy-rubalcaba\/","title":{"rendered":"Debate 1.0: Rajoy-Rubalcaba"},"content":{"rendered":"<p><img loading=\"lazy\" decoding=\"async\" class=\"aligncenter size-full wp-image-15338\" title=\"Tuit #eldebate\" src=\"https:\/\/screto.s3.amazonaws.com\/uploads\/2011\/11\/Tuit-eldebate.jpg\" alt=\"Tuit #eldebate\" width=\"400\" height=\"143\" srcset=\"https:\/\/www.churbayportillo.com\/blog\/wp-content\/uploads\/2011\/11\/Tuit-eldebate.jpg 400w, https:\/\/www.churbayportillo.com\/blog\/wp-content\/uploads\/2011\/11\/Tuit-eldebate-300x107.jpg 300w\" sizes=\"auto, (max-width: 400px) 100vw, 400px\" \/><\/p>\n<p>Ayer vimos una antig\u00fcedad: dos se\u00f1ores que hablaban sin escuchar. Dos se\u00f1ores que en el siglo XXI, cuando las <a title=\"Comunicaci\u00f3n en El Secreto\" href=\"https:\/\/www.churbayportillo.com\/blog\/tag\/comunicacion\/\">comunicaciones<\/a> son de t\u00fa a t\u00fa, se aislaron del resto de la sociedad para escucharse a s\u00ed mismos.<!--more--><\/p>\n<p>Todo estaba controlado.<\/p>\n<p>Nadie pod\u00eda acercarse.<\/p>\n<p>Ni siquiera los periodistas.<\/p>\n<p>Los ciudadanos est\u00e1bamos muy lejos y los pol\u00edticos no quer\u00edan ni siquiera escuchar nuestras preguntas ni ver los miles y miles de opiniones que corr\u00edan por <a title=\"Twitter en El Secreto\" href=\"https:\/\/www.churbayportillo.com\/blog\/tag\/twitter\/\">Twitter<\/a>.<\/p>\n<p>Mientras muchas empresas llevamos tiempo embarcados en el di\u00e1logo con los ciudadanos, en la comunicaci\u00f3n entre personas, nuestros pol\u00edticos no van m\u00e1s all\u00e1 de un mon\u00f3logo a d\u00fao.<\/p>\n<p>Mientras las empresas estamos en la comunicaci\u00f3n 2.0, e incluso 3 o 4.0, Rajoy y Rubalcaba, Rubalcaba y Rajoy protagonizaron un debate 1.0.<\/p>\n","protected":false},"excerpt":{"rendered":"<p>Ayer vimos una antig\u00fcedad: dos se\u00f1ores que hablaban sin escuchar. Dos se\u00f1ores que en el siglo XXI, cuando las comunicaciones son de t\u00fa a t\u00fa, se aislaron del resto de la sociedad para escucharse a &#8230; <a title=\"Debate 1.0: Rajoy-Rubalcaba\" class=\"read-more\" href=\"https:\/\/www.churbayportillo.com\/blog\/2011\/11\/08\/debate-1-0-rajoy-rubalcaba\/\" aria-label=\"Leer m\u00e1s sobre Debate 1.0: Rajoy-Rubalcaba\">Leer m\u00e1s<\/a><\/p>\n","protected":false},"author":3,"featured_media":0,"comment_status":"open","ping_status":"open","sticky":false,"template":"","format":"standard","meta":{"_jetpack_memberships_contains_paid_content":false,"footnotes":"","jetpack_publicize_message":"","jetpack_publicize_feature_enabled":true,"jetpack_social_post_already_shared":false,"jetpack_social_options":{"image_generator_settings":{"template":"highway","default_image_id":0,"font":"","enabled":false},"version":2}},"categories":[1,13],"tags":[807,704,139],"class_list":["post-15325","post","type-post","status-publish","format-standard","hentry","category-general","category-responsabilidad-social","tag-comunicacion","tag-empresas","tag-twitter"],"yoast_head":"<!-- This site is optimized with the Yoast SEO plugin v27.2 - https:\/\/yoast.com\/product\/yoast-seo-wordpress\/ -->\n<title>Debate 1.0: Rajoy-Rubalcaba - El Secreto de las Pymes que crecen<\/title>\n<meta name=\"robots\" content=\"index, follow, max-snippet:-1, max-image-preview:large, max-video-preview:-1\" \/>\n<link rel=\"canonical\" href=\"https:\/\/www.churbayportillo.com\/blog\/2011\/11\/08\/debate-1-0-rajoy-rubalcaba\/\" \/>\n<meta property=\"og:locale\" content=\"es_ES\" \/>\n<meta property=\"og:type\" content=\"article\" \/>\n<meta property=\"og:title\" content=\"Debate 1.0: Rajoy-Rubalcaba - El Secreto de las Pymes que crecen\" \/>\n<meta property=\"og:description\" content=\"Ayer vimos una antig\u00fcedad: dos se\u00f1ores que hablaban sin escuchar. Dos se\u00f1ores que en el siglo XXI, cuando las comunicaciones son de t\u00fa a t\u00fa, se aislaron del resto de la sociedad para escucharse a ... Leer m\u00e1s\" \/>\n<meta property=\"og:url\" content=\"https:\/\/www.churbayportillo.com\/blog\/2011\/11\/08\/debate-1-0-rajoy-rubalcaba\/\" \/>\n<meta property=\"og:site_name\" content=\"El Secreto de las Pymes que crecen\" \/>\n<meta property=\"article:publisher\" content=\"https:\/\/www.facebook.com\/churbayportillo\" \/>\n<meta property=\"article:published_time\" content=\"2011-11-08T08:51:48+00:00\" \/>\n<meta property=\"og:image\" content=\"https:\/\/screto.s3.amazonaws.com\/uploads\/2011\/11\/Tuit-eldebate.jpg\" \/>\n<meta name=\"author\" content=\"Jorge Churba\" \/>\n<meta name=\"twitter:card\" content=\"summary_large_image\" \/>\n<meta name=\"twitter:creator\" content=\"@elsecreto\" \/>\n<meta name=\"twitter:site\" content=\"@elsecreto\" \/>\n<meta name=\"twitter:label1\" content=\"Escrito por\" \/>\n\t<meta name=\"twitter:data1\" content=\"Jorge Churba\" \/>\n\t<meta name=\"twitter:label2\" content=\"Tiempo de lectura\" \/>\n\t<meta name=\"twitter:data2\" content=\"1 minuto\" \/>\n<script type=\"application\/ld+json\" class=\"yoast-schema-graph\">{\"@context\":\"https:\/\/schema.org\",\"@graph\":[{\"@type\":\"Article\",\"@id\":\"https:\/\/www.churbayportillo.com\/blog\/2011\/11\/08\/debate-1-0-rajoy-rubalcaba\/#article\",\"isPartOf\":{\"@id\":\"https:\/\/www.churbayportillo.com\/blog\/2011\/11\/08\/debate-1-0-rajoy-rubalcaba\/\"},\"author\":{\"name\":\"Jorge Churba\",\"@id\":\"https:\/\/www.churbayportillo.com\/blog\/#\/schema\/person\/327f5e9fbcbeeb46bb1a6a1b69a3136b\"},\"headline\":\"Debate 1.0: Rajoy-Rubalcaba\",\"datePublished\":\"2011-11-08T08:51:48+00:00\",\"mainEntityOfPage\":{\"@id\":\"https:\/\/www.churbayportillo.com\/blog\/2011\/11\/08\/debate-1-0-rajoy-rubalcaba\/\"},\"wordCount\":138,\"commentCount\":2,\"publisher\":{\"@id\":\"https:\/\/www.churbayportillo.com\/blog\/#organization\"},\"image\":{\"@id\":\"https:\/\/www.churbayportillo.com\/blog\/2011\/11\/08\/debate-1-0-rajoy-rubalcaba\/#primaryimage\"},\"thumbnailUrl\":\"https:\/\/screto.s3.amazonaws.com\/uploads\/2011\/11\/Tuit-eldebate.jpg\",\"keywords\":[\"comunicaci\u00f3n\",\"Empresas\",\"twitter\"],\"articleSection\":[\"General\",\"Responsabilidad social\"],\"inLanguage\":\"es\",\"potentialAction\":[{\"@type\":\"CommentAction\",\"name\":\"Comment\",\"target\":[\"https:\/\/www.churbayportillo.com\/blog\/2011\/11\/08\/debate-1-0-rajoy-rubalcaba\/#respond\"]}]},{\"@type\":\"WebPage\",\"@id\":\"https:\/\/www.churbayportillo.com\/blog\/2011\/11\/08\/debate-1-0-rajoy-rubalcaba\/\",\"url\":\"https:\/\/www.churbayportillo.com\/blog\/2011\/11\/08\/debate-1-0-rajoy-rubalcaba\/\",\"name\":\"Debate 1.0: Rajoy-Rubalcaba - El Secreto de las Pymes que crecen\",\"isPartOf\":{\"@id\":\"https:\/\/www.churbayportillo.com\/blog\/#website\"},\"primaryImageOfPage\":{\"@id\":\"https:\/\/www.churbayportillo.com\/blog\/2011\/11\/08\/debate-1-0-rajoy-rubalcaba\/#primaryimage\"},\"image\":{\"@id\":\"https:\/\/www.churbayportillo.com\/blog\/2011\/11\/08\/debate-1-0-rajoy-rubalcaba\/#primaryimage\"},\"thumbnailUrl\":\"https:\/\/screto.s3.amazonaws.com\/uploads\/2011\/11\/Tuit-eldebate.jpg\",\"datePublished\":\"2011-11-08T08:51:48+00:00\",\"breadcrumb\":{\"@id\":\"https:\/\/www.churbayportillo.com\/blog\/2011\/11\/08\/debate-1-0-rajoy-rubalcaba\/#breadcrumb\"},\"inLanguage\":\"es\",\"potentialAction\":[{\"@type\":\"ReadAction\",\"target\":[\"https:\/\/www.churbayportillo.com\/blog\/2011\/11\/08\/debate-1-0-rajoy-rubalcaba\/\"]}]},{\"@type\":\"ImageObject\",\"inLanguage\":\"es\",\"@id\":\"https:\/\/www.churbayportillo.com\/blog\/2011\/11\/08\/debate-1-0-rajoy-rubalcaba\/#primaryimage\",\"url\":\"https:\/\/screto.s3.amazonaws.com\/uploads\/2011\/11\/Tuit-eldebate.jpg\",\"contentUrl\":\"https:\/\/screto.s3.amazonaws.com\/uploads\/2011\/11\/Tuit-eldebate.jpg\"},{\"@type\":\"BreadcrumbList\",\"@id\":\"https:\/\/www.churbayportillo.com\/blog\/2011\/11\/08\/debate-1-0-rajoy-rubalcaba\/#breadcrumb\",\"itemListElement\":[{\"@type\":\"ListItem\",\"position\":1,\"name\":\"Portada\",\"item\":\"https:\/\/www.churbayportillo.com\/blog\/\"},{\"@type\":\"ListItem\",\"position\":2,\"name\":\"Debate 1.0: Rajoy-Rubalcaba\"}]},{\"@type\":\"WebSite\",\"@id\":\"https:\/\/www.churbayportillo.com\/blog\/#website\",\"url\":\"https:\/\/www.churbayportillo.com\/blog\/\",\"name\":\"El Secreto de las Pymes que crecen\",\"description\":\"Informaci\u00f3n y consejos para vender m\u00e1s\",\"publisher\":{\"@id\":\"https:\/\/www.churbayportillo.com\/blog\/#organization\"},\"potentialAction\":[{\"@type\":\"SearchAction\",\"target\":{\"@type\":\"EntryPoint\",\"urlTemplate\":\"https:\/\/www.churbayportillo.com\/blog\/?s={search_term_string}\"},\"query-input\":{\"@type\":\"PropertyValueSpecification\",\"valueRequired\":true,\"valueName\":\"search_term_string\"}}],\"inLanguage\":\"es\"},{\"@type\":\"Organization\",\"@id\":\"https:\/\/www.churbayportillo.com\/blog\/#organization\",\"name\":\"El Secreto de las Pymes que crecen\",\"url\":\"https:\/\/www.churbayportillo.com\/blog\/\",\"logo\":{\"@type\":\"ImageObject\",\"inLanguage\":\"es\",\"@id\":\"https:\/\/www.churbayportillo.com\/blog\/#\/schema\/logo\/image\/\",\"url\":\"https:\/\/www.churbayportillo.com\/blog\/wp-content\/uploads\/2021\/12\/logo.png\",\"contentUrl\":\"https:\/\/www.churbayportillo.com\/blog\/wp-content\/uploads\/2021\/12\/logo.png\",\"width\":599,\"height\":109,\"caption\":\"El Secreto de las Pymes que crecen\"},\"image\":{\"@id\":\"https:\/\/www.churbayportillo.com\/blog\/#\/schema\/logo\/image\/\"},\"sameAs\":[\"https:\/\/www.facebook.com\/churbayportillo\",\"https:\/\/x.com\/elsecreto\"]},{\"@type\":\"Person\",\"@id\":\"https:\/\/www.churbayportillo.com\/blog\/#\/schema\/person\/327f5e9fbcbeeb46bb1a6a1b69a3136b\",\"name\":\"Jorge Churba\",\"image\":{\"@type\":\"ImageObject\",\"inLanguage\":\"es\",\"@id\":\"https:\/\/secure.gravatar.com\/avatar\/c5f9205dc97a66e1143b707b76fe364da0a694698284e0bc4f5629e814e5ee66?s=96&d=mm&r=g\",\"url\":\"https:\/\/secure.gravatar.com\/avatar\/c5f9205dc97a66e1143b707b76fe364da0a694698284e0bc4f5629e814e5ee66?s=96&d=mm&r=g\",\"contentUrl\":\"https:\/\/secure.gravatar.com\/avatar\/c5f9205dc97a66e1143b707b76fe364da0a694698284e0bc4f5629e814e5ee66?s=96&d=mm&r=g\",\"caption\":\"Jorge Churba\"},\"description\":\"Me comunico, luego existo. Autor del Diccionario Pr\u00e1ctico de Internet para Emprendedores. Fundador de Churba &amp; Portillo y trabajador en Internet. S\u00edgueme en Twitter\",\"sameAs\":[\"https:\/\/www.churbayportillo.com\/blog\"],\"url\":\"https:\/\/www.churbayportillo.com\/blog\/author\/jorge\/\"}]}<\/script>\n<!-- \/ Yoast SEO plugin. -->","yoast_head_json":{"title":"Debate 1.0: Rajoy-Rubalcaba - El Secreto de las Pymes que crecen","robots":{"index":"index","follow":"follow","max-snippet":"max-snippet:-1","max-image-preview":"max-image-preview:large","max-video-preview":"max-video-preview:-1"},"canonical":"https:\/\/www.churbayportillo.com\/blog\/2011\/11\/08\/debate-1-0-rajoy-rubalcaba\/","og_locale":"es_ES","og_type":"article","og_title":"Debate 1.0: Rajoy-Rubalcaba - El Secreto de las Pymes que crecen","og_description":"Ayer vimos una antig\u00fcedad: dos se\u00f1ores que hablaban sin escuchar. Dos se\u00f1ores que en el siglo XXI, cuando las comunicaciones son de t\u00fa a t\u00fa, se aislaron del resto de la sociedad para escucharse a ... Leer m\u00e1s","og_url":"https:\/\/www.churbayportillo.com\/blog\/2011\/11\/08\/debate-1-0-rajoy-rubalcaba\/","og_site_name":"El Secreto de las Pymes que crecen","article_publisher":"https:\/\/www.facebook.com\/churbayportillo","article_published_time":"2011-11-08T08:51:48+00:00","og_image":[{"url":"https:\/\/screto.s3.amazonaws.com\/uploads\/2011\/11\/Tuit-eldebate.jpg","type":"","width":"","height":""}],"author":"Jorge Churba","twitter_card":"summary_large_image","twitter_creator":"@elsecreto","twitter_site":"@elsecreto","twitter_misc":{"Escrito por":"Jorge Churba","Tiempo de lectura":"1 minuto"},"schema":{"@context":"https:\/\/schema.org","@graph":[{"@type":"Article","@id":"https:\/\/www.churbayportillo.com\/blog\/2011\/11\/08\/debate-1-0-rajoy-rubalcaba\/#article","isPartOf":{"@id":"https:\/\/www.churbayportillo.com\/blog\/2011\/11\/08\/debate-1-0-rajoy-rubalcaba\/"},"author":{"name":"Jorge Churba","@id":"https:\/\/www.churbayportillo.com\/blog\/#\/schema\/person\/327f5e9fbcbeeb46bb1a6a1b69a3136b"},"headline":"Debate 1.0: Rajoy-Rubalcaba","datePublished":"2011-11-08T08:51:48+00:00","mainEntityOfPage":{"@id":"https:\/\/www.churbayportillo.com\/blog\/2011\/11\/08\/debate-1-0-rajoy-rubalcaba\/"},"wordCount":138,"commentCount":2,"publisher":{"@id":"https:\/\/www.churbayportillo.com\/blog\/#organization"},"image":{"@id":"https:\/\/www.churbayportillo.com\/blog\/2011\/11\/08\/debate-1-0-rajoy-rubalcaba\/#primaryimage"},"thumbnailUrl":"https:\/\/screto.s3.amazonaws.com\/uploads\/2011\/11\/Tuit-eldebate.jpg","keywords":["comunicaci\u00f3n","Empresas","twitter"],"articleSection":["General","Responsabilidad social"],"inLanguage":"es","potentialAction":[{"@type":"CommentAction","name":"Comment","target":["https:\/\/www.churbayportillo.com\/blog\/2011\/11\/08\/debate-1-0-rajoy-rubalcaba\/#respond"]}]},{"@type":"WebPage","@id":"https:\/\/www.churbayportillo.com\/blog\/2011\/11\/08\/debate-1-0-rajoy-rubalcaba\/","url":"https:\/\/www.churbayportillo.com\/blog\/2011\/11\/08\/debate-1-0-rajoy-rubalcaba\/","name":"Debate 1.0: Rajoy-Rubalcaba - El Secreto de las Pymes que crecen","isPartOf":{"@id":"https:\/\/www.churbayportillo.com\/blog\/#website"},"primaryImageOfPage":{"@id":"https:\/\/www.churbayportillo.com\/blog\/2011\/11\/08\/debate-1-0-rajoy-rubalcaba\/#primaryimage"},"image":{"@id":"https:\/\/www.churbayportillo.com\/blog\/2011\/11\/08\/debate-1-0-rajoy-rubalcaba\/#primaryimage"},"thumbnailUrl":"https:\/\/screto.s3.amazonaws.com\/uploads\/2011\/11\/Tuit-eldebate.jpg","datePublished":"2011-11-08T08:51:48+00:00","breadcrumb":{"@id":"https:\/\/www.churbayportillo.com\/blog\/2011\/11\/08\/debate-1-0-rajoy-rubalcaba\/#breadcrumb"},"inLanguage":"es","potentialAction":[{"@type":"ReadAction","target":["https:\/\/www.churbayportillo.com\/blog\/2011\/11\/08\/debate-1-0-rajoy-rubalcaba\/"]}]},{"@type":"ImageObject","inLanguage":"es","@id":"https:\/\/www.churbayportillo.com\/blog\/2011\/11\/08\/debate-1-0-rajoy-rubalcaba\/#primaryimage","url":"https:\/\/screto.s3.amazonaws.com\/uploads\/2011\/11\/Tuit-eldebate.jpg","contentUrl":"https:\/\/screto.s3.amazonaws.com\/uploads\/2011\/11\/Tuit-eldebate.jpg"},{"@type":"BreadcrumbList","@id":"https:\/\/www.churbayportillo.com\/blog\/2011\/11\/08\/debate-1-0-rajoy-rubalcaba\/#breadcrumb","itemListElement":[{"@type":"ListItem","position":1,"name":"Portada","item":"https:\/\/www.churbayportillo.com\/blog\/"},{"@type":"ListItem","position":2,"name":"Debate 1.0: Rajoy-Rubalcaba"}]},{"@type":"WebSite","@id":"https:\/\/www.churbayportillo.com\/blog\/#website","url":"https:\/\/www.churbayportillo.com\/blog\/","name":"El Secreto de las Pymes que crecen","description":"Informaci\u00f3n y consejos para vender m\u00e1s","publisher":{"@id":"https:\/\/www.churbayportillo.com\/blog\/#organization"},"potentialAction":[{"@type":"SearchAction","target":{"@type":"EntryPoint","urlTemplate":"https:\/\/www.churbayportillo.com\/blog\/?s={search_term_string}"},"query-input":{"@type":"PropertyValueSpecification","valueRequired":true,"valueName":"search_term_string"}}],"inLanguage":"es"},{"@type":"Organization","@id":"https:\/\/www.churbayportillo.com\/blog\/#organization","name":"El Secreto de las Pymes que crecen","url":"https:\/\/www.churbayportillo.com\/blog\/","logo":{"@type":"ImageObject","inLanguage":"es","@id":"https:\/\/www.churbayportillo.com\/blog\/#\/schema\/logo\/image\/","url":"https:\/\/www.churbayportillo.com\/blog\/wp-content\/uploads\/2021\/12\/logo.png","contentUrl":"https:\/\/www.churbayportillo.com\/blog\/wp-content\/uploads\/2021\/12\/logo.png","width":599,"height":109,"caption":"El Secreto de las Pymes que crecen"},"image":{"@id":"https:\/\/www.churbayportillo.com\/blog\/#\/schema\/logo\/image\/"},"sameAs":["https:\/\/www.facebook.com\/churbayportillo","https:\/\/x.com\/elsecreto"]},{"@type":"Person","@id":"https:\/\/www.churbayportillo.com\/blog\/#\/schema\/person\/327f5e9fbcbeeb46bb1a6a1b69a3136b","name":"Jorge Churba","image":{"@type":"ImageObject","inLanguage":"es","@id":"https:\/\/secure.gravatar.com\/avatar\/c5f9205dc97a66e1143b707b76fe364da0a694698284e0bc4f5629e814e5ee66?s=96&d=mm&r=g","url":"https:\/\/secure.gravatar.com\/avatar\/c5f9205dc97a66e1143b707b76fe364da0a694698284e0bc4f5629e814e5ee66?s=96&d=mm&r=g","contentUrl":"https:\/\/secure.gravatar.com\/avatar\/c5f9205dc97a66e1143b707b76fe364da0a694698284e0bc4f5629e814e5ee66?s=96&d=mm&r=g","caption":"Jorge Churba"},"description":"Me comunico, luego existo. Autor del Diccionario Pr\u00e1ctico de Internet para Emprendedores. Fundador de Churba &amp; Portillo y trabajador en Internet. S\u00edgueme en Twitter","sameAs":["https:\/\/www.churbayportillo.com\/blog"],"url":"https:\/\/www.churbayportillo.com\/blog\/author\/jorge\/"}]}},"jetpack_publicize_connections":[],"jetpack_featured_media_url":"","jetpack-related-posts":[{"id":14416,"url":"https:\/\/www.churbayportillo.com\/blog\/2011\/08\/22\/twitter-seguidores-de-calidad\/","url_meta":{"origin":15325,"position":0},"title":"Twitter: seguidores de calidad","author":"Jorge Churba","date":"22 agosto 2011","format":false,"excerpt":"Hay quien est\u00e1 obsesionado con conseguir r\u00e1pidamente muchos seguidores en Twitter, sin importar siquiera si tiene un idioma com\u00fan con ellos. Pero, \u00bfsirve verdaderamente \u00e9sto para algo? \u00bfcontribuye a establecer relaciones duraderas con los clientes? Twitter favorece las conversaciones individuales o en grupos y ese es uno de sus principales\u2026","rel":"","context":"En \u00abBlogs\u00bb","block_context":{"text":"Blogs","link":"https:\/\/www.churbayportillo.com\/blog\/category\/blogs\/"},"img":{"alt_text":"Interacciones","src":"https:\/\/i0.wp.com\/screto.s3.amazonaws.com\/uploads\/2011\/08\/interacciones.jpg?resize=350%2C200&ssl=1","width":350,"height":200},"classes":[]},{"id":13373,"url":"https:\/\/www.churbayportillo.com\/blog\/2011\/05\/23\/twitter-la-revolucion\/","url_meta":{"origin":15325,"position":1},"title":"Twitter, la revoluci\u00f3n","author":"Jorge Churba","date":"23 mayo 2011","format":false,"excerpt":"Gracias al movimiento #15M mucha gente se enter\u00f3 de la existencia de Twitter. Otros que lo hab\u00edan o\u00eddo nombrar pero no lo usaban, se abrieron una cuenta. Y la noticias se llenaron de trending topics y hashtags. El movimiento #15M demostr\u00f3 la enorme y adem\u00e1s creciente importancia de Internet en\u2026","rel":"","context":"En \u00abBlogs\u00bb","block_context":{"text":"Blogs","link":"https:\/\/www.churbayportillo.com\/blog\/category\/blogs\/"},"img":{"alt_text":"pajarito Twitter","src":"https:\/\/i0.wp.com\/www.churbayportillo.com\/blog\/wp-content\/uploads\/2009\/08\/pajarito-Twitter.png?resize=350%2C200&ssl=1","width":350,"height":200},"classes":[]},{"id":5503,"url":"https:\/\/www.churbayportillo.com\/blog\/2009\/07\/13\/en-twitter-tu-empresa-como-una-reina\/","url_meta":{"origin":15325,"position":2},"title":"En Twitter, tu empresa como una reina","author":"Jorge Churba","date":"13 julio 2009","format":false,"excerpt":"Las monarqu\u00edas ya no son lo que eran, necesitan una comunicaci\u00f3n directa con la gente. Por eso la Casa Real brit\u00e1nica est\u00e1 en Twitter. Igual que muchos pol\u00edticos, actores y deportistas. \u00bfY tu empresa? La monarqu\u00eda brit\u00e1nica nos cuenta que el 13 de julio a las once habr\u00e1 cambio de\u2026","rel":"","context":"En \u00abComercio electr\u00f3nico\u00bb","block_context":{"text":"Comercio electr\u00f3nico","link":"https:\/\/www.churbayportillo.com\/blog\/category\/comercio-electronico\/"},"img":{"alt_text":"","src":"https:\/\/i0.wp.com\/www.churbayportillo.com\/blog\/wp-content\/uploads\/2009\/07\/twitter.jpg?resize=350%2C200&ssl=1","width":350,"height":200},"classes":[]},{"id":6242,"url":"https:\/\/www.churbayportillo.com\/blog\/2009\/09\/07\/%c2%bfpor-que-mi-empresa-debe-estar-en-twitter-si-mis-clientes-ni-siquiera-lo-conocen\/","url_meta":{"origin":15325,"position":3},"title":"\u00bfPor qu\u00e9 mi empresa debe estar en Twitter si mis clientes ni siquiera lo conocen?","author":"Jorge Churba","date":"7 septiembre 2009","format":false,"excerpt":"Es cierto hay much\u00edsima gente que no sabe qu\u00e9 es Twitter y otra que s\u00ed lo conoce, pero que no encuentra razones para que su empresa est\u00e9 en Twitter. Sin embargo, todas las empresas pueden obtener beneficios de Twitter. Aqu\u00ed tienes cinco razones para abrir la cuenta de tu empresa\u2026","rel":"","context":"En \u00abBranding\u00bb","block_context":{"text":"Branding","link":"https:\/\/www.churbayportillo.com\/blog\/category\/branding\/"},"img":{"alt_text":"pajarito Twitter","src":"https:\/\/i0.wp.com\/www.churbayportillo.com\/blog\/wp-content\/uploads\/2009\/08\/pajarito-Twitter.png?resize=350%2C200&ssl=1","width":350,"height":200},"classes":[]},{"id":11400,"url":"https:\/\/www.churbayportillo.com\/blog\/2010\/10\/27\/twitter-eso-que-usan-los-ninos\/","url_meta":{"origin":15325,"position":4},"title":"\u00bfTwitter? Eso que usan los ni\u00f1os","author":"Jorge Churba","date":"27 octubre 2010","format":false,"excerpt":"Ayer me ocurri\u00f3 otra vez, al mencionarle Twitter a la propietaria de una peque\u00f1a empresa me respondi\u00f3: \u00bfTwitter? Eso que usan los chavales. Y tuve que contestar, una vez m\u00e1s, no, me parece que est\u00e1s hablando de Tuenti. En mi experiencia, son mayor\u00eda los responsables de peque\u00f1as empresas que no\u2026","rel":"","context":"En \u00abBlogs\u00bb","block_context":{"text":"Blogs","link":"https:\/\/www.churbayportillo.com\/blog\/category\/blogs\/"},"img":{"alt_text":"","src":"https:\/\/i0.wp.com\/www.churbayportillo.com\/blog\/wp-content\/uploads\/2009\/08\/pajarito-Twitter.png?resize=350%2C200&ssl=1","width":350,"height":200},"classes":[]},{"id":9171,"url":"https:\/\/www.churbayportillo.com\/blog\/2010\/05\/11\/aprender-de-los-errores\/","url_meta":{"origin":15325,"position":5},"title":"Aprender de los errores","author":"Jorge Churba","date":"11 mayo 2010","format":false,"excerpt":"Todos cometemos errores. Tambi\u00e9n las organizaciones compuestas por personas, como empresas y organismos sociales cometen errores. Pero algunas aprenden de sus errores y otras los niegan. Ayer, como suele suceder, los seguidores de un pol\u00edtico, enfrentados a uno de sus errores lo negaron y como acostumbran, nos dijeron que sus\u2026","rel":"","context":"En \u00abEmprendedores\u00bb","block_context":{"text":"Emprendedores","link":"https:\/\/www.churbayportillo.com\/blog\/category\/emprendedores\/"},"img":{"alt_text":"","src":"https:\/\/i0.wp.com\/screto.s3.amazonaws.com\/uploads\/2010\/05\/Bug-de-Twitter.jpg?resize=350%2C200&ssl=1","width":350,"height":200},"classes":[]}],"jetpack_sharing_enabled":true,"_links":{"self":[{"href":"https:\/\/www.churbayportillo.com\/blog\/wp-json\/wp\/v2\/posts\/15325","targetHints":{"allow":["GET"]}}],"collection":[{"href":"https:\/\/www.churbayportillo.com\/blog\/wp-json\/wp\/v2\/posts"}],"about":[{"href":"https:\/\/www.churbayportillo.com\/blog\/wp-json\/wp\/v2\/types\/post"}],"author":[{"embeddable":true,"href":"https:\/\/www.churbayportillo.com\/blog\/wp-json\/wp\/v2\/users\/3"}],"replies":[{"embeddable":true,"href":"https:\/\/www.churbayportillo.com\/blog\/wp-json\/wp\/v2\/comments?post=15325"}],"version-history":[{"count":0,"href":"https:\/\/www.churbayportillo.com\/blog\/wp-json\/wp\/v2\/posts\/15325\/revisions"}],"wp:attachment":[{"href":"https:\/\/www.churbayportillo.com\/blog\/wp-json\/wp\/v2\/media?parent=15325"}],"wp:term":[{"taxonomy":"category","embeddable":true,"href":"https:\/\/www.churbayportillo.com\/blog\/wp-json\/wp\/v2\/categories?post=15325"},{"taxonomy":"post_tag","embeddable":true,"href":"https:\/\/www.churbayportillo.com\/blog\/wp-json\/wp\/v2\/tags?post=15325"}],"curies":[{"name":"wp","href":"https:\/\/api.w.org\/{rel}","templated":true}]}}