{"id":16004,"date":"2012-01-05T13:33:00","date_gmt":"2012-01-05T12:33:00","guid":{"rendered":"https:\/\/www.churbayportillo.com\/blog\/?p=16004"},"modified":"2022-07-28T12:23:45","modified_gmt":"2022-07-28T10:23:45","slug":"formacion-gratis-o-mejor-dicho-deducible-de-la-cuota-a-la-seguridad-social","status":"publish","type":"post","link":"https:\/\/www.churbayportillo.com\/blog\/2012\/01\/05\/formacion-gratis-o-mejor-dicho-deducible-de-la-cuota-a-la-seguridad-social\/","title":{"rendered":"Formaci\u00f3n gratis o, mejor dicho, deducible  de la cuota a la Seguridad Social"},"content":{"rendered":"<p><em>El autor de esta entrada es <strong>Daniel Robles<\/strong>, experto en temas de formaci\u00f3n empresarial, fundador y director de Amyca Escuela de Negocios, quien aborda aqu\u00ed el tema de la deducci\u00f3n del coste de la\u00a0 formaci\u00f3n de tus trabajadores de las cuotas de la Seguridad Social.<\/em><\/p>\n<p><em><img loading=\"lazy\" decoding=\"async\" class=\"aligncenter size-full wp-image-16040\" title=\"Escuela de negocios\" src=\"https:\/\/screto.s3.amazonaws.com\/uploads\/2012\/01\/business-school.jpg\" alt=\"Escuea de negocios\" width=\"450\" height=\"148\" srcset=\"https:\/\/www.churbayportillo.com\/blog\/wp-content\/uploads\/2012\/01\/business-school.jpg 450w, https:\/\/www.churbayportillo.com\/blog\/wp-content\/uploads\/2012\/01\/business-school-300x98.jpg 300w\" sizes=\"auto, (max-width: 450px) 100vw, 450px\" \/><br \/>\n<\/em><\/p>\n<p>&nbsp;<\/p>\n<p>Todos los a\u00f1os los empresarios pueden organizar un plan de formaci\u00f3n para sus trabajadores y deducir su coste de la cuota a la seguridad social del mes siguiente a la conclusi\u00f3n de los cursos. Este sistema permite la formaci\u00f3n continua de los trabajadores de\u00a0 una forma f\u00e1cil y adaptada a la empresa, sin necesidad de solicitar subvenciones ni realizar papeleos imposibles.<!--more--><\/p>\n<p>No todas las empresas disponen del mismo dinero, depende de los trabajadores que tuvieron contratados en el ejercicio anterior, ya que su cr\u00e9dito est\u00e1 calculado en base a un porcentaje de lo que se ingres\u00f3 a la seguridad Social en ese a\u00f1o en concepto de cuotas. Por peque\u00f1a que sea tu empresa esta cantidad de dinero nunca es inferior a 420 euros, suficiente para organizar un par de cursos b\u00e1sicos.<\/p>\n<p>La Fundaci\u00f3n Tripartita para la formaci\u00f3n en el Empleo es la instituci\u00f3n que\u00a0 gestiona la formaci\u00f3n continua de los trabajadores, es una instituci\u00f3n de car\u00e1cter p\u00fablico estatal cuyo patronato est\u00e1 constituido por la Administraci\u00f3n P\u00fablica, los Sindicatos y las Organizaciones Empresariales.<\/p>\n<p>Este dinero no es acumulable a\u00f1o a a\u00f1o, por lo que si se llega al 31 de diciembre y no se ha consumido, el dinero se pierde, por eso es muy interesante tener planificadas con tiempo las acciones formativas necesarias para la actualizaci\u00f3n de conocimientos de los empleados.<\/p>\n<p>Una an\u00e9cdota de este sistema de formaci\u00f3n bonificada es que no es aplicable a empresarios. El sistema solo permite la bonifican de la formaci\u00f3n para trabajadores de la empresa.<\/p>\n<p>Si quieres una recomendaci\u00f3n para realizar un curso que seguro te interesa puedes ver la informaci\u00f3n del <a title=\"Talleres de blogs en Murcia y Cartagena\" href=\"https:\/\/www.churbayportillo.com\/blog\/2011\/11\/29\/talleres-de-blogs-en-murcia-y-cartagena\/\">Taller de Creaci\u00f3n de Blogs<\/a> que impartimos en AJE Cartagena el pr\u00f3ximo 20 de enero.<\/p>\n<p>Este curso en concreto puede ser completamente bonificado ya que Amyca escuela de negocios realiza esta gesti\u00f3n a trav\u00e9s de la\u00a0 Fundaci\u00f3n Tripartita sin coste suplementario. Amyca es centro de formaci\u00f3n homologado y puede calcular la cuant\u00eda de los cr\u00e9ditos de los que dispones y realizar las gestiones y todos los tr\u00e1mites para su completa bonificaci\u00f3n.<\/p>\n<p>Foto cortes\u00eda de <a href=\"https:\/\/www.flickr.com\/photos\/maysbusinessschool\/4506244976\/\">Mays Business School<\/a><\/p>\n","protected":false},"excerpt":{"rendered":"<p>El autor de esta entrada es Daniel Robles, experto en temas de formaci\u00f3n empresarial, fundador y director de Amyca Escuela de Negocios, quien aborda aqu\u00ed el tema de la deducci\u00f3n del coste de la\u00a0 formaci\u00f3n &#8230; <a title=\"Formaci\u00f3n gratis o, mejor dicho, deducible  de la cuota a la Seguridad Social\" class=\"read-more\" href=\"https:\/\/www.churbayportillo.com\/blog\/2012\/01\/05\/formacion-gratis-o-mejor-dicho-deducible-de-la-cuota-a-la-seguridad-social\/\" aria-label=\"Leer m\u00e1s sobre Formaci\u00f3n gratis o, mejor dicho, deducible  de la cuota a la Seguridad Social\">Leer m\u00e1s<\/a><\/p>\n","protected":false},"author":8,"featured_media":0,"comment_status":"open","ping_status":"open","sticky":false,"template":"","format":"standard","meta":{"_jetpack_memberships_contains_paid_content":false,"footnotes":"","jetpack_publicize_message":"","jetpack_publicize_feature_enabled":true,"jetpack_social_post_already_shared":false,"jetpack_social_options":{"image_generator_settings":{"template":"highway","default_image_id":0,"font":"","enabled":false},"version":2}},"categories":[4,6,1],"tags":[271,704,361,933,272],"class_list":["post-16004","post","type-post","status-publish","format-standard","hentry","category-ayudas-y-subvenciones","category-blogs","category-general","tag-empresarios","tag-empresas","tag-formacion-continua","tag-negocios","tag-trabajadores"],"yoast_head":"<!-- This site is optimized with the Yoast SEO plugin v27.2 - https:\/\/yoast.com\/product\/yoast-seo-wordpress\/ -->\n<title>Formaci\u00f3n gratis o, mejor dicho, deducible de la cuota a la Seguridad Social - El Secreto de las Pymes que crecen<\/title>\n<meta name=\"robots\" content=\"index, follow, max-snippet:-1, max-image-preview:large, max-video-preview:-1\" \/>\n<link rel=\"canonical\" href=\"https:\/\/www.churbayportillo.com\/blog\/2012\/01\/05\/formacion-gratis-o-mejor-dicho-deducible-de-la-cuota-a-la-seguridad-social\/\" \/>\n<meta property=\"og:locale\" content=\"es_ES\" \/>\n<meta property=\"og:type\" content=\"article\" \/>\n<meta property=\"og:title\" content=\"Formaci\u00f3n gratis o, mejor dicho, deducible de la cuota a la Seguridad Social - El Secreto de las Pymes que crecen\" \/>\n<meta property=\"og:description\" content=\"El autor de esta entrada es Daniel Robles, experto en temas de formaci\u00f3n empresarial, fundador y director de Amyca Escuela de Negocios, quien aborda aqu\u00ed el tema de la deducci\u00f3n del coste de la\u00a0 formaci\u00f3n ... Leer m\u00e1s\" \/>\n<meta property=\"og:url\" content=\"https:\/\/www.churbayportillo.com\/blog\/2012\/01\/05\/formacion-gratis-o-mejor-dicho-deducible-de-la-cuota-a-la-seguridad-social\/\" \/>\n<meta property=\"og:site_name\" content=\"El Secreto de las Pymes que crecen\" \/>\n<meta property=\"article:publisher\" content=\"https:\/\/www.facebook.com\/churbayportillo\" \/>\n<meta property=\"article:published_time\" content=\"2012-01-05T12:33:00+00:00\" \/>\n<meta property=\"article:modified_time\" content=\"2022-07-28T10:23:45+00:00\" \/>\n<meta property=\"og:image\" content=\"https:\/\/screto.s3.amazonaws.com\/uploads\/2012\/01\/business-school.jpg\" \/>\n<meta name=\"author\" content=\"Daniel Robles\" \/>\n<meta name=\"twitter:card\" content=\"summary_large_image\" \/>\n<meta name=\"twitter:creator\" content=\"@elsecreto\" \/>\n<meta name=\"twitter:site\" content=\"@elsecreto\" \/>\n<meta name=\"twitter:label1\" content=\"Escrito por\" \/>\n\t<meta name=\"twitter:data1\" content=\"Daniel Robles\" \/>\n\t<meta name=\"twitter:label2\" content=\"Tiempo de lectura\" \/>\n\t<meta name=\"twitter:data2\" content=\"2 minutos\" \/>\n<script type=\"application\/ld+json\" class=\"yoast-schema-graph\">{\"@context\":\"https:\/\/schema.org\",\"@graph\":[{\"@type\":\"Article\",\"@id\":\"https:\/\/www.churbayportillo.com\/blog\/2012\/01\/05\/formacion-gratis-o-mejor-dicho-deducible-de-la-cuota-a-la-seguridad-social\/#article\",\"isPartOf\":{\"@id\":\"https:\/\/www.churbayportillo.com\/blog\/2012\/01\/05\/formacion-gratis-o-mejor-dicho-deducible-de-la-cuota-a-la-seguridad-social\/\"},\"author\":{\"name\":\"Daniel Robles\",\"@id\":\"https:\/\/www.churbayportillo.com\/blog\/#\/schema\/person\/24cbd56adcde4a0c8c5eec13cd5e2ee6\"},\"headline\":\"Formaci\u00f3n gratis o, mejor dicho, deducible de la cuota a la Seguridad Social\",\"datePublished\":\"2012-01-05T12:33:00+00:00\",\"dateModified\":\"2022-07-28T10:23:45+00:00\",\"mainEntityOfPage\":{\"@id\":\"https:\/\/www.churbayportillo.com\/blog\/2012\/01\/05\/formacion-gratis-o-mejor-dicho-deducible-de-la-cuota-a-la-seguridad-social\/\"},\"wordCount\":440,\"commentCount\":1,\"publisher\":{\"@id\":\"https:\/\/www.churbayportillo.com\/blog\/#organization\"},\"image\":{\"@id\":\"https:\/\/www.churbayportillo.com\/blog\/2012\/01\/05\/formacion-gratis-o-mejor-dicho-deducible-de-la-cuota-a-la-seguridad-social\/#primaryimage\"},\"thumbnailUrl\":\"https:\/\/screto.s3.amazonaws.com\/uploads\/2012\/01\/business-school.jpg\",\"keywords\":[\"empresarios\",\"Empresas\",\"formaci\u00f3n continua\",\"Negocios\",\"trabajadores\"],\"articleSection\":[\"Ayudas y subvenciones\",\"Blogs\",\"General\"],\"inLanguage\":\"es\",\"potentialAction\":[{\"@type\":\"CommentAction\",\"name\":\"Comment\",\"target\":[\"https:\/\/www.churbayportillo.com\/blog\/2012\/01\/05\/formacion-gratis-o-mejor-dicho-deducible-de-la-cuota-a-la-seguridad-social\/#respond\"]}]},{\"@type\":\"WebPage\",\"@id\":\"https:\/\/www.churbayportillo.com\/blog\/2012\/01\/05\/formacion-gratis-o-mejor-dicho-deducible-de-la-cuota-a-la-seguridad-social\/\",\"url\":\"https:\/\/www.churbayportillo.com\/blog\/2012\/01\/05\/formacion-gratis-o-mejor-dicho-deducible-de-la-cuota-a-la-seguridad-social\/\",\"name\":\"Formaci\u00f3n gratis o, mejor dicho, deducible de la cuota a la Seguridad Social - El Secreto de las Pymes que crecen\",\"isPartOf\":{\"@id\":\"https:\/\/www.churbayportillo.com\/blog\/#website\"},\"primaryImageOfPage\":{\"@id\":\"https:\/\/www.churbayportillo.com\/blog\/2012\/01\/05\/formacion-gratis-o-mejor-dicho-deducible-de-la-cuota-a-la-seguridad-social\/#primaryimage\"},\"image\":{\"@id\":\"https:\/\/www.churbayportillo.com\/blog\/2012\/01\/05\/formacion-gratis-o-mejor-dicho-deducible-de-la-cuota-a-la-seguridad-social\/#primaryimage\"},\"thumbnailUrl\":\"https:\/\/screto.s3.amazonaws.com\/uploads\/2012\/01\/business-school.jpg\",\"datePublished\":\"2012-01-05T12:33:00+00:00\",\"dateModified\":\"2022-07-28T10:23:45+00:00\",\"breadcrumb\":{\"@id\":\"https:\/\/www.churbayportillo.com\/blog\/2012\/01\/05\/formacion-gratis-o-mejor-dicho-deducible-de-la-cuota-a-la-seguridad-social\/#breadcrumb\"},\"inLanguage\":\"es\",\"potentialAction\":[{\"@type\":\"ReadAction\",\"target\":[\"https:\/\/www.churbayportillo.com\/blog\/2012\/01\/05\/formacion-gratis-o-mejor-dicho-deducible-de-la-cuota-a-la-seguridad-social\/\"]}]},{\"@type\":\"ImageObject\",\"inLanguage\":\"es\",\"@id\":\"https:\/\/www.churbayportillo.com\/blog\/2012\/01\/05\/formacion-gratis-o-mejor-dicho-deducible-de-la-cuota-a-la-seguridad-social\/#primaryimage\",\"url\":\"https:\/\/screto.s3.amazonaws.com\/uploads\/2012\/01\/business-school.jpg\",\"contentUrl\":\"https:\/\/screto.s3.amazonaws.com\/uploads\/2012\/01\/business-school.jpg\"},{\"@type\":\"BreadcrumbList\",\"@id\":\"https:\/\/www.churbayportillo.com\/blog\/2012\/01\/05\/formacion-gratis-o-mejor-dicho-deducible-de-la-cuota-a-la-seguridad-social\/#breadcrumb\",\"itemListElement\":[{\"@type\":\"ListItem\",\"position\":1,\"name\":\"Portada\",\"item\":\"https:\/\/www.churbayportillo.com\/blog\/\"},{\"@type\":\"ListItem\",\"position\":2,\"name\":\"Formaci\u00f3n gratis o, mejor dicho, deducible de la cuota a la Seguridad Social\"}]},{\"@type\":\"WebSite\",\"@id\":\"https:\/\/www.churbayportillo.com\/blog\/#website\",\"url\":\"https:\/\/www.churbayportillo.com\/blog\/\",\"name\":\"El Secreto de las Pymes que crecen\",\"description\":\"Informaci\u00f3n y consejos para vender m\u00e1s\",\"publisher\":{\"@id\":\"https:\/\/www.churbayportillo.com\/blog\/#organization\"},\"potentialAction\":[{\"@type\":\"SearchAction\",\"target\":{\"@type\":\"EntryPoint\",\"urlTemplate\":\"https:\/\/www.churbayportillo.com\/blog\/?s={search_term_string}\"},\"query-input\":{\"@type\":\"PropertyValueSpecification\",\"valueRequired\":true,\"valueName\":\"search_term_string\"}}],\"inLanguage\":\"es\"},{\"@type\":\"Organization\",\"@id\":\"https:\/\/www.churbayportillo.com\/blog\/#organization\",\"name\":\"El Secreto de las Pymes que crecen\",\"url\":\"https:\/\/www.churbayportillo.com\/blog\/\",\"logo\":{\"@type\":\"ImageObject\",\"inLanguage\":\"es\",\"@id\":\"https:\/\/www.churbayportillo.com\/blog\/#\/schema\/logo\/image\/\",\"url\":\"https:\/\/www.churbayportillo.com\/blog\/wp-content\/uploads\/2021\/12\/logo.png\",\"contentUrl\":\"https:\/\/www.churbayportillo.com\/blog\/wp-content\/uploads\/2021\/12\/logo.png\",\"width\":599,\"height\":109,\"caption\":\"El Secreto de las Pymes que crecen\"},\"image\":{\"@id\":\"https:\/\/www.churbayportillo.com\/blog\/#\/schema\/logo\/image\/\"},\"sameAs\":[\"https:\/\/www.facebook.com\/churbayportillo\",\"https:\/\/x.com\/elsecreto\"]},{\"@type\":\"Person\",\"@id\":\"https:\/\/www.churbayportillo.com\/blog\/#\/schema\/person\/24cbd56adcde4a0c8c5eec13cd5e2ee6\",\"name\":\"Daniel Robles\",\"image\":{\"@type\":\"ImageObject\",\"inLanguage\":\"es\",\"@id\":\"https:\/\/secure.gravatar.com\/avatar\/cfb35bd9af653211fccf66f8f2238b13b09130b6fba6973054b209af78c9daae?s=96&d=mm&r=g\",\"url\":\"https:\/\/secure.gravatar.com\/avatar\/cfb35bd9af653211fccf66f8f2238b13b09130b6fba6973054b209af78c9daae?s=96&d=mm&r=g\",\"contentUrl\":\"https:\/\/secure.gravatar.com\/avatar\/cfb35bd9af653211fccf66f8f2238b13b09130b6fba6973054b209af78c9daae?s=96&d=mm&r=g\",\"caption\":\"Daniel Robles\"},\"sameAs\":[\"https:\/\/www.amycaformacion.com\/\"],\"url\":\"https:\/\/www.churbayportillo.com\/blog\/author\/daniel-robles\/\"}]}<\/script>\n<!-- \/ Yoast SEO plugin. -->","yoast_head_json":{"title":"Formaci\u00f3n gratis o, mejor dicho, deducible de la cuota a la Seguridad Social - El Secreto de las Pymes que crecen","robots":{"index":"index","follow":"follow","max-snippet":"max-snippet:-1","max-image-preview":"max-image-preview:large","max-video-preview":"max-video-preview:-1"},"canonical":"https:\/\/www.churbayportillo.com\/blog\/2012\/01\/05\/formacion-gratis-o-mejor-dicho-deducible-de-la-cuota-a-la-seguridad-social\/","og_locale":"es_ES","og_type":"article","og_title":"Formaci\u00f3n gratis o, mejor dicho, deducible de la cuota a la Seguridad Social - El Secreto de las Pymes que crecen","og_description":"El autor de esta entrada es Daniel Robles, experto en temas de formaci\u00f3n empresarial, fundador y director de Amyca Escuela de Negocios, quien aborda aqu\u00ed el tema de la deducci\u00f3n del coste de la\u00a0 formaci\u00f3n ... Leer m\u00e1s","og_url":"https:\/\/www.churbayportillo.com\/blog\/2012\/01\/05\/formacion-gratis-o-mejor-dicho-deducible-de-la-cuota-a-la-seguridad-social\/","og_site_name":"El Secreto de las Pymes que crecen","article_publisher":"https:\/\/www.facebook.com\/churbayportillo","article_published_time":"2012-01-05T12:33:00+00:00","article_modified_time":"2022-07-28T10:23:45+00:00","og_image":[{"url":"https:\/\/screto.s3.amazonaws.com\/uploads\/2012\/01\/business-school.jpg","type":"","width":"","height":""}],"author":"Daniel Robles","twitter_card":"summary_large_image","twitter_creator":"@elsecreto","twitter_site":"@elsecreto","twitter_misc":{"Escrito por":"Daniel Robles","Tiempo de lectura":"2 minutos"},"schema":{"@context":"https:\/\/schema.org","@graph":[{"@type":"Article","@id":"https:\/\/www.churbayportillo.com\/blog\/2012\/01\/05\/formacion-gratis-o-mejor-dicho-deducible-de-la-cuota-a-la-seguridad-social\/#article","isPartOf":{"@id":"https:\/\/www.churbayportillo.com\/blog\/2012\/01\/05\/formacion-gratis-o-mejor-dicho-deducible-de-la-cuota-a-la-seguridad-social\/"},"author":{"name":"Daniel Robles","@id":"https:\/\/www.churbayportillo.com\/blog\/#\/schema\/person\/24cbd56adcde4a0c8c5eec13cd5e2ee6"},"headline":"Formaci\u00f3n gratis o, mejor dicho, deducible de la cuota a la Seguridad Social","datePublished":"2012-01-05T12:33:00+00:00","dateModified":"2022-07-28T10:23:45+00:00","mainEntityOfPage":{"@id":"https:\/\/www.churbayportillo.com\/blog\/2012\/01\/05\/formacion-gratis-o-mejor-dicho-deducible-de-la-cuota-a-la-seguridad-social\/"},"wordCount":440,"commentCount":1,"publisher":{"@id":"https:\/\/www.churbayportillo.com\/blog\/#organization"},"image":{"@id":"https:\/\/www.churbayportillo.com\/blog\/2012\/01\/05\/formacion-gratis-o-mejor-dicho-deducible-de-la-cuota-a-la-seguridad-social\/#primaryimage"},"thumbnailUrl":"https:\/\/screto.s3.amazonaws.com\/uploads\/2012\/01\/business-school.jpg","keywords":["empresarios","Empresas","formaci\u00f3n continua","Negocios","trabajadores"],"articleSection":["Ayudas y subvenciones","Blogs","General"],"inLanguage":"es","potentialAction":[{"@type":"CommentAction","name":"Comment","target":["https:\/\/www.churbayportillo.com\/blog\/2012\/01\/05\/formacion-gratis-o-mejor-dicho-deducible-de-la-cuota-a-la-seguridad-social\/#respond"]}]},{"@type":"WebPage","@id":"https:\/\/www.churbayportillo.com\/blog\/2012\/01\/05\/formacion-gratis-o-mejor-dicho-deducible-de-la-cuota-a-la-seguridad-social\/","url":"https:\/\/www.churbayportillo.com\/blog\/2012\/01\/05\/formacion-gratis-o-mejor-dicho-deducible-de-la-cuota-a-la-seguridad-social\/","name":"Formaci\u00f3n gratis o, mejor dicho, deducible de la cuota a la Seguridad Social - El Secreto de las Pymes que crecen","isPartOf":{"@id":"https:\/\/www.churbayportillo.com\/blog\/#website"},"primaryImageOfPage":{"@id":"https:\/\/www.churbayportillo.com\/blog\/2012\/01\/05\/formacion-gratis-o-mejor-dicho-deducible-de-la-cuota-a-la-seguridad-social\/#primaryimage"},"image":{"@id":"https:\/\/www.churbayportillo.com\/blog\/2012\/01\/05\/formacion-gratis-o-mejor-dicho-deducible-de-la-cuota-a-la-seguridad-social\/#primaryimage"},"thumbnailUrl":"https:\/\/screto.s3.amazonaws.com\/uploads\/2012\/01\/business-school.jpg","datePublished":"2012-01-05T12:33:00+00:00","dateModified":"2022-07-28T10:23:45+00:00","breadcrumb":{"@id":"https:\/\/www.churbayportillo.com\/blog\/2012\/01\/05\/formacion-gratis-o-mejor-dicho-deducible-de-la-cuota-a-la-seguridad-social\/#breadcrumb"},"inLanguage":"es","potentialAction":[{"@type":"ReadAction","target":["https:\/\/www.churbayportillo.com\/blog\/2012\/01\/05\/formacion-gratis-o-mejor-dicho-deducible-de-la-cuota-a-la-seguridad-social\/"]}]},{"@type":"ImageObject","inLanguage":"es","@id":"https:\/\/www.churbayportillo.com\/blog\/2012\/01\/05\/formacion-gratis-o-mejor-dicho-deducible-de-la-cuota-a-la-seguridad-social\/#primaryimage","url":"https:\/\/screto.s3.amazonaws.com\/uploads\/2012\/01\/business-school.jpg","contentUrl":"https:\/\/screto.s3.amazonaws.com\/uploads\/2012\/01\/business-school.jpg"},{"@type":"BreadcrumbList","@id":"https:\/\/www.churbayportillo.com\/blog\/2012\/01\/05\/formacion-gratis-o-mejor-dicho-deducible-de-la-cuota-a-la-seguridad-social\/#breadcrumb","itemListElement":[{"@type":"ListItem","position":1,"name":"Portada","item":"https:\/\/www.churbayportillo.com\/blog\/"},{"@type":"ListItem","position":2,"name":"Formaci\u00f3n gratis o, mejor dicho, deducible de la cuota a la Seguridad Social"}]},{"@type":"WebSite","@id":"https:\/\/www.churbayportillo.com\/blog\/#website","url":"https:\/\/www.churbayportillo.com\/blog\/","name":"El Secreto de las Pymes que crecen","description":"Informaci\u00f3n y consejos para vender m\u00e1s","publisher":{"@id":"https:\/\/www.churbayportillo.com\/blog\/#organization"},"potentialAction":[{"@type":"SearchAction","target":{"@type":"EntryPoint","urlTemplate":"https:\/\/www.churbayportillo.com\/blog\/?s={search_term_string}"},"query-input":{"@type":"PropertyValueSpecification","valueRequired":true,"valueName":"search_term_string"}}],"inLanguage":"es"},{"@type":"Organization","@id":"https:\/\/www.churbayportillo.com\/blog\/#organization","name":"El Secreto de las Pymes que crecen","url":"https:\/\/www.churbayportillo.com\/blog\/","logo":{"@type":"ImageObject","inLanguage":"es","@id":"https:\/\/www.churbayportillo.com\/blog\/#\/schema\/logo\/image\/","url":"https:\/\/www.churbayportillo.com\/blog\/wp-content\/uploads\/2021\/12\/logo.png","contentUrl":"https:\/\/www.churbayportillo.com\/blog\/wp-content\/uploads\/2021\/12\/logo.png","width":599,"height":109,"caption":"El Secreto de las Pymes que crecen"},"image":{"@id":"https:\/\/www.churbayportillo.com\/blog\/#\/schema\/logo\/image\/"},"sameAs":["https:\/\/www.facebook.com\/churbayportillo","https:\/\/x.com\/elsecreto"]},{"@type":"Person","@id":"https:\/\/www.churbayportillo.com\/blog\/#\/schema\/person\/24cbd56adcde4a0c8c5eec13cd5e2ee6","name":"Daniel Robles","image":{"@type":"ImageObject","inLanguage":"es","@id":"https:\/\/secure.gravatar.com\/avatar\/cfb35bd9af653211fccf66f8f2238b13b09130b6fba6973054b209af78c9daae?s=96&d=mm&r=g","url":"https:\/\/secure.gravatar.com\/avatar\/cfb35bd9af653211fccf66f8f2238b13b09130b6fba6973054b209af78c9daae?s=96&d=mm&r=g","contentUrl":"https:\/\/secure.gravatar.com\/avatar\/cfb35bd9af653211fccf66f8f2238b13b09130b6fba6973054b209af78c9daae?s=96&d=mm&r=g","caption":"Daniel Robles"},"sameAs":["https:\/\/www.amycaformacion.com\/"],"url":"https:\/\/www.churbayportillo.com\/blog\/author\/daniel-robles\/"}]}},"jetpack_publicize_connections":[],"jetpack_featured_media_url":"","jetpack-related-posts":[{"id":362,"url":"https:\/\/www.churbayportillo.com\/blog\/2007\/12\/19\/%c2%bfpor-que-no-se-aprovechan-las-ayudas-para-formacion\/","url_meta":{"origin":16004,"position":0},"title":"\u00bfPor qu\u00e9 no se aprovechan las ayudas para formaci\u00f3n?","author":"Angeles Portillo","date":"19 diciembre 2007","format":false,"excerpt":"En el post anterior coment\u00e1bamos que los trabajadores desean m\u00e1s formaci\u00f3n continua. Sabemos que la formaci\u00f3n mejora la productividad y eso es bueno para el negocio. Sin embargo, las empresas espa\u00f1olas no aprovechan las ayudas financieras que ofrece el Estado para formar a sus trabajadores. Todos los a\u00f1os queda dinero\u2026","rel":"","context":"En \u00abAyudas y subvenciones\u00bb","block_context":{"text":"Ayudas y subvenciones","link":"https:\/\/www.churbayportillo.com\/blog\/category\/ayudas-y-subvenciones\/"},"img":{"alt_text":"","src":"","width":0,"height":0},"classes":[]},{"id":353,"url":"https:\/\/www.churbayportillo.com\/blog\/2008\/03\/31\/para-que-sirven-las-camaras-de-comercio\/","url_meta":{"origin":16004,"position":1},"title":"\u00bfPara qu\u00e9 sirven las C\u00e1maras de Comercio?","author":"Angeles Portillo","date":"31 marzo 2008","format":false,"excerpt":"Tras una reconversi\u00f3n de m\u00e1s de siete a\u00f1os y muchas dudas sobre su constitucionalidad, las C\u00e1maras de Comercio se han convertido en grandes centros prestadores de servicios para las empresas. Hay 85 en Espa\u00f1a y sus grandes bazas son el apoyo a la exportaci\u00f3n y la formaci\u00f3n. La Ley de\u2026","rel":"","context":"En \u00abEmprendedores\u00bb","block_context":{"text":"Emprendedores","link":"https:\/\/www.churbayportillo.com\/blog\/category\/emprendedores\/"},"img":{"alt_text":"","src":"","width":0,"height":0},"classes":[]},{"id":356,"url":"https:\/\/www.churbayportillo.com\/blog\/2007\/12\/17\/que-le-pides-a-tu-empresa-por-navidad\/","url_meta":{"origin":16004,"position":2},"title":"\u00bfQu\u00e9 le pides a tu empresa por Navidad?","author":"Angeles Portillo","date":"17 diciembre 2007","format":false,"excerpt":"M\u00e1s formaci\u00f3n continua (90%) y seguro m\u00e9dico (73%) son los principales deseos de los trabajadores espa\u00f1oles seg\u00fan la encuesta \u00bfQu\u00e9 le pedir\u00edas a tu empresa por Navidad? realizada por Adecco. Adem\u00e1s de ciertos bienes tangibles como plan de pensiones, cheque-comida, ayuda econ\u00f3mica para la educaci\u00f3n de los hijos, guarder\u00edas o\u2026","rel":"","context":"En \u00abEncuestas\u00bb","block_context":{"text":"Encuestas","link":"https:\/\/www.churbayportillo.com\/blog\/category\/encuestas\/"},"img":{"alt_text":"","src":"","width":0,"height":0},"classes":[]},{"id":498,"url":"https:\/\/www.churbayportillo.com\/blog\/2008\/09\/22\/formacion-asignatura-pendiente\/","url_meta":{"origin":16004,"position":3},"title":"Formaci\u00f3n, asignatura pendiente","author":"Jorge Churba","date":"22 septiembre 2008","format":false,"excerpt":"Los datos hablan por s\u00ed mismos: S\u00f3lo 1 de cada 10 empresarios espa\u00f1oles es universitario. Los emprendedores espa\u00f1oles est\u00e1n a la cola de Europa en formaci\u00f3n. El 90% de las pymes espa\u00f1olas no sabe que hay fondos p\u00fablicos para la formaci\u00f3n de sus empleados. S\u00f3lo el 9% de las pymes\u2026","rel":"","context":"En \u00abAyudas y subvenciones\u00bb","block_context":{"text":"Ayudas y subvenciones","link":"https:\/\/www.churbayportillo.com\/blog\/category\/ayudas-y-subvenciones\/"},"img":{"alt_text":"","src":"","width":0,"height":0},"classes":[]},{"id":435,"url":"https:\/\/www.churbayportillo.com\/blog\/2008\/06\/12\/erasmus-para-jovenes-empresarios\/","url_meta":{"origin":16004,"position":4},"title":"Erasmus para j\u00f3venes empresarios","author":"Jorge Churba","date":"12 junio 2008","format":false,"excerpt":"Un programa de la Comisi\u00f3n Europea dotado con 2.850.000 \u20ac y cuyo prop\u00f3sito es conceder subvenciones que permitan a los nuevos empresarios de la UE aprender de empresarios m\u00e1s experimentados en otros Estados miembros con vistas a facilitar el intercambio de experiencias y la creaci\u00f3n de redes. El objetivo de\u2026","rel":"","context":"En \u00abAyudas y subvenciones\u00bb","block_context":{"text":"Ayudas y subvenciones","link":"https:\/\/www.churbayportillo.com\/blog\/category\/ayudas-y-subvenciones\/"},"img":{"alt_text":"","src":"","width":0,"height":0},"classes":[]},{"id":391,"url":"https:\/\/www.churbayportillo.com\/blog\/2008\/03\/11\/murcia-subvenciones-a-pymes-2008\/","url_meta":{"origin":16004,"position":5},"title":"Murcia: subvenciones a Pymes 2008","author":"Angeles Portillo","date":"11 marzo 2008","format":false,"excerpt":"Ya se ha publicado en el Bolet\u00edn de la Regi\u00f3n de Murcia la Orden 28 de febrero de la Consejer\u00eda de Empleo y Formaci\u00f3n, por la que se regulan las bases y se convocan subvenciones para Programas de Fomento de la Econom\u00eda Social para el a\u00f1o 2008. Este a\u00f1o se\u2026","rel":"","context":"En \u00abAyudas y subvenciones\u00bb","block_context":{"text":"Ayudas y subvenciones","link":"https:\/\/www.churbayportillo.com\/blog\/category\/ayudas-y-subvenciones\/"},"img":{"alt_text":"","src":"","width":0,"height":0},"classes":[]}],"jetpack_sharing_enabled":true,"_links":{"self":[{"href":"https:\/\/www.churbayportillo.com\/blog\/wp-json\/wp\/v2\/posts\/16004","targetHints":{"allow":["GET"]}}],"collection":[{"href":"https:\/\/www.churbayportillo.com\/blog\/wp-json\/wp\/v2\/posts"}],"about":[{"href":"https:\/\/www.churbayportillo.com\/blog\/wp-json\/wp\/v2\/types\/post"}],"author":[{"embeddable":true,"href":"https:\/\/www.churbayportillo.com\/blog\/wp-json\/wp\/v2\/users\/8"}],"replies":[{"embeddable":true,"href":"https:\/\/www.churbayportillo.com\/blog\/wp-json\/wp\/v2\/comments?post=16004"}],"version-history":[{"count":0,"href":"https:\/\/www.churbayportillo.com\/blog\/wp-json\/wp\/v2\/posts\/16004\/revisions"}],"wp:attachment":[{"href":"https:\/\/www.churbayportillo.com\/blog\/wp-json\/wp\/v2\/media?parent=16004"}],"wp:term":[{"taxonomy":"category","embeddable":true,"href":"https:\/\/www.churbayportillo.com\/blog\/wp-json\/wp\/v2\/categories?post=16004"},{"taxonomy":"post_tag","embeddable":true,"href":"https:\/\/www.churbayportillo.com\/blog\/wp-json\/wp\/v2\/tags?post=16004"}],"curies":[{"name":"wp","href":"https:\/\/api.w.org\/{rel}","templated":true}]}}