{"id":1634,"date":"2008-12-04T07:19:43","date_gmt":"2008-12-04T06:19:43","guid":{"rendered":"https:\/\/www.churbayportillo.com\/blog\/?p=1634"},"modified":"2022-06-02T12:43:16","modified_gmt":"2022-06-02T10:43:16","slug":"congreso-de-economia-social-de-la-region-de-murcia","status":"publish","type":"post","link":"https:\/\/www.churbayportillo.com\/blog\/2008\/12\/04\/congreso-de-economia-social-de-la-region-de-murcia\/","title":{"rendered":"Congreso de Econom\u00eda Social de la Regi\u00f3n de Murcia"},"content":{"rendered":"<p>Ma\u00f1ana, cinco de diciembre finaliza el plazo de inscripci\u00f3n para el Congreso de Econom\u00eda Social de la Regi\u00f3n de Murcia que se celebrar\u00e1 los pr\u00f3ximos d\u00edas 11 y 12 de Diciembre en el Auditorio y Centro de Congresos V\u00edctor Villegas de la ciudad de Murcia.<\/p>\n<p>Aqu\u00ed tienes el programa y puedes inscribirte. Tambi\u00e9n puedes apuntarte en Amusal, tel\u00e9fono 968 270 003.<\/p>\n","protected":false},"excerpt":{"rendered":"<p>Ma\u00f1ana, cinco de diciembre finaliza el plazo de inscripci\u00f3n para el Congreso de Econom\u00eda Social de la Regi\u00f3n de Murcia que se celebrar\u00e1 los pr\u00f3ximos d\u00edas 11 y 12 de Diciembre en el Auditorio y &#8230; <a title=\"Congreso de Econom\u00eda Social de la Regi\u00f3n de Murcia\" class=\"read-more\" href=\"https:\/\/www.churbayportillo.com\/blog\/2008\/12\/04\/congreso-de-economia-social-de-la-region-de-murcia\/\" aria-label=\"Leer m\u00e1s sobre Congreso de Econom\u00eda Social de la Regi\u00f3n de Murcia\">Leer m\u00e1s<\/a><\/p>\n","protected":false},"author":3,"featured_media":0,"comment_status":"open","ping_status":"open","sticky":false,"template":"","format":"standard","meta":{"_jetpack_memberships_contains_paid_content":false,"footnotes":"","jetpack_publicize_message":"","jetpack_publicize_feature_enabled":true,"jetpack_social_post_already_shared":false,"jetpack_social_options":{"image_generator_settings":{"template":"highway","default_image_id":0,"font":"","enabled":false},"version":2}},"categories":[1,12,11,13],"tags":[992,994,993,995],"class_list":["post-1634","post","type-post","status-publish","format-standard","hentry","category-general","category-murcia","category-pymes","category-responsabilidad-social","tag-emprendedores","tag-murcia","tag-pymes","tag-responsabilidad-social"],"yoast_head":"<!-- This site is optimized with the Yoast SEO plugin v27.2 - https:\/\/yoast.com\/product\/yoast-seo-wordpress\/ -->\n<title>Congreso de Econom\u00eda Social de la Regi\u00f3n de Murcia - El Secreto de las Pymes que crecen<\/title>\n<meta name=\"robots\" content=\"index, follow, max-snippet:-1, max-image-preview:large, max-video-preview:-1\" \/>\n<link rel=\"canonical\" href=\"https:\/\/www.churbayportillo.com\/blog\/2008\/12\/04\/congreso-de-economia-social-de-la-region-de-murcia\/\" \/>\n<meta property=\"og:locale\" content=\"es_ES\" \/>\n<meta property=\"og:type\" content=\"article\" \/>\n<meta property=\"og:title\" content=\"Congreso de Econom\u00eda Social de la Regi\u00f3n de Murcia - El Secreto de las Pymes que crecen\" \/>\n<meta property=\"og:description\" content=\"Ma\u00f1ana, cinco de diciembre finaliza el plazo de inscripci\u00f3n para el Congreso de Econom\u00eda Social de la Regi\u00f3n de Murcia que se celebrar\u00e1 los pr\u00f3ximos d\u00edas 11 y 12 de Diciembre en el Auditorio y ... Leer m\u00e1s\" \/>\n<meta property=\"og:url\" content=\"https:\/\/www.churbayportillo.com\/blog\/2008\/12\/04\/congreso-de-economia-social-de-la-region-de-murcia\/\" \/>\n<meta property=\"og:site_name\" content=\"El Secreto de las Pymes que crecen\" \/>\n<meta property=\"article:publisher\" content=\"https:\/\/www.facebook.com\/churbayportillo\" \/>\n<meta property=\"article:published_time\" content=\"2008-12-04T06:19:43+00:00\" \/>\n<meta property=\"article:modified_time\" content=\"2022-06-02T10:43:16+00:00\" \/>\n<meta name=\"author\" content=\"Jorge Churba\" \/>\n<meta name=\"twitter:card\" content=\"summary_large_image\" \/>\n<meta name=\"twitter:creator\" content=\"@elsecreto\" \/>\n<meta name=\"twitter:site\" content=\"@elsecreto\" \/>\n<meta name=\"twitter:label1\" content=\"Escrito por\" \/>\n\t<meta name=\"twitter:data1\" content=\"Jorge Churba\" \/>\n<script type=\"application\/ld+json\" class=\"yoast-schema-graph\">{\"@context\":\"https:\/\/schema.org\",\"@graph\":[{\"@type\":\"Article\",\"@id\":\"https:\/\/www.churbayportillo.com\/blog\/2008\/12\/04\/congreso-de-economia-social-de-la-region-de-murcia\/#article\",\"isPartOf\":{\"@id\":\"https:\/\/www.churbayportillo.com\/blog\/2008\/12\/04\/congreso-de-economia-social-de-la-region-de-murcia\/\"},\"author\":{\"name\":\"Jorge Churba\",\"@id\":\"https:\/\/www.churbayportillo.com\/blog\/#\/schema\/person\/327f5e9fbcbeeb46bb1a6a1b69a3136b\"},\"headline\":\"Congreso de Econom\u00eda Social de la Regi\u00f3n de Murcia\",\"datePublished\":\"2008-12-04T06:19:43+00:00\",\"dateModified\":\"2022-06-02T10:43:16+00:00\",\"mainEntityOfPage\":{\"@id\":\"https:\/\/www.churbayportillo.com\/blog\/2008\/12\/04\/congreso-de-economia-social-de-la-region-de-murcia\/\"},\"wordCount\":76,\"commentCount\":0,\"publisher\":{\"@id\":\"https:\/\/www.churbayportillo.com\/blog\/#organization\"},\"keywords\":[\"Emprendedores\",\"Murcia\",\"Pymes\",\"Responsabilidad social\"],\"articleSection\":[\"General\",\"Murcia\",\"Pymes\",\"Responsabilidad social\"],\"inLanguage\":\"es\",\"potentialAction\":[{\"@type\":\"CommentAction\",\"name\":\"Comment\",\"target\":[\"https:\/\/www.churbayportillo.com\/blog\/2008\/12\/04\/congreso-de-economia-social-de-la-region-de-murcia\/#respond\"]}]},{\"@type\":\"WebPage\",\"@id\":\"https:\/\/www.churbayportillo.com\/blog\/2008\/12\/04\/congreso-de-economia-social-de-la-region-de-murcia\/\",\"url\":\"https:\/\/www.churbayportillo.com\/blog\/2008\/12\/04\/congreso-de-economia-social-de-la-region-de-murcia\/\",\"name\":\"Congreso de Econom\u00eda Social de la Regi\u00f3n de Murcia - El Secreto de las Pymes que crecen\",\"isPartOf\":{\"@id\":\"https:\/\/www.churbayportillo.com\/blog\/#website\"},\"datePublished\":\"2008-12-04T06:19:43+00:00\",\"dateModified\":\"2022-06-02T10:43:16+00:00\",\"breadcrumb\":{\"@id\":\"https:\/\/www.churbayportillo.com\/blog\/2008\/12\/04\/congreso-de-economia-social-de-la-region-de-murcia\/#breadcrumb\"},\"inLanguage\":\"es\",\"potentialAction\":[{\"@type\":\"ReadAction\",\"target\":[\"https:\/\/www.churbayportillo.com\/blog\/2008\/12\/04\/congreso-de-economia-social-de-la-region-de-murcia\/\"]}]},{\"@type\":\"BreadcrumbList\",\"@id\":\"https:\/\/www.churbayportillo.com\/blog\/2008\/12\/04\/congreso-de-economia-social-de-la-region-de-murcia\/#breadcrumb\",\"itemListElement\":[{\"@type\":\"ListItem\",\"position\":1,\"name\":\"Portada\",\"item\":\"https:\/\/www.churbayportillo.com\/blog\/\"},{\"@type\":\"ListItem\",\"position\":2,\"name\":\"Congreso de Econom\u00eda Social de la Regi\u00f3n de Murcia\"}]},{\"@type\":\"WebSite\",\"@id\":\"https:\/\/www.churbayportillo.com\/blog\/#website\",\"url\":\"https:\/\/www.churbayportillo.com\/blog\/\",\"name\":\"El Secreto de las Pymes que crecen\",\"description\":\"Informaci\u00f3n y consejos para vender m\u00e1s\",\"publisher\":{\"@id\":\"https:\/\/www.churbayportillo.com\/blog\/#organization\"},\"potentialAction\":[{\"@type\":\"SearchAction\",\"target\":{\"@type\":\"EntryPoint\",\"urlTemplate\":\"https:\/\/www.churbayportillo.com\/blog\/?s={search_term_string}\"},\"query-input\":{\"@type\":\"PropertyValueSpecification\",\"valueRequired\":true,\"valueName\":\"search_term_string\"}}],\"inLanguage\":\"es\"},{\"@type\":\"Organization\",\"@id\":\"https:\/\/www.churbayportillo.com\/blog\/#organization\",\"name\":\"El Secreto de las Pymes que crecen\",\"url\":\"https:\/\/www.churbayportillo.com\/blog\/\",\"logo\":{\"@type\":\"ImageObject\",\"inLanguage\":\"es\",\"@id\":\"https:\/\/www.churbayportillo.com\/blog\/#\/schema\/logo\/image\/\",\"url\":\"https:\/\/www.churbayportillo.com\/blog\/wp-content\/uploads\/2021\/12\/logo.png\",\"contentUrl\":\"https:\/\/www.churbayportillo.com\/blog\/wp-content\/uploads\/2021\/12\/logo.png\",\"width\":599,\"height\":109,\"caption\":\"El Secreto de las Pymes que crecen\"},\"image\":{\"@id\":\"https:\/\/www.churbayportillo.com\/blog\/#\/schema\/logo\/image\/\"},\"sameAs\":[\"https:\/\/www.facebook.com\/churbayportillo\",\"https:\/\/x.com\/elsecreto\"]},{\"@type\":\"Person\",\"@id\":\"https:\/\/www.churbayportillo.com\/blog\/#\/schema\/person\/327f5e9fbcbeeb46bb1a6a1b69a3136b\",\"name\":\"Jorge Churba\",\"image\":{\"@type\":\"ImageObject\",\"inLanguage\":\"es\",\"@id\":\"https:\/\/secure.gravatar.com\/avatar\/c5f9205dc97a66e1143b707b76fe364da0a694698284e0bc4f5629e814e5ee66?s=96&d=mm&r=g\",\"url\":\"https:\/\/secure.gravatar.com\/avatar\/c5f9205dc97a66e1143b707b76fe364da0a694698284e0bc4f5629e814e5ee66?s=96&d=mm&r=g\",\"contentUrl\":\"https:\/\/secure.gravatar.com\/avatar\/c5f9205dc97a66e1143b707b76fe364da0a694698284e0bc4f5629e814e5ee66?s=96&d=mm&r=g\",\"caption\":\"Jorge Churba\"},\"description\":\"Me comunico, luego existo. Autor del Diccionario Pr\u00e1ctico de Internet para Emprendedores. Fundador de Churba &amp; Portillo y trabajador en Internet. S\u00edgueme en Twitter\",\"sameAs\":[\"https:\/\/www.churbayportillo.com\/blog\"],\"url\":\"https:\/\/www.churbayportillo.com\/blog\/author\/jorge\/\"}]}<\/script>\n<!-- \/ Yoast SEO plugin. -->","yoast_head_json":{"title":"Congreso de Econom\u00eda Social de la Regi\u00f3n de Murcia - El Secreto de las Pymes que crecen","robots":{"index":"index","follow":"follow","max-snippet":"max-snippet:-1","max-image-preview":"max-image-preview:large","max-video-preview":"max-video-preview:-1"},"canonical":"https:\/\/www.churbayportillo.com\/blog\/2008\/12\/04\/congreso-de-economia-social-de-la-region-de-murcia\/","og_locale":"es_ES","og_type":"article","og_title":"Congreso de Econom\u00eda Social de la Regi\u00f3n de Murcia - El Secreto de las Pymes que crecen","og_description":"Ma\u00f1ana, cinco de diciembre finaliza el plazo de inscripci\u00f3n para el Congreso de Econom\u00eda Social de la Regi\u00f3n de Murcia que se celebrar\u00e1 los pr\u00f3ximos d\u00edas 11 y 12 de Diciembre en el Auditorio y ... Leer m\u00e1s","og_url":"https:\/\/www.churbayportillo.com\/blog\/2008\/12\/04\/congreso-de-economia-social-de-la-region-de-murcia\/","og_site_name":"El Secreto de las Pymes que crecen","article_publisher":"https:\/\/www.facebook.com\/churbayportillo","article_published_time":"2008-12-04T06:19:43+00:00","article_modified_time":"2022-06-02T10:43:16+00:00","author":"Jorge Churba","twitter_card":"summary_large_image","twitter_creator":"@elsecreto","twitter_site":"@elsecreto","twitter_misc":{"Escrito por":"Jorge Churba"},"schema":{"@context":"https:\/\/schema.org","@graph":[{"@type":"Article","@id":"https:\/\/www.churbayportillo.com\/blog\/2008\/12\/04\/congreso-de-economia-social-de-la-region-de-murcia\/#article","isPartOf":{"@id":"https:\/\/www.churbayportillo.com\/blog\/2008\/12\/04\/congreso-de-economia-social-de-la-region-de-murcia\/"},"author":{"name":"Jorge Churba","@id":"https:\/\/www.churbayportillo.com\/blog\/#\/schema\/person\/327f5e9fbcbeeb46bb1a6a1b69a3136b"},"headline":"Congreso de Econom\u00eda Social de la Regi\u00f3n de Murcia","datePublished":"2008-12-04T06:19:43+00:00","dateModified":"2022-06-02T10:43:16+00:00","mainEntityOfPage":{"@id":"https:\/\/www.churbayportillo.com\/blog\/2008\/12\/04\/congreso-de-economia-social-de-la-region-de-murcia\/"},"wordCount":76,"commentCount":0,"publisher":{"@id":"https:\/\/www.churbayportillo.com\/blog\/#organization"},"keywords":["Emprendedores","Murcia","Pymes","Responsabilidad social"],"articleSection":["General","Murcia","Pymes","Responsabilidad social"],"inLanguage":"es","potentialAction":[{"@type":"CommentAction","name":"Comment","target":["https:\/\/www.churbayportillo.com\/blog\/2008\/12\/04\/congreso-de-economia-social-de-la-region-de-murcia\/#respond"]}]},{"@type":"WebPage","@id":"https:\/\/www.churbayportillo.com\/blog\/2008\/12\/04\/congreso-de-economia-social-de-la-region-de-murcia\/","url":"https:\/\/www.churbayportillo.com\/blog\/2008\/12\/04\/congreso-de-economia-social-de-la-region-de-murcia\/","name":"Congreso de Econom\u00eda Social de la Regi\u00f3n de Murcia - El Secreto de las Pymes que crecen","isPartOf":{"@id":"https:\/\/www.churbayportillo.com\/blog\/#website"},"datePublished":"2008-12-04T06:19:43+00:00","dateModified":"2022-06-02T10:43:16+00:00","breadcrumb":{"@id":"https:\/\/www.churbayportillo.com\/blog\/2008\/12\/04\/congreso-de-economia-social-de-la-region-de-murcia\/#breadcrumb"},"inLanguage":"es","potentialAction":[{"@type":"ReadAction","target":["https:\/\/www.churbayportillo.com\/blog\/2008\/12\/04\/congreso-de-economia-social-de-la-region-de-murcia\/"]}]},{"@type":"BreadcrumbList","@id":"https:\/\/www.churbayportillo.com\/blog\/2008\/12\/04\/congreso-de-economia-social-de-la-region-de-murcia\/#breadcrumb","itemListElement":[{"@type":"ListItem","position":1,"name":"Portada","item":"https:\/\/www.churbayportillo.com\/blog\/"},{"@type":"ListItem","position":2,"name":"Congreso de Econom\u00eda Social de la Regi\u00f3n de Murcia"}]},{"@type":"WebSite","@id":"https:\/\/www.churbayportillo.com\/blog\/#website","url":"https:\/\/www.churbayportillo.com\/blog\/","name":"El Secreto de las Pymes que crecen","description":"Informaci\u00f3n y consejos para vender m\u00e1s","publisher":{"@id":"https:\/\/www.churbayportillo.com\/blog\/#organization"},"potentialAction":[{"@type":"SearchAction","target":{"@type":"EntryPoint","urlTemplate":"https:\/\/www.churbayportillo.com\/blog\/?s={search_term_string}"},"query-input":{"@type":"PropertyValueSpecification","valueRequired":true,"valueName":"search_term_string"}}],"inLanguage":"es"},{"@type":"Organization","@id":"https:\/\/www.churbayportillo.com\/blog\/#organization","name":"El Secreto de las Pymes que crecen","url":"https:\/\/www.churbayportillo.com\/blog\/","logo":{"@type":"ImageObject","inLanguage":"es","@id":"https:\/\/www.churbayportillo.com\/blog\/#\/schema\/logo\/image\/","url":"https:\/\/www.churbayportillo.com\/blog\/wp-content\/uploads\/2021\/12\/logo.png","contentUrl":"https:\/\/www.churbayportillo.com\/blog\/wp-content\/uploads\/2021\/12\/logo.png","width":599,"height":109,"caption":"El Secreto de las Pymes que crecen"},"image":{"@id":"https:\/\/www.churbayportillo.com\/blog\/#\/schema\/logo\/image\/"},"sameAs":["https:\/\/www.facebook.com\/churbayportillo","https:\/\/x.com\/elsecreto"]},{"@type":"Person","@id":"https:\/\/www.churbayportillo.com\/blog\/#\/schema\/person\/327f5e9fbcbeeb46bb1a6a1b69a3136b","name":"Jorge Churba","image":{"@type":"ImageObject","inLanguage":"es","@id":"https:\/\/secure.gravatar.com\/avatar\/c5f9205dc97a66e1143b707b76fe364da0a694698284e0bc4f5629e814e5ee66?s=96&d=mm&r=g","url":"https:\/\/secure.gravatar.com\/avatar\/c5f9205dc97a66e1143b707b76fe364da0a694698284e0bc4f5629e814e5ee66?s=96&d=mm&r=g","contentUrl":"https:\/\/secure.gravatar.com\/avatar\/c5f9205dc97a66e1143b707b76fe364da0a694698284e0bc4f5629e814e5ee66?s=96&d=mm&r=g","caption":"Jorge Churba"},"description":"Me comunico, luego existo. Autor del Diccionario Pr\u00e1ctico de Internet para Emprendedores. Fundador de Churba &amp; Portillo y trabajador en Internet. S\u00edgueme en Twitter","sameAs":["https:\/\/www.churbayportillo.com\/blog"],"url":"https:\/\/www.churbayportillo.com\/blog\/author\/jorge\/"}]}},"jetpack_publicize_connections":[],"jetpack_featured_media_url":"","jetpack-related-posts":[{"id":391,"url":"https:\/\/www.churbayportillo.com\/blog\/2008\/03\/11\/murcia-subvenciones-a-pymes-2008\/","url_meta":{"origin":1634,"position":0},"title":"Murcia: subvenciones a Pymes 2008","author":"Angeles Portillo","date":"11 marzo 2008","format":false,"excerpt":"Ya se ha publicado en el Bolet\u00edn de la Regi\u00f3n de Murcia la Orden 28 de febrero de la Consejer\u00eda de Empleo y Formaci\u00f3n, por la que se regulan las bases y se convocan subvenciones para Programas de Fomento de la Econom\u00eda Social para el a\u00f1o 2008. Este a\u00f1o se\u2026","rel":"","context":"En \u00abAyudas y subvenciones\u00bb","block_context":{"text":"Ayudas y subvenciones","link":"https:\/\/www.churbayportillo.com\/blog\/category\/ayudas-y-subvenciones\/"},"img":{"alt_text":"","src":"","width":0,"height":0},"classes":[]},{"id":219,"url":"https:\/\/www.churbayportillo.com\/blog\/2007\/01\/10\/creacion-de-nuevas-empresas-la-economia-social-y-sus-posibilidades\/","url_meta":{"origin":1634,"position":1},"title":"Creaci\u00f3n de nuevas empresas: la econom\u00eda social y sus posibilidades","author":"Jorge Churba","date":"10 enero 2007","format":false,"excerpt":"Enero es el momento en que se inician muchas empresas, tratando de acogerse a subvenciones y ayudas. Sin embargo, pocos de estos emprendedores se han planteado siquiera la posibilidad de fundar una empresa de econom\u00eda social. -\u00bfPor qu\u00e9 deber\u00edan hacerlo? le preguntamos a Juan Pedro S\u00e1nchez L\u00f3pez que es el\u2026","rel":"","context":"En \u00abAyudas y subvenciones\u00bb","block_context":{"text":"Ayudas y subvenciones","link":"https:\/\/www.churbayportillo.com\/blog\/category\/ayudas-y-subvenciones\/"},"img":{"alt_text":"","src":"","width":0,"height":0},"classes":[]},{"id":451,"url":"https:\/\/www.churbayportillo.com\/blog\/2008\/07\/04\/ii-premio-empresa-flexible-murcia-2008\/","url_meta":{"origin":1634,"position":2},"title":"II Premio empresa flexible Murcia 2008","author":"Angeles Portillo","date":"4 julio 2008","format":false,"excerpt":"Con este Premio de la VII Campa\u00f1a hacia el equilibrio de la vida profesional y personal, se pretende identificar, seleccionar y reconocer el trabajo que las empresas de la Regi\u00f3n de Murcia est\u00e1n poniendo en pr\u00e1ctica para mejorar el equilibrio de la vida profesional, personal y familiar de sus trabajadores.\u2026","rel":"","context":"En \u00abAyudas y subvenciones\u00bb","block_context":{"text":"Ayudas y subvenciones","link":"https:\/\/www.churbayportillo.com\/blog\/category\/ayudas-y-subvenciones\/"},"img":{"alt_text":"","src":"","width":0,"height":0},"classes":[]},{"id":264,"url":"https:\/\/www.churbayportillo.com\/blog\/2007\/05\/03\/amusal-cumple-20-anos\/","url_meta":{"origin":1634,"position":3},"title":"Amusal cumple 20 a\u00f1os","author":"Jorge Churba","date":"3 mayo 2007","format":false,"excerpt":"La organizaci\u00f3n de empresas de econom\u00eda social de Murcia celebra su vig\u00e9simo aniversario por todo lo alto. El viernes 4 de mayo inaugura oficialmente su nueva sede, un singular edificio que ya recibi\u00f3 el premio Ecodise\u00f1o. Amusal ha confiado a Churba & Portillo la creaci\u00f3n de un logo conmemorativo y\u2026","rel":"","context":"En \u00abEmprendedores\u00bb","block_context":{"text":"Emprendedores","link":"https:\/\/www.churbayportillo.com\/blog\/category\/emprendedores\/"},"img":{"alt_text":"","src":"","width":0,"height":0},"classes":[]},{"id":163,"url":"https:\/\/www.churbayportillo.com\/blog\/2006\/11\/15\/premios-empresa-flexible-2006\/","url_meta":{"origin":1634,"position":4},"title":"Premios Empresa Flexible 2006","author":"Churba &amp; Portillo","date":"15 noviembre 2006","format":false,"excerpt":"Acaban de entregarse en Madrid. Y los ganadores son... En la categor\u00eda de peque\u00f1as empresas: Amusal, de Murcia. En la de medianas: Nokia, Madrid. Y en la de grandes, Lacera, de Asturias. Felicitaciones a estas empresas que se esfuerzan en conciliar la vida familiar y laboral. Y muy especialmente a\u2026","rel":"","context":"En \u00abGeneral\u00bb","block_context":{"text":"General","link":"https:\/\/www.churbayportillo.com\/blog\/category\/general\/"},"img":{"alt_text":"","src":"","width":0,"height":0},"classes":[]},{"id":369,"url":"https:\/\/www.churbayportillo.com\/blog\/2008\/02\/04\/emprendedores-inmigrantes\/","url_meta":{"origin":1634,"position":5},"title":"Emprendedores inmigrantes","author":"Jorge Churba","date":"4 febrero 2008","format":false,"excerpt":"Los emprendedores extranjeros crean 7 de cada 10 nuevas empresas espa\u00f1olas, informa la Gu\u00eda Sue\u00f1os, Negocios de emprendedores inmigrantes en la Regi\u00f3n de Murcia. Editada por el Consorcio de Entidades para la Acci\u00f3n Integral con Migrantes (Cepaim), la gu\u00eda narra 17 experiencias emprendedoras impulsadas por extranjeros -entre las que han\u2026","rel":"","context":"En \u00abAyudas y subvenciones\u00bb","block_context":{"text":"Ayudas y subvenciones","link":"https:\/\/www.churbayportillo.com\/blog\/category\/ayudas-y-subvenciones\/"},"img":{"alt_text":"","src":"","width":0,"height":0},"classes":[]}],"jetpack_sharing_enabled":true,"_links":{"self":[{"href":"https:\/\/www.churbayportillo.com\/blog\/wp-json\/wp\/v2\/posts\/1634","targetHints":{"allow":["GET"]}}],"collection":[{"href":"https:\/\/www.churbayportillo.com\/blog\/wp-json\/wp\/v2\/posts"}],"about":[{"href":"https:\/\/www.churbayportillo.com\/blog\/wp-json\/wp\/v2\/types\/post"}],"author":[{"embeddable":true,"href":"https:\/\/www.churbayportillo.com\/blog\/wp-json\/wp\/v2\/users\/3"}],"replies":[{"embeddable":true,"href":"https:\/\/www.churbayportillo.com\/blog\/wp-json\/wp\/v2\/comments?post=1634"}],"version-history":[{"count":0,"href":"https:\/\/www.churbayportillo.com\/blog\/wp-json\/wp\/v2\/posts\/1634\/revisions"}],"wp:attachment":[{"href":"https:\/\/www.churbayportillo.com\/blog\/wp-json\/wp\/v2\/media?parent=1634"}],"wp:term":[{"taxonomy":"category","embeddable":true,"href":"https:\/\/www.churbayportillo.com\/blog\/wp-json\/wp\/v2\/categories?post=1634"},{"taxonomy":"post_tag","embeddable":true,"href":"https:\/\/www.churbayportillo.com\/blog\/wp-json\/wp\/v2\/tags?post=1634"}],"curies":[{"name":"wp","href":"https:\/\/api.w.org\/{rel}","templated":true}]}}