{"id":16617,"date":"2012-02-28T19:31:45","date_gmt":"2012-02-28T18:31:45","guid":{"rendered":"https:\/\/www.churbayportillo.com\/blog\/?p=16617"},"modified":"2022-10-20T13:13:29","modified_gmt":"2022-10-20T11:13:29","slug":"redes-sociales-olvidate-de-planes-y-lanzate","status":"publish","type":"post","link":"https:\/\/www.churbayportillo.com\/blog\/2012\/02\/28\/redes-sociales-olvidate-de-planes-y-lanzate\/","title":{"rendered":"Redes sociales: olv\u00eddate de planes y l\u00e1nzate"},"content":{"rendered":"<p><img loading=\"lazy\" decoding=\"async\" class=\"aligncenter size-full wp-image-11921\" title=\"Guy Kawasaki\" src=\"https:\/\/screto.s3.amazonaws.com\/uploads\/2010\/12\/GuyKawasaki.jpg\" alt=\"Guy Kawasaki\" width=\"450\" height=\"297\" srcset=\"https:\/\/www.churbayportillo.com\/blog\/wp-content\/uploads\/2010\/12\/GuyKawasaki.jpg 450w, https:\/\/www.churbayportillo.com\/blog\/wp-content\/uploads\/2010\/12\/GuyKawasaki-300x198.jpg 300w\" sizes=\"auto, (max-width: 450px) 100vw, 450px\" \/><\/p>\n<p>Algunos autodenominados gur\u00fas aconsejan contratarlos para crear un plan antes de usar las <a title=\"Redes sociales en El Secreto\" href=\"https:\/\/www.churbayportillo.com\/blog\/tag\/redes-sociales\/\">redes sociales<\/a>. Nuestra experta, Angeles Portillo o <a title=\"Zanguanga en Twitter\" href=\"https:\/\/twitter.com\/zanguanga\">@zanguanga<\/a> siempre ha pensado que hay que lanzarse a las redes sociales sin plan y ahora Guy Kawasaki, gur\u00fa entre los gur\u00fas, le da la raz\u00f3n.<!--more--><\/p>\n<p>Esto es parte de una <a title=\"Guy Kawasaki: Don\u2019t Plan Your Social Media; Just Do It\" href=\"https:\/\/www.inc.com\/eric-markowitz\/guy-kawasaki-dont-plan-your-social-media-just-do-it.html\">entrevista concedida a Inc. por Guy Kawasaki<\/a>, el hombre que durante a\u00f1os fuera responsable del marketing de Apple:<\/p>\n<p>Pregunta: Digamos que tenemos un empresario que es nuevo en todo esto de los social media. Hay una tendencia a contratar a un consultor y formular un plan. \u00bfEs ese el enfoque correcto?<\/p>\n<p>Guy Kawasaki: No. Zamb\u00fallete en Facebook o Google + o Twitter. Crea una cuenta personal y prueba el agua. Conoce las sensibilidades. Esto es muy diferente al t\u00edpico experto que te dice que primero tiene que establecer su estrategia y sus metas y tener un enorme documento y un plan de trabajo. Creo que eso es un error. Es muy dif\u00edcil crear metas y estrategias para algo como Google +, Facebook o Twitter si no est\u00e1s familiarizado con Google +, Facebook o Twitter.<\/p>\n<p>Y a continuaci\u00f3n, Kawasaki pone como ejemplos de \u00e9xitos en las redes sociales a los conseguidos por peque\u00f1as empresas como pasteler\u00edas o furgonetas que venden comidas por las calles.<\/p>\n","protected":false},"excerpt":{"rendered":"<p>Algunos autodenominados gur\u00fas aconsejan contratarlos para crear un plan antes de usar las redes sociales. Nuestra experta, Angeles Portillo o @zanguanga siempre ha pensado que hay que lanzarse a las redes sociales sin plan y &#8230; <a title=\"Redes sociales: olv\u00eddate de planes y l\u00e1nzate\" class=\"read-more\" href=\"https:\/\/www.churbayportillo.com\/blog\/2012\/02\/28\/redes-sociales-olvidate-de-planes-y-lanzate\/\" aria-label=\"Leer m\u00e1s sobre Redes sociales: olv\u00eddate de planes y l\u00e1nzate\">Leer m\u00e1s<\/a><\/p>\n","protected":false},"author":3,"featured_media":0,"comment_status":"open","ping_status":"open","sticky":false,"template":"","format":"standard","meta":{"_jetpack_memberships_contains_paid_content":false,"footnotes":"","jetpack_publicize_message":"","jetpack_publicize_feature_enabled":true,"jetpack_social_post_already_shared":false,"jetpack_social_options":{"image_generator_settings":{"template":"highway","default_image_id":0,"font":"","enabled":false},"version":2}},"categories":[2,9,10,11],"tags":[375,458,704,677,220,967,724,390,139],"class_list":["post-16617","post","type-post","status-publish","format-standard","hentry","category-branding","category-comercio-electronico","category-emprendedores","category-pymes","tag-angeles-portillo","tag-exito","tag-empresas","tag-estrategia","tag-facebook","tag-guy-kawasaki","tag-marketing","tag-redes-sociales","tag-twitter"],"yoast_head":"<!-- This site is optimized with the Yoast SEO plugin v27.2 - https:\/\/yoast.com\/product\/yoast-seo-wordpress\/ -->\n<title>Redes sociales: olv\u00eddate de planes y l\u00e1nzate - El Secreto de las Pymes que crecen<\/title>\n<meta name=\"robots\" content=\"index, follow, max-snippet:-1, max-image-preview:large, max-video-preview:-1\" \/>\n<link rel=\"canonical\" href=\"https:\/\/www.churbayportillo.com\/blog\/2012\/02\/28\/redes-sociales-olvidate-de-planes-y-lanzate\/\" \/>\n<meta property=\"og:locale\" content=\"es_ES\" \/>\n<meta property=\"og:type\" content=\"article\" \/>\n<meta property=\"og:title\" content=\"Redes sociales: olv\u00eddate de planes y l\u00e1nzate - El Secreto de las Pymes que crecen\" \/>\n<meta property=\"og:description\" content=\"Algunos autodenominados gur\u00fas aconsejan contratarlos para crear un plan antes de usar las redes sociales. Nuestra experta, Angeles Portillo o @zanguanga siempre ha pensado que hay que lanzarse a las redes sociales sin plan y ... Leer m\u00e1s\" \/>\n<meta property=\"og:url\" content=\"https:\/\/www.churbayportillo.com\/blog\/2012\/02\/28\/redes-sociales-olvidate-de-planes-y-lanzate\/\" \/>\n<meta property=\"og:site_name\" content=\"El Secreto de las Pymes que crecen\" \/>\n<meta property=\"article:publisher\" content=\"https:\/\/www.facebook.com\/churbayportillo\" \/>\n<meta property=\"article:published_time\" content=\"2012-02-28T18:31:45+00:00\" \/>\n<meta property=\"article:modified_time\" content=\"2022-10-20T11:13:29+00:00\" \/>\n<meta property=\"og:image\" content=\"https:\/\/screto.s3.amazonaws.com\/uploads\/2010\/12\/GuyKawasaki.jpg\" \/>\n<meta name=\"author\" content=\"Jorge Churba\" \/>\n<meta name=\"twitter:card\" content=\"summary_large_image\" \/>\n<meta name=\"twitter:creator\" content=\"@elsecreto\" \/>\n<meta name=\"twitter:site\" content=\"@elsecreto\" \/>\n<meta name=\"twitter:label1\" content=\"Escrito por\" \/>\n\t<meta name=\"twitter:data1\" content=\"Jorge Churba\" \/>\n\t<meta name=\"twitter:label2\" content=\"Tiempo de lectura\" \/>\n\t<meta name=\"twitter:data2\" content=\"1 minuto\" \/>\n<script type=\"application\/ld+json\" class=\"yoast-schema-graph\">{\"@context\":\"https:\/\/schema.org\",\"@graph\":[{\"@type\":\"Article\",\"@id\":\"https:\/\/www.churbayportillo.com\/blog\/2012\/02\/28\/redes-sociales-olvidate-de-planes-y-lanzate\/#article\",\"isPartOf\":{\"@id\":\"https:\/\/www.churbayportillo.com\/blog\/2012\/02\/28\/redes-sociales-olvidate-de-planes-y-lanzate\/\"},\"author\":{\"name\":\"Jorge Churba\",\"@id\":\"https:\/\/www.churbayportillo.com\/blog\/#\/schema\/person\/327f5e9fbcbeeb46bb1a6a1b69a3136b\"},\"headline\":\"Redes sociales: olv\u00eddate de planes y l\u00e1nzate\",\"datePublished\":\"2012-02-28T18:31:45+00:00\",\"dateModified\":\"2022-10-20T11:13:29+00:00\",\"mainEntityOfPage\":{\"@id\":\"https:\/\/www.churbayportillo.com\/blog\/2012\/02\/28\/redes-sociales-olvidate-de-planes-y-lanzate\/\"},\"wordCount\":231,\"commentCount\":3,\"publisher\":{\"@id\":\"https:\/\/www.churbayportillo.com\/blog\/#organization\"},\"image\":{\"@id\":\"https:\/\/www.churbayportillo.com\/blog\/2012\/02\/28\/redes-sociales-olvidate-de-planes-y-lanzate\/#primaryimage\"},\"thumbnailUrl\":\"https:\/\/screto.s3.amazonaws.com\/uploads\/2010\/12\/GuyKawasaki.jpg\",\"keywords\":[\"Angeles Portillo\",\"\u00e9xito\",\"Empresas\",\"estrategia\",\"facebook\",\"guy kawasaki\",\"Marketing\",\"redes sociales\",\"twitter\"],\"articleSection\":[\"Branding\",\"Comercio electr\u00f3nico\",\"Emprendedores\",\"Pymes\"],\"inLanguage\":\"es\",\"potentialAction\":[{\"@type\":\"CommentAction\",\"name\":\"Comment\",\"target\":[\"https:\/\/www.churbayportillo.com\/blog\/2012\/02\/28\/redes-sociales-olvidate-de-planes-y-lanzate\/#respond\"]}]},{\"@type\":\"WebPage\",\"@id\":\"https:\/\/www.churbayportillo.com\/blog\/2012\/02\/28\/redes-sociales-olvidate-de-planes-y-lanzate\/\",\"url\":\"https:\/\/www.churbayportillo.com\/blog\/2012\/02\/28\/redes-sociales-olvidate-de-planes-y-lanzate\/\",\"name\":\"Redes sociales: olv\u00eddate de planes y l\u00e1nzate - El Secreto de las Pymes que crecen\",\"isPartOf\":{\"@id\":\"https:\/\/www.churbayportillo.com\/blog\/#website\"},\"primaryImageOfPage\":{\"@id\":\"https:\/\/www.churbayportillo.com\/blog\/2012\/02\/28\/redes-sociales-olvidate-de-planes-y-lanzate\/#primaryimage\"},\"image\":{\"@id\":\"https:\/\/www.churbayportillo.com\/blog\/2012\/02\/28\/redes-sociales-olvidate-de-planes-y-lanzate\/#primaryimage\"},\"thumbnailUrl\":\"https:\/\/screto.s3.amazonaws.com\/uploads\/2010\/12\/GuyKawasaki.jpg\",\"datePublished\":\"2012-02-28T18:31:45+00:00\",\"dateModified\":\"2022-10-20T11:13:29+00:00\",\"breadcrumb\":{\"@id\":\"https:\/\/www.churbayportillo.com\/blog\/2012\/02\/28\/redes-sociales-olvidate-de-planes-y-lanzate\/#breadcrumb\"},\"inLanguage\":\"es\",\"potentialAction\":[{\"@type\":\"ReadAction\",\"target\":[\"https:\/\/www.churbayportillo.com\/blog\/2012\/02\/28\/redes-sociales-olvidate-de-planes-y-lanzate\/\"]}]},{\"@type\":\"ImageObject\",\"inLanguage\":\"es\",\"@id\":\"https:\/\/www.churbayportillo.com\/blog\/2012\/02\/28\/redes-sociales-olvidate-de-planes-y-lanzate\/#primaryimage\",\"url\":\"https:\/\/screto.s3.amazonaws.com\/uploads\/2010\/12\/GuyKawasaki.jpg\",\"contentUrl\":\"https:\/\/screto.s3.amazonaws.com\/uploads\/2010\/12\/GuyKawasaki.jpg\"},{\"@type\":\"BreadcrumbList\",\"@id\":\"https:\/\/www.churbayportillo.com\/blog\/2012\/02\/28\/redes-sociales-olvidate-de-planes-y-lanzate\/#breadcrumb\",\"itemListElement\":[{\"@type\":\"ListItem\",\"position\":1,\"name\":\"Portada\",\"item\":\"https:\/\/www.churbayportillo.com\/blog\/\"},{\"@type\":\"ListItem\",\"position\":2,\"name\":\"Redes sociales: olv\u00eddate de planes y l\u00e1nzate\"}]},{\"@type\":\"WebSite\",\"@id\":\"https:\/\/www.churbayportillo.com\/blog\/#website\",\"url\":\"https:\/\/www.churbayportillo.com\/blog\/\",\"name\":\"El Secreto de las Pymes que crecen\",\"description\":\"Informaci\u00f3n y consejos para vender m\u00e1s\",\"publisher\":{\"@id\":\"https:\/\/www.churbayportillo.com\/blog\/#organization\"},\"potentialAction\":[{\"@type\":\"SearchAction\",\"target\":{\"@type\":\"EntryPoint\",\"urlTemplate\":\"https:\/\/www.churbayportillo.com\/blog\/?s={search_term_string}\"},\"query-input\":{\"@type\":\"PropertyValueSpecification\",\"valueRequired\":true,\"valueName\":\"search_term_string\"}}],\"inLanguage\":\"es\"},{\"@type\":\"Organization\",\"@id\":\"https:\/\/www.churbayportillo.com\/blog\/#organization\",\"name\":\"El Secreto de las Pymes que crecen\",\"url\":\"https:\/\/www.churbayportillo.com\/blog\/\",\"logo\":{\"@type\":\"ImageObject\",\"inLanguage\":\"es\",\"@id\":\"https:\/\/www.churbayportillo.com\/blog\/#\/schema\/logo\/image\/\",\"url\":\"https:\/\/www.churbayportillo.com\/blog\/wp-content\/uploads\/2021\/12\/logo.png\",\"contentUrl\":\"https:\/\/www.churbayportillo.com\/blog\/wp-content\/uploads\/2021\/12\/logo.png\",\"width\":599,\"height\":109,\"caption\":\"El Secreto de las Pymes que crecen\"},\"image\":{\"@id\":\"https:\/\/www.churbayportillo.com\/blog\/#\/schema\/logo\/image\/\"},\"sameAs\":[\"https:\/\/www.facebook.com\/churbayportillo\",\"https:\/\/x.com\/elsecreto\"]},{\"@type\":\"Person\",\"@id\":\"https:\/\/www.churbayportillo.com\/blog\/#\/schema\/person\/327f5e9fbcbeeb46bb1a6a1b69a3136b\",\"name\":\"Jorge Churba\",\"image\":{\"@type\":\"ImageObject\",\"inLanguage\":\"es\",\"@id\":\"https:\/\/secure.gravatar.com\/avatar\/c5f9205dc97a66e1143b707b76fe364da0a694698284e0bc4f5629e814e5ee66?s=96&d=mm&r=g\",\"url\":\"https:\/\/secure.gravatar.com\/avatar\/c5f9205dc97a66e1143b707b76fe364da0a694698284e0bc4f5629e814e5ee66?s=96&d=mm&r=g\",\"contentUrl\":\"https:\/\/secure.gravatar.com\/avatar\/c5f9205dc97a66e1143b707b76fe364da0a694698284e0bc4f5629e814e5ee66?s=96&d=mm&r=g\",\"caption\":\"Jorge Churba\"},\"description\":\"Me comunico, luego existo. Autor del Diccionario Pr\u00e1ctico de Internet para Emprendedores. Fundador de Churba &amp; Portillo y trabajador en Internet. S\u00edgueme en Twitter\",\"sameAs\":[\"https:\/\/www.churbayportillo.com\/blog\"],\"url\":\"https:\/\/www.churbayportillo.com\/blog\/author\/jorge\/\"}]}<\/script>\n<!-- \/ Yoast SEO plugin. -->","yoast_head_json":{"title":"Redes sociales: olv\u00eddate de planes y l\u00e1nzate - El Secreto de las Pymes que crecen","robots":{"index":"index","follow":"follow","max-snippet":"max-snippet:-1","max-image-preview":"max-image-preview:large","max-video-preview":"max-video-preview:-1"},"canonical":"https:\/\/www.churbayportillo.com\/blog\/2012\/02\/28\/redes-sociales-olvidate-de-planes-y-lanzate\/","og_locale":"es_ES","og_type":"article","og_title":"Redes sociales: olv\u00eddate de planes y l\u00e1nzate - El Secreto de las Pymes que crecen","og_description":"Algunos autodenominados gur\u00fas aconsejan contratarlos para crear un plan antes de usar las redes sociales. Nuestra experta, Angeles Portillo o @zanguanga siempre ha pensado que hay que lanzarse a las redes sociales sin plan y ... Leer m\u00e1s","og_url":"https:\/\/www.churbayportillo.com\/blog\/2012\/02\/28\/redes-sociales-olvidate-de-planes-y-lanzate\/","og_site_name":"El Secreto de las Pymes que crecen","article_publisher":"https:\/\/www.facebook.com\/churbayportillo","article_published_time":"2012-02-28T18:31:45+00:00","article_modified_time":"2022-10-20T11:13:29+00:00","og_image":[{"url":"https:\/\/screto.s3.amazonaws.com\/uploads\/2010\/12\/GuyKawasaki.jpg","type":"","width":"","height":""}],"author":"Jorge Churba","twitter_card":"summary_large_image","twitter_creator":"@elsecreto","twitter_site":"@elsecreto","twitter_misc":{"Escrito por":"Jorge Churba","Tiempo de lectura":"1 minuto"},"schema":{"@context":"https:\/\/schema.org","@graph":[{"@type":"Article","@id":"https:\/\/www.churbayportillo.com\/blog\/2012\/02\/28\/redes-sociales-olvidate-de-planes-y-lanzate\/#article","isPartOf":{"@id":"https:\/\/www.churbayportillo.com\/blog\/2012\/02\/28\/redes-sociales-olvidate-de-planes-y-lanzate\/"},"author":{"name":"Jorge Churba","@id":"https:\/\/www.churbayportillo.com\/blog\/#\/schema\/person\/327f5e9fbcbeeb46bb1a6a1b69a3136b"},"headline":"Redes sociales: olv\u00eddate de planes y l\u00e1nzate","datePublished":"2012-02-28T18:31:45+00:00","dateModified":"2022-10-20T11:13:29+00:00","mainEntityOfPage":{"@id":"https:\/\/www.churbayportillo.com\/blog\/2012\/02\/28\/redes-sociales-olvidate-de-planes-y-lanzate\/"},"wordCount":231,"commentCount":3,"publisher":{"@id":"https:\/\/www.churbayportillo.com\/blog\/#organization"},"image":{"@id":"https:\/\/www.churbayportillo.com\/blog\/2012\/02\/28\/redes-sociales-olvidate-de-planes-y-lanzate\/#primaryimage"},"thumbnailUrl":"https:\/\/screto.s3.amazonaws.com\/uploads\/2010\/12\/GuyKawasaki.jpg","keywords":["Angeles Portillo","\u00e9xito","Empresas","estrategia","facebook","guy kawasaki","Marketing","redes sociales","twitter"],"articleSection":["Branding","Comercio electr\u00f3nico","Emprendedores","Pymes"],"inLanguage":"es","potentialAction":[{"@type":"CommentAction","name":"Comment","target":["https:\/\/www.churbayportillo.com\/blog\/2012\/02\/28\/redes-sociales-olvidate-de-planes-y-lanzate\/#respond"]}]},{"@type":"WebPage","@id":"https:\/\/www.churbayportillo.com\/blog\/2012\/02\/28\/redes-sociales-olvidate-de-planes-y-lanzate\/","url":"https:\/\/www.churbayportillo.com\/blog\/2012\/02\/28\/redes-sociales-olvidate-de-planes-y-lanzate\/","name":"Redes sociales: olv\u00eddate de planes y l\u00e1nzate - El Secreto de las Pymes que crecen","isPartOf":{"@id":"https:\/\/www.churbayportillo.com\/blog\/#website"},"primaryImageOfPage":{"@id":"https:\/\/www.churbayportillo.com\/blog\/2012\/02\/28\/redes-sociales-olvidate-de-planes-y-lanzate\/#primaryimage"},"image":{"@id":"https:\/\/www.churbayportillo.com\/blog\/2012\/02\/28\/redes-sociales-olvidate-de-planes-y-lanzate\/#primaryimage"},"thumbnailUrl":"https:\/\/screto.s3.amazonaws.com\/uploads\/2010\/12\/GuyKawasaki.jpg","datePublished":"2012-02-28T18:31:45+00:00","dateModified":"2022-10-20T11:13:29+00:00","breadcrumb":{"@id":"https:\/\/www.churbayportillo.com\/blog\/2012\/02\/28\/redes-sociales-olvidate-de-planes-y-lanzate\/#breadcrumb"},"inLanguage":"es","potentialAction":[{"@type":"ReadAction","target":["https:\/\/www.churbayportillo.com\/blog\/2012\/02\/28\/redes-sociales-olvidate-de-planes-y-lanzate\/"]}]},{"@type":"ImageObject","inLanguage":"es","@id":"https:\/\/www.churbayportillo.com\/blog\/2012\/02\/28\/redes-sociales-olvidate-de-planes-y-lanzate\/#primaryimage","url":"https:\/\/screto.s3.amazonaws.com\/uploads\/2010\/12\/GuyKawasaki.jpg","contentUrl":"https:\/\/screto.s3.amazonaws.com\/uploads\/2010\/12\/GuyKawasaki.jpg"},{"@type":"BreadcrumbList","@id":"https:\/\/www.churbayportillo.com\/blog\/2012\/02\/28\/redes-sociales-olvidate-de-planes-y-lanzate\/#breadcrumb","itemListElement":[{"@type":"ListItem","position":1,"name":"Portada","item":"https:\/\/www.churbayportillo.com\/blog\/"},{"@type":"ListItem","position":2,"name":"Redes sociales: olv\u00eddate de planes y l\u00e1nzate"}]},{"@type":"WebSite","@id":"https:\/\/www.churbayportillo.com\/blog\/#website","url":"https:\/\/www.churbayportillo.com\/blog\/","name":"El Secreto de las Pymes que crecen","description":"Informaci\u00f3n y consejos para vender m\u00e1s","publisher":{"@id":"https:\/\/www.churbayportillo.com\/blog\/#organization"},"potentialAction":[{"@type":"SearchAction","target":{"@type":"EntryPoint","urlTemplate":"https:\/\/www.churbayportillo.com\/blog\/?s={search_term_string}"},"query-input":{"@type":"PropertyValueSpecification","valueRequired":true,"valueName":"search_term_string"}}],"inLanguage":"es"},{"@type":"Organization","@id":"https:\/\/www.churbayportillo.com\/blog\/#organization","name":"El Secreto de las Pymes que crecen","url":"https:\/\/www.churbayportillo.com\/blog\/","logo":{"@type":"ImageObject","inLanguage":"es","@id":"https:\/\/www.churbayportillo.com\/blog\/#\/schema\/logo\/image\/","url":"https:\/\/www.churbayportillo.com\/blog\/wp-content\/uploads\/2021\/12\/logo.png","contentUrl":"https:\/\/www.churbayportillo.com\/blog\/wp-content\/uploads\/2021\/12\/logo.png","width":599,"height":109,"caption":"El Secreto de las Pymes que crecen"},"image":{"@id":"https:\/\/www.churbayportillo.com\/blog\/#\/schema\/logo\/image\/"},"sameAs":["https:\/\/www.facebook.com\/churbayportillo","https:\/\/x.com\/elsecreto"]},{"@type":"Person","@id":"https:\/\/www.churbayportillo.com\/blog\/#\/schema\/person\/327f5e9fbcbeeb46bb1a6a1b69a3136b","name":"Jorge Churba","image":{"@type":"ImageObject","inLanguage":"es","@id":"https:\/\/secure.gravatar.com\/avatar\/c5f9205dc97a66e1143b707b76fe364da0a694698284e0bc4f5629e814e5ee66?s=96&d=mm&r=g","url":"https:\/\/secure.gravatar.com\/avatar\/c5f9205dc97a66e1143b707b76fe364da0a694698284e0bc4f5629e814e5ee66?s=96&d=mm&r=g","contentUrl":"https:\/\/secure.gravatar.com\/avatar\/c5f9205dc97a66e1143b707b76fe364da0a694698284e0bc4f5629e814e5ee66?s=96&d=mm&r=g","caption":"Jorge Churba"},"description":"Me comunico, luego existo. Autor del Diccionario Pr\u00e1ctico de Internet para Emprendedores. Fundador de Churba &amp; Portillo y trabajador en Internet. S\u00edgueme en Twitter","sameAs":["https:\/\/www.churbayportillo.com\/blog"],"url":"https:\/\/www.churbayportillo.com\/blog\/author\/jorge\/"}]}},"jetpack_publicize_connections":[],"jetpack_featured_media_url":"","jetpack-related-posts":[{"id":11912,"url":"https:\/\/www.churbayportillo.com\/blog\/2010\/12\/03\/impresiones-del-viaje-de-guy-kawasaki-a-madrid\/","url_meta":{"origin":16617,"position":0},"title":"Impresiones del viaje de Guy Kawasaki a Madrid","author":"Jorge Churba","date":"3 diciembre 2010","format":false,"excerpt":"En nuestras relaciones profesionales hacemos grandes esfuerzos para causar una muy buena impresi\u00f3n a la gente importante y pasado el primer encuentro, nos preguntamos cu\u00e1les han sido los resultados de nuestros esfuerzos. La visita de Guy Kawasaki, una importante personalidad del marketing, Internet y las nuevas tecnolog\u00edas nos ofrece una\u2026","rel":"","context":"En \u00abEmprendedores\u00bb","block_context":{"text":"Emprendedores","link":"https:\/\/www.churbayportillo.com\/blog\/category\/emprendedores\/"},"img":{"alt_text":"Guy Kawasaki","src":"https:\/\/i0.wp.com\/screto.s3.amazonaws.com\/uploads\/2010\/12\/GuyKawasaki.jpg?resize=350%2C200&ssl=1","width":350,"height":200},"classes":[]},{"id":15042,"url":"https:\/\/www.churbayportillo.com\/blog\/2011\/10\/14\/cuando-el-tamano-es-muy-importante\/","url_meta":{"origin":16617,"position":1},"title":"Cuando el tama\u00f1o es muy importante","author":"Jorge Churba","date":"14 octubre 2011","format":false,"excerpt":"En ocasiones el tama\u00f1o es tan importante que puede hacer la diferencia entre el \u00e9xito y el fracaso, as\u00ed lo demuestran los consumidores y as\u00ed tambi\u00e9n lo cre\u00eda el recientemente fallecido Steve Jobs. Rotulaci\u00f3n Imagina la escena: vas conduciendo y buscando una empresa, pero pasas de largo porque la se\u00f1alizaci\u00f3n\u2026","rel":"","context":"En \u00abBranding\u00bb","block_context":{"text":"Branding","link":"https:\/\/www.churbayportillo.com\/blog\/category\/branding\/"},"img":{"alt_text":"Prueba agudeza visual","src":"https:\/\/i0.wp.com\/screto.s3.amazonaws.com\/uploads\/2011\/10\/Prueba-agudeza-visual.jpg?resize=350%2C200&ssl=1","width":350,"height":200},"classes":[]},{"id":23539,"url":"https:\/\/www.churbayportillo.com\/blog\/2014\/03\/11\/angeles-portillo-de-churba-portillo-en-hangouton-de-buddypress\/","url_meta":{"origin":16617,"position":2},"title":"Angeles Portillo, de Churba &#038; Portillo, en HangoutON de BuddyPress","author":"Jorge Churba","date":"11 marzo 2014","format":false,"excerpt":"Crear tu propia red social es posible usando BuddyPress, un plugin muy especial de WordPress. Si quieres conocer todas sus posibilidades, aprovecha la oportunidad que te brinda HangoutON\u00a0hoy, martes 11 de marzo de 2014 a las diez de la noche (hora peninsular espa\u00f1ola). Porque podr\u00e1s seguir en directo y online\u2026","rel":"","context":"En \u00abGeneral\u00bb","block_context":{"text":"General","link":"https:\/\/www.churbayportillo.com\/blog\/category\/general\/"},"img":{"alt_text":"Angeles Portillo y Roc\u00edo Valdivia hablan de BuddyPress","src":"https:\/\/i0.wp.com\/www.churbayportillo.com\/blog\/wp-content\/uploads\/2014\/03\/BuddyPress-plugin-de-WordPress.jpg?resize=350%2C200&ssl=1","width":350,"height":200,"srcset":"https:\/\/i0.wp.com\/www.churbayportillo.com\/blog\/wp-content\/uploads\/2014\/03\/BuddyPress-plugin-de-WordPress.jpg?resize=350%2C200&ssl=1 1x, https:\/\/i0.wp.com\/www.churbayportillo.com\/blog\/wp-content\/uploads\/2014\/03\/BuddyPress-plugin-de-WordPress.jpg?resize=525%2C300&ssl=1 1.5x, https:\/\/i0.wp.com\/www.churbayportillo.com\/blog\/wp-content\/uploads\/2014\/03\/BuddyPress-plugin-de-WordPress.jpg?resize=700%2C400&ssl=1 2x, https:\/\/i0.wp.com\/www.churbayportillo.com\/blog\/wp-content\/uploads\/2014\/03\/BuddyPress-plugin-de-WordPress.jpg?resize=1050%2C600&ssl=1 3x, https:\/\/i0.wp.com\/www.churbayportillo.com\/blog\/wp-content\/uploads\/2014\/03\/BuddyPress-plugin-de-WordPress.jpg?resize=1400%2C800&ssl=1 4x"},"classes":[]},{"id":23553,"url":"https:\/\/www.churbayportillo.com\/blog\/2014\/03\/14\/tambien-tu-puedes-tener-tu-propia-red-social-con-buddypress\/","url_meta":{"origin":16617,"position":3},"title":"Tambi\u00e9n t\u00fa puedes tener tu propia red social con BuddyPress","author":"Jorge Churba","date":"14 marzo 2014","format":false,"excerpt":"https:\/\/www.youtube.com\/watch?v=ytdDiQYPUXc Descubre c\u00f3mo\u00a0BuddyPress te permite tener tu propia red social. En este v\u00eddeo hablan de ello y responden a las preguntas del p\u00fablico Roc\u00edo Valdivia\u00a0@rociovaldi\u00a0programadora especializada en la creaci\u00f3n de redes sociales con BuddyPress. Pedro Santos\u00a0@hostfusion\u00a0especialista en\u00a0WordPress y\u00a0community manager de\u00a0Host-Fusion. Angeles Portillo\u00a0@zanguanga, directora de\u00a0Churba & Portillo\u00a0y dise\u00f1adora experta en WordPress.\u2026","rel":"","context":"En \u00abEmprendedores\u00bb","block_context":{"text":"Emprendedores","link":"https:\/\/www.churbayportillo.com\/blog\/category\/emprendedores\/"},"img":{"alt_text":"","src":"https:\/\/i0.wp.com\/img.youtube.com\/vi\/ytdDiQYPUXc\/0.jpg?resize=350%2C200","width":350,"height":200},"classes":[]},{"id":23428,"url":"https:\/\/www.churbayportillo.com\/blog\/2014\/02\/21\/angeles-portillo-directora-de-churba-portillo-en-enreda2\/","url_meta":{"origin":16617,"position":4},"title":"Angeles Portillo, directora de Churba &#038; Portillo en #Enreda2","author":"Jorge Churba","date":"21 febrero 2014","format":false,"excerpt":"C\u00f3mo alcanzar diez mil seguidores en Twitter y seguir siendo la misma. As\u00ed titul\u00f3\u00a0Isabel Franco \u00a0la entrevista que realiz\u00f3 a Angeles Portillo para\u00a0#Enreda2 de Onda Regional de Murcia. Escucha la entrevista en\u00a0Onda Regional de Murcia porque encontrar\u00e1s valiosos consejos para el uso de Twitter por empresas y particulares y lee\u2026","rel":"","context":"En \u00abGeneral\u00bb","block_context":{"text":"General","link":"https:\/\/www.churbayportillo.com\/blog\/category\/general\/"},"img":{"alt_text":"Entrevista a Angeles Portillo de Churba & Portillo en Onda Regional de Murcia","src":"https:\/\/i0.wp.com\/www.churbayportillo.com\/blog\/wp-content\/uploads\/2014\/02\/Entrevista-Angeles-Portillo-500x187.jpg?resize=350%2C200&ssl=1","width":350,"height":200},"classes":[]},{"id":13951,"url":"https:\/\/www.churbayportillo.com\/blog\/2011\/07\/13\/perros-2-0-ya-estan-en-las-redes-sociales-pero-quieren-sus-propios-blogs\/","url_meta":{"origin":16617,"position":5},"title":"Perros 2.0: ya est\u00e1n en las redes sociales pero quieren sus propios blogs","author":"Jorge Churba","date":"13 julio 2011","format":false,"excerpt":"El 10% de los perros de Gran Breta\u00f1a tienen su perfil en Facebook, Twitter o YouTube. Otros perros y gatos, grabados muchas veces sin su consentimiento, se han convertido en estrellas de YouTube. Tambi\u00e9n hay sitios web que empleando nombres de perros y gatos promueven su adopci\u00f3n. Por eso, algunos\u2026","rel":"","context":"En \u00abBlogs\u00bb","block_context":{"text":"Blogs","link":"https:\/\/www.churbayportillo.com\/blog\/category\/blogs\/"},"img":{"alt_text":"Ron estrella del blog","src":"https:\/\/i0.wp.com\/screto.s3.amazonaws.com\/uploads\/2011\/07\/ron-estrella-del-blog.jpg?resize=350%2C200&ssl=1","width":350,"height":200},"classes":[]}],"jetpack_sharing_enabled":true,"_links":{"self":[{"href":"https:\/\/www.churbayportillo.com\/blog\/wp-json\/wp\/v2\/posts\/16617","targetHints":{"allow":["GET"]}}],"collection":[{"href":"https:\/\/www.churbayportillo.com\/blog\/wp-json\/wp\/v2\/posts"}],"about":[{"href":"https:\/\/www.churbayportillo.com\/blog\/wp-json\/wp\/v2\/types\/post"}],"author":[{"embeddable":true,"href":"https:\/\/www.churbayportillo.com\/blog\/wp-json\/wp\/v2\/users\/3"}],"replies":[{"embeddable":true,"href":"https:\/\/www.churbayportillo.com\/blog\/wp-json\/wp\/v2\/comments?post=16617"}],"version-history":[{"count":0,"href":"https:\/\/www.churbayportillo.com\/blog\/wp-json\/wp\/v2\/posts\/16617\/revisions"}],"wp:attachment":[{"href":"https:\/\/www.churbayportillo.com\/blog\/wp-json\/wp\/v2\/media?parent=16617"}],"wp:term":[{"taxonomy":"category","embeddable":true,"href":"https:\/\/www.churbayportillo.com\/blog\/wp-json\/wp\/v2\/categories?post=16617"},{"taxonomy":"post_tag","embeddable":true,"href":"https:\/\/www.churbayportillo.com\/blog\/wp-json\/wp\/v2\/tags?post=16617"}],"curies":[{"name":"wp","href":"https:\/\/api.w.org\/{rel}","templated":true}]}}