{"id":18880,"date":"2012-08-31T09:45:43","date_gmt":"2012-08-31T07:45:43","guid":{"rendered":"https:\/\/www.churbayportillo.com\/blog\/?p=18880"},"modified":"2022-06-02T12:56:30","modified_gmt":"2022-06-02T10:56:30","slug":"si-eres-un-emprendedor-irracional-esta-es-tu-oportunidad","status":"publish","type":"post","link":"https:\/\/www.churbayportillo.com\/blog\/2012\/08\/31\/si-eres-un-emprendedor-irracional-esta-es-tu-oportunidad\/","title":{"rendered":"Si eres un emprendedor irracional, esta es tu oportunidad"},"content":{"rendered":"<p><iframe loading=\"lazy\" title=\"The Unreasonables Trailer 2012\" src=\"https:\/\/player.vimeo.com\/video\/35409023?dnt=1&amp;app_id=122963\" width=\"1200\" height=\"675\" frameborder=\"0\" allow=\"autoplay; fullscreen; picture-in-picture; clipboard-write\"><\/iframe><\/p>\n<p>Porque a partir del pr\u00f3ximo 10 de septiembre podr\u00e1s presentar tu candidatura para pasar seis semanas con 25 de los <a title=\"Emprendedores en El Secreto\" href=\"https:\/\/www.churbayportillo.com\/blog\/emprendedores\/\">emprendedores<\/a> m\u00e1s prometedores del mundo y unos mentores de lujo. Seis semanas que pueden ayudarte a hacer realidad tu proyecto y que pueden cambiar tu vida.<!--more--><\/p>\n<p>La propuesta del Instituto Irracional es pasar seis semanas de constante convivencia entre brillantes emprendedores y algunas de las personas m\u00e1s exitosas e inteligentes del planeta.<\/p>\n<p>Y adem\u00e1s, acceso a financiaci\u00f3n, asesoramiento y difusi\u00f3n internacional de tu proyecto.<\/p>\n<p>M\u00e1s informaci\u00f3n<\/p>\n<p>&nbsp;<\/p>\n","protected":false},"excerpt":{"rendered":"<p>Porque a partir del pr\u00f3ximo 10 de septiembre podr\u00e1s presentar tu candidatura para pasar seis semanas con 25 de los emprendedores m\u00e1s prometedores del mundo y unos mentores de lujo. Seis semanas que pueden ayudarte &#8230; <a title=\"Si eres un emprendedor irracional, esta es tu oportunidad\" class=\"read-more\" href=\"https:\/\/www.churbayportillo.com\/blog\/2012\/08\/31\/si-eres-un-emprendedor-irracional-esta-es-tu-oportunidad\/\" aria-label=\"Leer m\u00e1s sobre Si eres un emprendedor irracional, esta es tu oportunidad\">Leer m\u00e1s<\/a><\/p>\n","protected":false},"author":3,"featured_media":0,"comment_status":"open","ping_status":"open","sticky":false,"template":"","format":"standard","meta":{"_jetpack_memberships_contains_paid_content":false,"footnotes":"","jetpack_publicize_message":"","jetpack_publicize_feature_enabled":true,"jetpack_social_post_already_shared":false,"jetpack_social_options":{"image_generator_settings":{"template":"highway","default_image_id":0,"font":"","enabled":false},"version":2}},"categories":[4,10],"tags":[992,250],"class_list":["post-18880","post","type-post","status-publish","format-standard","hentry","category-ayudas-y-subvenciones","category-emprendedores","tag-emprendedores","tag-formacion"],"yoast_head":"<!-- This site is optimized with the Yoast SEO plugin v27.2 - https:\/\/yoast.com\/product\/yoast-seo-wordpress\/ -->\n<title>Si eres un emprendedor irracional, esta es tu oportunidad - El Secreto de las Pymes que crecen<\/title>\n<meta name=\"robots\" content=\"index, follow, max-snippet:-1, max-image-preview:large, max-video-preview:-1\" \/>\n<link rel=\"canonical\" href=\"https:\/\/www.churbayportillo.com\/blog\/2012\/08\/31\/si-eres-un-emprendedor-irracional-esta-es-tu-oportunidad\/\" \/>\n<meta property=\"og:locale\" content=\"es_ES\" \/>\n<meta property=\"og:type\" content=\"article\" \/>\n<meta property=\"og:title\" content=\"Si eres un emprendedor irracional, esta es tu oportunidad - El Secreto de las Pymes que crecen\" \/>\n<meta property=\"og:description\" content=\"Porque a partir del pr\u00f3ximo 10 de septiembre podr\u00e1s presentar tu candidatura para pasar seis semanas con 25 de los emprendedores m\u00e1s prometedores del mundo y unos mentores de lujo. Seis semanas que pueden ayudarte ... Leer m\u00e1s\" \/>\n<meta property=\"og:url\" content=\"https:\/\/www.churbayportillo.com\/blog\/2012\/08\/31\/si-eres-un-emprendedor-irracional-esta-es-tu-oportunidad\/\" \/>\n<meta property=\"og:site_name\" content=\"El Secreto de las Pymes que crecen\" \/>\n<meta property=\"article:publisher\" content=\"https:\/\/www.facebook.com\/churbayportillo\" \/>\n<meta property=\"article:published_time\" content=\"2012-08-31T07:45:43+00:00\" \/>\n<meta property=\"article:modified_time\" content=\"2022-06-02T10:56:30+00:00\" \/>\n<meta name=\"author\" content=\"Jorge Churba\" \/>\n<meta name=\"twitter:card\" content=\"summary_large_image\" \/>\n<meta name=\"twitter:creator\" content=\"@elsecreto\" \/>\n<meta name=\"twitter:site\" content=\"@elsecreto\" \/>\n<meta name=\"twitter:label1\" content=\"Escrito por\" \/>\n\t<meta name=\"twitter:data1\" content=\"Jorge Churba\" \/>\n<script type=\"application\/ld+json\" class=\"yoast-schema-graph\">{\"@context\":\"https:\/\/schema.org\",\"@graph\":[{\"@type\":\"Article\",\"@id\":\"https:\/\/www.churbayportillo.com\/blog\/2012\/08\/31\/si-eres-un-emprendedor-irracional-esta-es-tu-oportunidad\/#article\",\"isPartOf\":{\"@id\":\"https:\/\/www.churbayportillo.com\/blog\/2012\/08\/31\/si-eres-un-emprendedor-irracional-esta-es-tu-oportunidad\/\"},\"author\":{\"name\":\"Jorge Churba\",\"@id\":\"https:\/\/www.churbayportillo.com\/blog\/#\/schema\/person\/327f5e9fbcbeeb46bb1a6a1b69a3136b\"},\"headline\":\"Si eres un emprendedor irracional, esta es tu oportunidad\",\"datePublished\":\"2012-08-31T07:45:43+00:00\",\"dateModified\":\"2022-06-02T10:56:30+00:00\",\"mainEntityOfPage\":{\"@id\":\"https:\/\/www.churbayportillo.com\/blog\/2012\/08\/31\/si-eres-un-emprendedor-irracional-esta-es-tu-oportunidad\/\"},\"wordCount\":106,\"commentCount\":1,\"publisher\":{\"@id\":\"https:\/\/www.churbayportillo.com\/blog\/#organization\"},\"keywords\":[\"Emprendedores\",\"formaci\u00f3n\"],\"articleSection\":[\"Ayudas y subvenciones\",\"Emprendedores\"],\"inLanguage\":\"es\",\"potentialAction\":[{\"@type\":\"CommentAction\",\"name\":\"Comment\",\"target\":[\"https:\/\/www.churbayportillo.com\/blog\/2012\/08\/31\/si-eres-un-emprendedor-irracional-esta-es-tu-oportunidad\/#respond\"]}]},{\"@type\":\"WebPage\",\"@id\":\"https:\/\/www.churbayportillo.com\/blog\/2012\/08\/31\/si-eres-un-emprendedor-irracional-esta-es-tu-oportunidad\/\",\"url\":\"https:\/\/www.churbayportillo.com\/blog\/2012\/08\/31\/si-eres-un-emprendedor-irracional-esta-es-tu-oportunidad\/\",\"name\":\"Si eres un emprendedor irracional, esta es tu oportunidad - El Secreto de las Pymes que crecen\",\"isPartOf\":{\"@id\":\"https:\/\/www.churbayportillo.com\/blog\/#website\"},\"datePublished\":\"2012-08-31T07:45:43+00:00\",\"dateModified\":\"2022-06-02T10:56:30+00:00\",\"breadcrumb\":{\"@id\":\"https:\/\/www.churbayportillo.com\/blog\/2012\/08\/31\/si-eres-un-emprendedor-irracional-esta-es-tu-oportunidad\/#breadcrumb\"},\"inLanguage\":\"es\",\"potentialAction\":[{\"@type\":\"ReadAction\",\"target\":[\"https:\/\/www.churbayportillo.com\/blog\/2012\/08\/31\/si-eres-un-emprendedor-irracional-esta-es-tu-oportunidad\/\"]}]},{\"@type\":\"BreadcrumbList\",\"@id\":\"https:\/\/www.churbayportillo.com\/blog\/2012\/08\/31\/si-eres-un-emprendedor-irracional-esta-es-tu-oportunidad\/#breadcrumb\",\"itemListElement\":[{\"@type\":\"ListItem\",\"position\":1,\"name\":\"Portada\",\"item\":\"https:\/\/www.churbayportillo.com\/blog\/\"},{\"@type\":\"ListItem\",\"position\":2,\"name\":\"Si eres un emprendedor irracional, esta es tu oportunidad\"}]},{\"@type\":\"WebSite\",\"@id\":\"https:\/\/www.churbayportillo.com\/blog\/#website\",\"url\":\"https:\/\/www.churbayportillo.com\/blog\/\",\"name\":\"El Secreto de las Pymes que crecen\",\"description\":\"Informaci\u00f3n y consejos para vender m\u00e1s\",\"publisher\":{\"@id\":\"https:\/\/www.churbayportillo.com\/blog\/#organization\"},\"potentialAction\":[{\"@type\":\"SearchAction\",\"target\":{\"@type\":\"EntryPoint\",\"urlTemplate\":\"https:\/\/www.churbayportillo.com\/blog\/?s={search_term_string}\"},\"query-input\":{\"@type\":\"PropertyValueSpecification\",\"valueRequired\":true,\"valueName\":\"search_term_string\"}}],\"inLanguage\":\"es\"},{\"@type\":\"Organization\",\"@id\":\"https:\/\/www.churbayportillo.com\/blog\/#organization\",\"name\":\"El Secreto de las Pymes que crecen\",\"url\":\"https:\/\/www.churbayportillo.com\/blog\/\",\"logo\":{\"@type\":\"ImageObject\",\"inLanguage\":\"es\",\"@id\":\"https:\/\/www.churbayportillo.com\/blog\/#\/schema\/logo\/image\/\",\"url\":\"https:\/\/www.churbayportillo.com\/blog\/wp-content\/uploads\/2021\/12\/logo.png\",\"contentUrl\":\"https:\/\/www.churbayportillo.com\/blog\/wp-content\/uploads\/2021\/12\/logo.png\",\"width\":599,\"height\":109,\"caption\":\"El Secreto de las Pymes que crecen\"},\"image\":{\"@id\":\"https:\/\/www.churbayportillo.com\/blog\/#\/schema\/logo\/image\/\"},\"sameAs\":[\"https:\/\/www.facebook.com\/churbayportillo\",\"https:\/\/x.com\/elsecreto\"]},{\"@type\":\"Person\",\"@id\":\"https:\/\/www.churbayportillo.com\/blog\/#\/schema\/person\/327f5e9fbcbeeb46bb1a6a1b69a3136b\",\"name\":\"Jorge Churba\",\"image\":{\"@type\":\"ImageObject\",\"inLanguage\":\"es\",\"@id\":\"https:\/\/secure.gravatar.com\/avatar\/c5f9205dc97a66e1143b707b76fe364da0a694698284e0bc4f5629e814e5ee66?s=96&d=mm&r=g\",\"url\":\"https:\/\/secure.gravatar.com\/avatar\/c5f9205dc97a66e1143b707b76fe364da0a694698284e0bc4f5629e814e5ee66?s=96&d=mm&r=g\",\"contentUrl\":\"https:\/\/secure.gravatar.com\/avatar\/c5f9205dc97a66e1143b707b76fe364da0a694698284e0bc4f5629e814e5ee66?s=96&d=mm&r=g\",\"caption\":\"Jorge Churba\"},\"description\":\"Me comunico, luego existo. Autor del Diccionario Pr\u00e1ctico de Internet para Emprendedores. Fundador de Churba &amp; Portillo y trabajador en Internet. S\u00edgueme en Twitter\",\"sameAs\":[\"https:\/\/www.churbayportillo.com\/blog\"],\"url\":\"https:\/\/www.churbayportillo.com\/blog\/author\/jorge\/\"}]}<\/script>\n<!-- \/ Yoast SEO plugin. -->","yoast_head_json":{"title":"Si eres un emprendedor irracional, esta es tu oportunidad - El Secreto de las Pymes que crecen","robots":{"index":"index","follow":"follow","max-snippet":"max-snippet:-1","max-image-preview":"max-image-preview:large","max-video-preview":"max-video-preview:-1"},"canonical":"https:\/\/www.churbayportillo.com\/blog\/2012\/08\/31\/si-eres-un-emprendedor-irracional-esta-es-tu-oportunidad\/","og_locale":"es_ES","og_type":"article","og_title":"Si eres un emprendedor irracional, esta es tu oportunidad - El Secreto de las Pymes que crecen","og_description":"Porque a partir del pr\u00f3ximo 10 de septiembre podr\u00e1s presentar tu candidatura para pasar seis semanas con 25 de los emprendedores m\u00e1s prometedores del mundo y unos mentores de lujo. Seis semanas que pueden ayudarte ... Leer m\u00e1s","og_url":"https:\/\/www.churbayportillo.com\/blog\/2012\/08\/31\/si-eres-un-emprendedor-irracional-esta-es-tu-oportunidad\/","og_site_name":"El Secreto de las Pymes que crecen","article_publisher":"https:\/\/www.facebook.com\/churbayportillo","article_published_time":"2012-08-31T07:45:43+00:00","article_modified_time":"2022-06-02T10:56:30+00:00","author":"Jorge Churba","twitter_card":"summary_large_image","twitter_creator":"@elsecreto","twitter_site":"@elsecreto","twitter_misc":{"Escrito por":"Jorge Churba"},"schema":{"@context":"https:\/\/schema.org","@graph":[{"@type":"Article","@id":"https:\/\/www.churbayportillo.com\/blog\/2012\/08\/31\/si-eres-un-emprendedor-irracional-esta-es-tu-oportunidad\/#article","isPartOf":{"@id":"https:\/\/www.churbayportillo.com\/blog\/2012\/08\/31\/si-eres-un-emprendedor-irracional-esta-es-tu-oportunidad\/"},"author":{"name":"Jorge Churba","@id":"https:\/\/www.churbayportillo.com\/blog\/#\/schema\/person\/327f5e9fbcbeeb46bb1a6a1b69a3136b"},"headline":"Si eres un emprendedor irracional, esta es tu oportunidad","datePublished":"2012-08-31T07:45:43+00:00","dateModified":"2022-06-02T10:56:30+00:00","mainEntityOfPage":{"@id":"https:\/\/www.churbayportillo.com\/blog\/2012\/08\/31\/si-eres-un-emprendedor-irracional-esta-es-tu-oportunidad\/"},"wordCount":106,"commentCount":1,"publisher":{"@id":"https:\/\/www.churbayportillo.com\/blog\/#organization"},"keywords":["Emprendedores","formaci\u00f3n"],"articleSection":["Ayudas y subvenciones","Emprendedores"],"inLanguage":"es","potentialAction":[{"@type":"CommentAction","name":"Comment","target":["https:\/\/www.churbayportillo.com\/blog\/2012\/08\/31\/si-eres-un-emprendedor-irracional-esta-es-tu-oportunidad\/#respond"]}]},{"@type":"WebPage","@id":"https:\/\/www.churbayportillo.com\/blog\/2012\/08\/31\/si-eres-un-emprendedor-irracional-esta-es-tu-oportunidad\/","url":"https:\/\/www.churbayportillo.com\/blog\/2012\/08\/31\/si-eres-un-emprendedor-irracional-esta-es-tu-oportunidad\/","name":"Si eres un emprendedor irracional, esta es tu oportunidad - El Secreto de las Pymes que crecen","isPartOf":{"@id":"https:\/\/www.churbayportillo.com\/blog\/#website"},"datePublished":"2012-08-31T07:45:43+00:00","dateModified":"2022-06-02T10:56:30+00:00","breadcrumb":{"@id":"https:\/\/www.churbayportillo.com\/blog\/2012\/08\/31\/si-eres-un-emprendedor-irracional-esta-es-tu-oportunidad\/#breadcrumb"},"inLanguage":"es","potentialAction":[{"@type":"ReadAction","target":["https:\/\/www.churbayportillo.com\/blog\/2012\/08\/31\/si-eres-un-emprendedor-irracional-esta-es-tu-oportunidad\/"]}]},{"@type":"BreadcrumbList","@id":"https:\/\/www.churbayportillo.com\/blog\/2012\/08\/31\/si-eres-un-emprendedor-irracional-esta-es-tu-oportunidad\/#breadcrumb","itemListElement":[{"@type":"ListItem","position":1,"name":"Portada","item":"https:\/\/www.churbayportillo.com\/blog\/"},{"@type":"ListItem","position":2,"name":"Si eres un emprendedor irracional, esta es tu oportunidad"}]},{"@type":"WebSite","@id":"https:\/\/www.churbayportillo.com\/blog\/#website","url":"https:\/\/www.churbayportillo.com\/blog\/","name":"El Secreto de las Pymes que crecen","description":"Informaci\u00f3n y consejos para vender m\u00e1s","publisher":{"@id":"https:\/\/www.churbayportillo.com\/blog\/#organization"},"potentialAction":[{"@type":"SearchAction","target":{"@type":"EntryPoint","urlTemplate":"https:\/\/www.churbayportillo.com\/blog\/?s={search_term_string}"},"query-input":{"@type":"PropertyValueSpecification","valueRequired":true,"valueName":"search_term_string"}}],"inLanguage":"es"},{"@type":"Organization","@id":"https:\/\/www.churbayportillo.com\/blog\/#organization","name":"El Secreto de las Pymes que crecen","url":"https:\/\/www.churbayportillo.com\/blog\/","logo":{"@type":"ImageObject","inLanguage":"es","@id":"https:\/\/www.churbayportillo.com\/blog\/#\/schema\/logo\/image\/","url":"https:\/\/www.churbayportillo.com\/blog\/wp-content\/uploads\/2021\/12\/logo.png","contentUrl":"https:\/\/www.churbayportillo.com\/blog\/wp-content\/uploads\/2021\/12\/logo.png","width":599,"height":109,"caption":"El Secreto de las Pymes que crecen"},"image":{"@id":"https:\/\/www.churbayportillo.com\/blog\/#\/schema\/logo\/image\/"},"sameAs":["https:\/\/www.facebook.com\/churbayportillo","https:\/\/x.com\/elsecreto"]},{"@type":"Person","@id":"https:\/\/www.churbayportillo.com\/blog\/#\/schema\/person\/327f5e9fbcbeeb46bb1a6a1b69a3136b","name":"Jorge Churba","image":{"@type":"ImageObject","inLanguage":"es","@id":"https:\/\/secure.gravatar.com\/avatar\/c5f9205dc97a66e1143b707b76fe364da0a694698284e0bc4f5629e814e5ee66?s=96&d=mm&r=g","url":"https:\/\/secure.gravatar.com\/avatar\/c5f9205dc97a66e1143b707b76fe364da0a694698284e0bc4f5629e814e5ee66?s=96&d=mm&r=g","contentUrl":"https:\/\/secure.gravatar.com\/avatar\/c5f9205dc97a66e1143b707b76fe364da0a694698284e0bc4f5629e814e5ee66?s=96&d=mm&r=g","caption":"Jorge Churba"},"description":"Me comunico, luego existo. Autor del Diccionario Pr\u00e1ctico de Internet para Emprendedores. Fundador de Churba &amp; Portillo y trabajador en Internet. S\u00edgueme en Twitter","sameAs":["https:\/\/www.churbayportillo.com\/blog"],"url":"https:\/\/www.churbayportillo.com\/blog\/author\/jorge\/"}]}},"jetpack_publicize_connections":[],"jetpack_featured_media_url":"","jetpack-related-posts":[{"id":11777,"url":"https:\/\/www.churbayportillo.com\/blog\/2010\/11\/24\/emprendedores-irracionales\/","url_meta":{"origin":18880,"position":0},"title":"Emprendedores irracionales","author":"Jorge Churba","date":"24 noviembre 2010","format":false,"excerpt":"\u00bfHas o\u00eddo hablar del Instituto Irracional? No es broma, existe y se dedica a atraer y seleccionar a los emprendedores m\u00e1s brillantes y prometedores del mundo, comprometidos en conseguir un impacto global, social o medioambiental con sus empresas. Por otra parte, busca a los empresarios m\u00e1s innovadores del mundo para\u2026","rel":"","context":"En \u00abAyudas y subvenciones\u00bb","block_context":{"text":"Ayudas y subvenciones","link":"https:\/\/www.churbayportillo.com\/blog\/category\/ayudas-y-subvenciones\/"},"img":{"alt_text":"Instituto Irracional","src":"https:\/\/i0.wp.com\/screto.s3.amazonaws.com\/uploads\/2010\/11\/Instituto-Irracional.jpg?resize=350%2C200&ssl=1","width":350,"height":200},"classes":[]},{"id":13208,"url":"https:\/\/www.churbayportillo.com\/blog\/2011\/05\/03\/20-millones-para-jovenes-emprendedores\/","url_meta":{"origin":18880,"position":1},"title":"20 millones para j\u00f3venes emprendedores","author":"Jorge Churba","date":"3 mayo 2011","format":false,"excerpt":"Ya est\u00e1 aprobada una l\u00ednea de financiaci\u00f3n de 20 millones de euros destinada a favorecer la puesta en marcha de proyectos empresariales promovidos por j\u00f3venes emprendedores. Est\u00e1 dirigida a pymes de al menos un a\u00f1o de vida formadas mayoritariamente por empresarios de hasta 35 a\u00f1os. Habr\u00e1 pr\u00e9stamos de un importe\u2026","rel":"","context":"En \u00abEmprendedores\u00bb","block_context":{"text":"Emprendedores","link":"https:\/\/www.churbayportillo.com\/blog\/category\/emprendedores\/"},"img":{"alt_text":"Firma","src":"https:\/\/i0.wp.com\/screto.s3.amazonaws.com\/uploads\/2011\/05\/firma.jpg?resize=350%2C200&ssl=1","width":350,"height":200},"classes":[]},{"id":20919,"url":"https:\/\/www.churbayportillo.com\/blog\/2013\/03\/08\/celebramos-la-semana-de-la-mujer-emprendedora\/","url_meta":{"origin":18880,"position":2},"title":"Celebramos la Semana de la Mujer Emprendedora","author":"Jorge Churba","date":"8 marzo 2013","format":false,"excerpt":"Este a\u00f1o en Churba & Portillo no nos conformamos con conmemorar el D\u00eda de la Mujer y decidimos aportar nuestro granito de arena para que m\u00e1s mujeres como t\u00fa creen m\u00e1s empresas y m\u00e1s puestos de trabajo, celebrando la Semana de la Mujer Emprendedora con grandes descuentos. Porque sabemos que\u2026","rel":"","context":"En \u00abEmprendedores\u00bb","block_context":{"text":"Emprendedores","link":"https:\/\/www.churbayportillo.com\/blog\/category\/emprendedores\/"},"img":{"alt_text":"Emprendedora","src":"https:\/\/i0.wp.com\/www.churbayportillo.com\/blog\/wp-content\/uploads\/2013\/03\/emprendedora.jpg?resize=350%2C200&ssl=1","width":350,"height":200},"classes":[]},{"id":6283,"url":"https:\/\/www.churbayportillo.com\/blog\/2009\/09\/09\/los-emprendedores-exitosos-tienen-40-anos\/","url_meta":{"origin":18880,"position":3},"title":"Los emprendedores exitosos tienen 40 a\u00f1os","author":"Jorge Churba","date":"9 septiembre 2009","format":false,"excerpt":"Todo parece indicar que no hay vida despu\u00e9s de los cuarenta, sin embargo un reciente estudio revela que los emprendedores exitosos fundaron su empresa precisamente a los 40 a\u00f1os. La investigaci\u00f3n se realiz\u00f3 entre 549 emprendedores de sectores de r\u00e1pido crecimiento en los Estados Unidos y mostr\u00f3 adem\u00e1s que la\u2026","rel":"","context":"En \u00abAyudas y subvenciones\u00bb","block_context":{"text":"Ayudas y subvenciones","link":"https:\/\/www.churbayportillo.com\/blog\/category\/ayudas-y-subvenciones\/"},"img":{"alt_text":"","src":"https:\/\/i0.wp.com\/www.churbayportillo.com\/blog\/wp-content\/uploads\/2009\/09\/exito-empresa.jpg?resize=350%2C200&ssl=1","width":350,"height":200},"classes":[]},{"id":17490,"url":"https:\/\/www.churbayportillo.com\/blog\/2012\/05\/11\/inspiracion-para-la-innovacion\/","url_meta":{"origin":18880,"position":4},"title":"Inspiraci\u00f3n para la innovaci\u00f3n","author":"Jorge Churba","date":"11 mayo 2012","format":false,"excerpt":"Conocer lo que est\u00e1 haciendo la gente m\u00e1s creativa e innnovadora puede ser una gran fuente de inspiraci\u00f3n para los emprendedores. Y hay un lugar en Internet donde mucha gente creativa se congrega y expone los beneficios de sus, a veces, brillantes, ideas. All\u00ed puedes encontrar un sistema port\u00e1til para\u2026","rel":"","context":"En \u00abEmprendedores\u00bb","block_context":{"text":"Emprendedores","link":"https:\/\/www.churbayportillo.com\/blog\/category\/emprendedores\/"},"img":{"alt_text":"","src":"","width":0,"height":0},"classes":[]},{"id":2806,"url":"https:\/\/www.churbayportillo.com\/blog\/2009\/02\/17\/emprendedores-innovadores-concurso-bbva-open-talent-ofrece-hasta-100000-euros\/","url_meta":{"origin":18880,"position":5},"title":"Emprendedores innovadores: Concurso BBVA Open Talent ofrece hasta 100.000 euros","author":"Jorge Churba","date":"17 febrero 2009","format":false,"excerpt":"BBVA Open Talent es un concurso diferente: est\u00e1 dirigido a emprendedores innovadores y el premio es tener como socio en su startup al banco, que se compromete a invertir hasta 100.000 euros. En una primera fase, todos podremos votar a los proyectos presentados. Entre los diez proyectos innovadores y de\u2026","rel":"","context":"En \u00abAyudas y subvenciones\u00bb","block_context":{"text":"Ayudas y subvenciones","link":"https:\/\/www.churbayportillo.com\/blog\/category\/ayudas-y-subvenciones\/"},"img":{"alt_text":"","src":"","width":0,"height":0},"classes":[]}],"jetpack_sharing_enabled":true,"_links":{"self":[{"href":"https:\/\/www.churbayportillo.com\/blog\/wp-json\/wp\/v2\/posts\/18880","targetHints":{"allow":["GET"]}}],"collection":[{"href":"https:\/\/www.churbayportillo.com\/blog\/wp-json\/wp\/v2\/posts"}],"about":[{"href":"https:\/\/www.churbayportillo.com\/blog\/wp-json\/wp\/v2\/types\/post"}],"author":[{"embeddable":true,"href":"https:\/\/www.churbayportillo.com\/blog\/wp-json\/wp\/v2\/users\/3"}],"replies":[{"embeddable":true,"href":"https:\/\/www.churbayportillo.com\/blog\/wp-json\/wp\/v2\/comments?post=18880"}],"version-history":[{"count":0,"href":"https:\/\/www.churbayportillo.com\/blog\/wp-json\/wp\/v2\/posts\/18880\/revisions"}],"wp:attachment":[{"href":"https:\/\/www.churbayportillo.com\/blog\/wp-json\/wp\/v2\/media?parent=18880"}],"wp:term":[{"taxonomy":"category","embeddable":true,"href":"https:\/\/www.churbayportillo.com\/blog\/wp-json\/wp\/v2\/categories?post=18880"},{"taxonomy":"post_tag","embeddable":true,"href":"https:\/\/www.churbayportillo.com\/blog\/wp-json\/wp\/v2\/tags?post=18880"}],"curies":[{"name":"wp","href":"https:\/\/api.w.org\/{rel}","templated":true}]}}