{"id":20919,"date":"2013-03-08T11:13:35","date_gmt":"2013-03-08T10:13:35","guid":{"rendered":"https:\/\/www.churbayportillo.com\/blog\/?p=20919"},"modified":"2022-06-02T10:12:24","modified_gmt":"2022-06-02T08:12:24","slug":"celebramos-la-semana-de-la-mujer-emprendedora","status":"publish","type":"post","link":"https:\/\/www.churbayportillo.com\/blog\/2013\/03\/08\/celebramos-la-semana-de-la-mujer-emprendedora\/","title":{"rendered":"Celebramos la Semana de la Mujer Emprendedora"},"content":{"rendered":"<p><img loading=\"lazy\" decoding=\"async\" class=\"aligncenter size-full wp-image-20936\" title=\"Emprendedora\" src=\"https:\/\/www.churbayportillo.com\/blog\/wp-content\/uploads\/2013\/03\/emprendedora.jpg\" alt=\"Emprendedora\" width=\"500\" height=\"382\" srcset=\"https:\/\/www.churbayportillo.com\/blog\/wp-content\/uploads\/2013\/03\/emprendedora.jpg 500w, https:\/\/www.churbayportillo.com\/blog\/wp-content\/uploads\/2013\/03\/emprendedora-300x229.jpg 300w\" sizes=\"auto, (max-width: 500px) 100vw, 500px\" \/><\/p>\n<p>Este a\u00f1o en <a title=\"Churba &amp; Portillo\" href=\"https:\/\/www.churbayportillo.com\">Churba &amp; Portillo<\/a> no nos conformamos con conmemorar el <em>D\u00eda de la Mujer<\/em> y decidimos aportar nuestro granito de arena para que m\u00e1s mujeres como t\u00fa creen m\u00e1s empresas y m\u00e1s puestos de trabajo, celebrando la <em>Semana de la Mujer Emprendedora<\/em> con grandes descuentos.<\/p>\n<ul>\n<li>Porque sabemos que la crisis afecta especialmente a las mujeres.<\/li>\n<li>Porque sabemos que nuestra sociedad necesita que m\u00e1s mujeres como t\u00fa emprendan e innoven.<\/li>\n<li>Porque sabemos que nuestra sociedad te pone m\u00e1s obst\u00e1culos que a los hombres.<\/li>\n<\/ul>\n<p><strong>Queremos hacer justamente lo contrario: favorecerte \u00a0a ti, mujer emprendedora.<!--more--><\/strong><\/p>\n<p>Por eso, desde el 8 de marzo, <em>D\u00eda de la Mujer<\/em>, hasta el 15 de marzo de 2013 <strong>celebramos la Semana de la Mujer Emprendedora\u00a0ofreci\u00e9ndote\u00a0un 10% de descuento<\/strong> en todos nuestros servicios, entre ellos:<\/p>\n<ul>\n<li>Creaci\u00f3n de marcas e identidad corporativa.<\/li>\n<li>Creaci\u00f3n de blogs.<\/li>\n<li>Creaci\u00f3n de webs.<\/li>\n<li>Creaci\u00f3n de tiendas online.<\/li>\n<li>Consultor\u00eda, asesoramiento y formaci\u00f3n en temas de comunicaci\u00f3n empresarial, Internet y redes sociales.<\/li>\n<\/ul>\n<p><strong>Ll\u00e1manos ya al 968 84 09 77 o\u00a0<a title=\"Contacto  Churba &amp; Portillo\" href=\"https:\/\/www.churbayportillo.com\/contacta\/\" target=\"_blank\" rel=\"noopener\">escr\u00edbenos<\/a>\u00a0y te ayudaremos a convertir tu sue\u00f1o en realidad.<\/strong><\/p>\n","protected":false},"excerpt":{"rendered":"<p>Este a\u00f1o en Churba &amp; Portillo no nos conformamos con conmemorar el D\u00eda de la Mujer y decidimos aportar nuestro granito de arena para que m\u00e1s mujeres como t\u00fa creen m\u00e1s empresas y m\u00e1s puestos &#8230; <a title=\"Celebramos la Semana de la Mujer Emprendedora\" class=\"read-more\" href=\"https:\/\/www.churbayportillo.com\/blog\/2013\/03\/08\/celebramos-la-semana-de-la-mujer-emprendedora\/\" aria-label=\"Leer m\u00e1s sobre Celebramos la Semana de la Mujer Emprendedora\">Leer m\u00e1s<\/a><\/p>\n","protected":false},"author":3,"featured_media":0,"comment_status":"open","ping_status":"open","sticky":false,"template":"","format":"standard","meta":{"_jetpack_memberships_contains_paid_content":false,"footnotes":"","jetpack_publicize_message":"","jetpack_publicize_feature_enabled":true,"jetpack_social_post_already_shared":false,"jetpack_social_options":{"image_generator_settings":{"template":"highway","default_image_id":0,"font":"","enabled":false},"version":2}},"categories":[10,8,7,11],"tags":[658,777,705,250,991,47,122,390,695],"class_list":["post-20919","post","type-post","status-publish","format-standard","hentry","category-emprendedores","category-identidad-corporativa","category-nuestros-trabajos","category-pymes","tag-asesoramiento","tag-churba-portillo","tag-emprendedoras","tag-formacion","tag-identidad-corporativa","tag-internet","tag-marca","tag-redes-sociales","tag-web"],"yoast_head":"<!-- This site is optimized with the Yoast SEO plugin v27.2 - https:\/\/yoast.com\/product\/yoast-seo-wordpress\/ -->\n<title>Celebramos la Semana de la Mujer Emprendedora - El Secreto de las Pymes que crecen<\/title>\n<meta name=\"robots\" content=\"index, follow, max-snippet:-1, max-image-preview:large, max-video-preview:-1\" \/>\n<link rel=\"canonical\" href=\"https:\/\/www.churbayportillo.com\/blog\/2013\/03\/08\/celebramos-la-semana-de-la-mujer-emprendedora\/\" \/>\n<meta property=\"og:locale\" content=\"es_ES\" \/>\n<meta property=\"og:type\" content=\"article\" \/>\n<meta property=\"og:title\" content=\"Celebramos la Semana de la Mujer Emprendedora - El Secreto de las Pymes que crecen\" \/>\n<meta property=\"og:description\" content=\"Este a\u00f1o en Churba &amp; Portillo no nos conformamos con conmemorar el D\u00eda de la Mujer y decidimos aportar nuestro granito de arena para que m\u00e1s mujeres como t\u00fa creen m\u00e1s empresas y m\u00e1s puestos ... Leer m\u00e1s\" \/>\n<meta property=\"og:url\" content=\"https:\/\/www.churbayportillo.com\/blog\/2013\/03\/08\/celebramos-la-semana-de-la-mujer-emprendedora\/\" \/>\n<meta property=\"og:site_name\" content=\"El Secreto de las Pymes que crecen\" \/>\n<meta property=\"article:publisher\" content=\"https:\/\/www.facebook.com\/churbayportillo\" \/>\n<meta property=\"article:published_time\" content=\"2013-03-08T10:13:35+00:00\" \/>\n<meta property=\"article:modified_time\" content=\"2022-06-02T08:12:24+00:00\" \/>\n<meta property=\"og:image\" content=\"https:\/\/www.churbayportillo.com\/blog\/wp-content\/uploads\/2013\/03\/emprendedora.jpg\" \/>\n<meta name=\"author\" content=\"Jorge Churba\" \/>\n<meta name=\"twitter:card\" content=\"summary_large_image\" \/>\n<meta name=\"twitter:creator\" content=\"@elsecreto\" \/>\n<meta name=\"twitter:site\" content=\"@elsecreto\" \/>\n<meta name=\"twitter:label1\" content=\"Escrito por\" \/>\n\t<meta name=\"twitter:data1\" content=\"Jorge Churba\" \/>\n\t<meta name=\"twitter:label2\" content=\"Tiempo de lectura\" \/>\n\t<meta name=\"twitter:data2\" content=\"1 minuto\" \/>\n<script type=\"application\/ld+json\" class=\"yoast-schema-graph\">{\"@context\":\"https:\/\/schema.org\",\"@graph\":[{\"@type\":\"Article\",\"@id\":\"https:\/\/www.churbayportillo.com\/blog\/2013\/03\/08\/celebramos-la-semana-de-la-mujer-emprendedora\/#article\",\"isPartOf\":{\"@id\":\"https:\/\/www.churbayportillo.com\/blog\/2013\/03\/08\/celebramos-la-semana-de-la-mujer-emprendedora\/\"},\"author\":{\"name\":\"Jorge Churba\",\"@id\":\"https:\/\/www.churbayportillo.com\/blog\/#\/schema\/person\/327f5e9fbcbeeb46bb1a6a1b69a3136b\"},\"headline\":\"Celebramos la Semana de la Mujer Emprendedora\",\"datePublished\":\"2013-03-08T10:13:35+00:00\",\"dateModified\":\"2022-06-02T08:12:24+00:00\",\"mainEntityOfPage\":{\"@id\":\"https:\/\/www.churbayportillo.com\/blog\/2013\/03\/08\/celebramos-la-semana-de-la-mujer-emprendedora\/\"},\"wordCount\":196,\"commentCount\":1,\"publisher\":{\"@id\":\"https:\/\/www.churbayportillo.com\/blog\/#organization\"},\"image\":{\"@id\":\"https:\/\/www.churbayportillo.com\/blog\/2013\/03\/08\/celebramos-la-semana-de-la-mujer-emprendedora\/#primaryimage\"},\"thumbnailUrl\":\"https:\/\/www.churbayportillo.com\/blog\/wp-content\/uploads\/2013\/03\/emprendedora.jpg\",\"keywords\":[\"asesoramiento\",\"Churba &amp; Portillo\",\"Emprendedoras\",\"formaci\u00f3n\",\"Identidad corporativa\",\"Internet\",\"marca\",\"redes sociales\",\"Web\"],\"articleSection\":[\"Emprendedores\",\"Identidad corporativa\",\"Nuestros trabajos\",\"Pymes\"],\"inLanguage\":\"es\",\"potentialAction\":[{\"@type\":\"CommentAction\",\"name\":\"Comment\",\"target\":[\"https:\/\/www.churbayportillo.com\/blog\/2013\/03\/08\/celebramos-la-semana-de-la-mujer-emprendedora\/#respond\"]}]},{\"@type\":\"WebPage\",\"@id\":\"https:\/\/www.churbayportillo.com\/blog\/2013\/03\/08\/celebramos-la-semana-de-la-mujer-emprendedora\/\",\"url\":\"https:\/\/www.churbayportillo.com\/blog\/2013\/03\/08\/celebramos-la-semana-de-la-mujer-emprendedora\/\",\"name\":\"Celebramos la Semana de la Mujer Emprendedora - El Secreto de las Pymes que crecen\",\"isPartOf\":{\"@id\":\"https:\/\/www.churbayportillo.com\/blog\/#website\"},\"primaryImageOfPage\":{\"@id\":\"https:\/\/www.churbayportillo.com\/blog\/2013\/03\/08\/celebramos-la-semana-de-la-mujer-emprendedora\/#primaryimage\"},\"image\":{\"@id\":\"https:\/\/www.churbayportillo.com\/blog\/2013\/03\/08\/celebramos-la-semana-de-la-mujer-emprendedora\/#primaryimage\"},\"thumbnailUrl\":\"https:\/\/www.churbayportillo.com\/blog\/wp-content\/uploads\/2013\/03\/emprendedora.jpg\",\"datePublished\":\"2013-03-08T10:13:35+00:00\",\"dateModified\":\"2022-06-02T08:12:24+00:00\",\"breadcrumb\":{\"@id\":\"https:\/\/www.churbayportillo.com\/blog\/2013\/03\/08\/celebramos-la-semana-de-la-mujer-emprendedora\/#breadcrumb\"},\"inLanguage\":\"es\",\"potentialAction\":[{\"@type\":\"ReadAction\",\"target\":[\"https:\/\/www.churbayportillo.com\/blog\/2013\/03\/08\/celebramos-la-semana-de-la-mujer-emprendedora\/\"]}]},{\"@type\":\"ImageObject\",\"inLanguage\":\"es\",\"@id\":\"https:\/\/www.churbayportillo.com\/blog\/2013\/03\/08\/celebramos-la-semana-de-la-mujer-emprendedora\/#primaryimage\",\"url\":\"https:\/\/www.churbayportillo.com\/blog\/wp-content\/uploads\/2013\/03\/emprendedora.jpg\",\"contentUrl\":\"https:\/\/www.churbayportillo.com\/blog\/wp-content\/uploads\/2013\/03\/emprendedora.jpg\",\"width\":\"500\",\"height\":\"382\",\"caption\":\"Emprendedora\"},{\"@type\":\"BreadcrumbList\",\"@id\":\"https:\/\/www.churbayportillo.com\/blog\/2013\/03\/08\/celebramos-la-semana-de-la-mujer-emprendedora\/#breadcrumb\",\"itemListElement\":[{\"@type\":\"ListItem\",\"position\":1,\"name\":\"Portada\",\"item\":\"https:\/\/www.churbayportillo.com\/blog\/\"},{\"@type\":\"ListItem\",\"position\":2,\"name\":\"Celebramos la Semana de la Mujer Emprendedora\"}]},{\"@type\":\"WebSite\",\"@id\":\"https:\/\/www.churbayportillo.com\/blog\/#website\",\"url\":\"https:\/\/www.churbayportillo.com\/blog\/\",\"name\":\"El Secreto de las Pymes que crecen\",\"description\":\"Informaci\u00f3n y consejos para vender m\u00e1s\",\"publisher\":{\"@id\":\"https:\/\/www.churbayportillo.com\/blog\/#organization\"},\"potentialAction\":[{\"@type\":\"SearchAction\",\"target\":{\"@type\":\"EntryPoint\",\"urlTemplate\":\"https:\/\/www.churbayportillo.com\/blog\/?s={search_term_string}\"},\"query-input\":{\"@type\":\"PropertyValueSpecification\",\"valueRequired\":true,\"valueName\":\"search_term_string\"}}],\"inLanguage\":\"es\"},{\"@type\":\"Organization\",\"@id\":\"https:\/\/www.churbayportillo.com\/blog\/#organization\",\"name\":\"El Secreto de las Pymes que crecen\",\"url\":\"https:\/\/www.churbayportillo.com\/blog\/\",\"logo\":{\"@type\":\"ImageObject\",\"inLanguage\":\"es\",\"@id\":\"https:\/\/www.churbayportillo.com\/blog\/#\/schema\/logo\/image\/\",\"url\":\"https:\/\/www.churbayportillo.com\/blog\/wp-content\/uploads\/2021\/12\/logo.png\",\"contentUrl\":\"https:\/\/www.churbayportillo.com\/blog\/wp-content\/uploads\/2021\/12\/logo.png\",\"width\":599,\"height\":109,\"caption\":\"El Secreto de las Pymes que crecen\"},\"image\":{\"@id\":\"https:\/\/www.churbayportillo.com\/blog\/#\/schema\/logo\/image\/\"},\"sameAs\":[\"https:\/\/www.facebook.com\/churbayportillo\",\"https:\/\/x.com\/elsecreto\"]},{\"@type\":\"Person\",\"@id\":\"https:\/\/www.churbayportillo.com\/blog\/#\/schema\/person\/327f5e9fbcbeeb46bb1a6a1b69a3136b\",\"name\":\"Jorge Churba\",\"image\":{\"@type\":\"ImageObject\",\"inLanguage\":\"es\",\"@id\":\"https:\/\/secure.gravatar.com\/avatar\/c5f9205dc97a66e1143b707b76fe364da0a694698284e0bc4f5629e814e5ee66?s=96&d=mm&r=g\",\"url\":\"https:\/\/secure.gravatar.com\/avatar\/c5f9205dc97a66e1143b707b76fe364da0a694698284e0bc4f5629e814e5ee66?s=96&d=mm&r=g\",\"contentUrl\":\"https:\/\/secure.gravatar.com\/avatar\/c5f9205dc97a66e1143b707b76fe364da0a694698284e0bc4f5629e814e5ee66?s=96&d=mm&r=g\",\"caption\":\"Jorge Churba\"},\"description\":\"Me comunico, luego existo. Autor del Diccionario Pr\u00e1ctico de Internet para Emprendedores. Fundador de Churba &amp; Portillo y trabajador en Internet. S\u00edgueme en Twitter\",\"sameAs\":[\"https:\/\/www.churbayportillo.com\/blog\"],\"url\":\"https:\/\/www.churbayportillo.com\/blog\/author\/jorge\/\"}]}<\/script>\n<!-- \/ Yoast SEO plugin. -->","yoast_head_json":{"title":"Celebramos la Semana de la Mujer Emprendedora - El Secreto de las Pymes que crecen","robots":{"index":"index","follow":"follow","max-snippet":"max-snippet:-1","max-image-preview":"max-image-preview:large","max-video-preview":"max-video-preview:-1"},"canonical":"https:\/\/www.churbayportillo.com\/blog\/2013\/03\/08\/celebramos-la-semana-de-la-mujer-emprendedora\/","og_locale":"es_ES","og_type":"article","og_title":"Celebramos la Semana de la Mujer Emprendedora - El Secreto de las Pymes que crecen","og_description":"Este a\u00f1o en Churba &amp; Portillo no nos conformamos con conmemorar el D\u00eda de la Mujer y decidimos aportar nuestro granito de arena para que m\u00e1s mujeres como t\u00fa creen m\u00e1s empresas y m\u00e1s puestos ... Leer m\u00e1s","og_url":"https:\/\/www.churbayportillo.com\/blog\/2013\/03\/08\/celebramos-la-semana-de-la-mujer-emprendedora\/","og_site_name":"El Secreto de las Pymes que crecen","article_publisher":"https:\/\/www.facebook.com\/churbayportillo","article_published_time":"2013-03-08T10:13:35+00:00","article_modified_time":"2022-06-02T08:12:24+00:00","og_image":[{"url":"https:\/\/www.churbayportillo.com\/blog\/wp-content\/uploads\/2013\/03\/emprendedora.jpg","type":"","width":"","height":""}],"author":"Jorge Churba","twitter_card":"summary_large_image","twitter_creator":"@elsecreto","twitter_site":"@elsecreto","twitter_misc":{"Escrito por":"Jorge Churba","Tiempo de lectura":"1 minuto"},"schema":{"@context":"https:\/\/schema.org","@graph":[{"@type":"Article","@id":"https:\/\/www.churbayportillo.com\/blog\/2013\/03\/08\/celebramos-la-semana-de-la-mujer-emprendedora\/#article","isPartOf":{"@id":"https:\/\/www.churbayportillo.com\/blog\/2013\/03\/08\/celebramos-la-semana-de-la-mujer-emprendedora\/"},"author":{"name":"Jorge Churba","@id":"https:\/\/www.churbayportillo.com\/blog\/#\/schema\/person\/327f5e9fbcbeeb46bb1a6a1b69a3136b"},"headline":"Celebramos la Semana de la Mujer Emprendedora","datePublished":"2013-03-08T10:13:35+00:00","dateModified":"2022-06-02T08:12:24+00:00","mainEntityOfPage":{"@id":"https:\/\/www.churbayportillo.com\/blog\/2013\/03\/08\/celebramos-la-semana-de-la-mujer-emprendedora\/"},"wordCount":196,"commentCount":1,"publisher":{"@id":"https:\/\/www.churbayportillo.com\/blog\/#organization"},"image":{"@id":"https:\/\/www.churbayportillo.com\/blog\/2013\/03\/08\/celebramos-la-semana-de-la-mujer-emprendedora\/#primaryimage"},"thumbnailUrl":"https:\/\/www.churbayportillo.com\/blog\/wp-content\/uploads\/2013\/03\/emprendedora.jpg","keywords":["asesoramiento","Churba &amp; Portillo","Emprendedoras","formaci\u00f3n","Identidad corporativa","Internet","marca","redes sociales","Web"],"articleSection":["Emprendedores","Identidad corporativa","Nuestros trabajos","Pymes"],"inLanguage":"es","potentialAction":[{"@type":"CommentAction","name":"Comment","target":["https:\/\/www.churbayportillo.com\/blog\/2013\/03\/08\/celebramos-la-semana-de-la-mujer-emprendedora\/#respond"]}]},{"@type":"WebPage","@id":"https:\/\/www.churbayportillo.com\/blog\/2013\/03\/08\/celebramos-la-semana-de-la-mujer-emprendedora\/","url":"https:\/\/www.churbayportillo.com\/blog\/2013\/03\/08\/celebramos-la-semana-de-la-mujer-emprendedora\/","name":"Celebramos la Semana de la Mujer Emprendedora - El Secreto de las Pymes que crecen","isPartOf":{"@id":"https:\/\/www.churbayportillo.com\/blog\/#website"},"primaryImageOfPage":{"@id":"https:\/\/www.churbayportillo.com\/blog\/2013\/03\/08\/celebramos-la-semana-de-la-mujer-emprendedora\/#primaryimage"},"image":{"@id":"https:\/\/www.churbayportillo.com\/blog\/2013\/03\/08\/celebramos-la-semana-de-la-mujer-emprendedora\/#primaryimage"},"thumbnailUrl":"https:\/\/www.churbayportillo.com\/blog\/wp-content\/uploads\/2013\/03\/emprendedora.jpg","datePublished":"2013-03-08T10:13:35+00:00","dateModified":"2022-06-02T08:12:24+00:00","breadcrumb":{"@id":"https:\/\/www.churbayportillo.com\/blog\/2013\/03\/08\/celebramos-la-semana-de-la-mujer-emprendedora\/#breadcrumb"},"inLanguage":"es","potentialAction":[{"@type":"ReadAction","target":["https:\/\/www.churbayportillo.com\/blog\/2013\/03\/08\/celebramos-la-semana-de-la-mujer-emprendedora\/"]}]},{"@type":"ImageObject","inLanguage":"es","@id":"https:\/\/www.churbayportillo.com\/blog\/2013\/03\/08\/celebramos-la-semana-de-la-mujer-emprendedora\/#primaryimage","url":"https:\/\/www.churbayportillo.com\/blog\/wp-content\/uploads\/2013\/03\/emprendedora.jpg","contentUrl":"https:\/\/www.churbayportillo.com\/blog\/wp-content\/uploads\/2013\/03\/emprendedora.jpg","width":"500","height":"382","caption":"Emprendedora"},{"@type":"BreadcrumbList","@id":"https:\/\/www.churbayportillo.com\/blog\/2013\/03\/08\/celebramos-la-semana-de-la-mujer-emprendedora\/#breadcrumb","itemListElement":[{"@type":"ListItem","position":1,"name":"Portada","item":"https:\/\/www.churbayportillo.com\/blog\/"},{"@type":"ListItem","position":2,"name":"Celebramos la Semana de la Mujer Emprendedora"}]},{"@type":"WebSite","@id":"https:\/\/www.churbayportillo.com\/blog\/#website","url":"https:\/\/www.churbayportillo.com\/blog\/","name":"El Secreto de las Pymes que crecen","description":"Informaci\u00f3n y consejos para vender m\u00e1s","publisher":{"@id":"https:\/\/www.churbayportillo.com\/blog\/#organization"},"potentialAction":[{"@type":"SearchAction","target":{"@type":"EntryPoint","urlTemplate":"https:\/\/www.churbayportillo.com\/blog\/?s={search_term_string}"},"query-input":{"@type":"PropertyValueSpecification","valueRequired":true,"valueName":"search_term_string"}}],"inLanguage":"es"},{"@type":"Organization","@id":"https:\/\/www.churbayportillo.com\/blog\/#organization","name":"El Secreto de las Pymes que crecen","url":"https:\/\/www.churbayportillo.com\/blog\/","logo":{"@type":"ImageObject","inLanguage":"es","@id":"https:\/\/www.churbayportillo.com\/blog\/#\/schema\/logo\/image\/","url":"https:\/\/www.churbayportillo.com\/blog\/wp-content\/uploads\/2021\/12\/logo.png","contentUrl":"https:\/\/www.churbayportillo.com\/blog\/wp-content\/uploads\/2021\/12\/logo.png","width":599,"height":109,"caption":"El Secreto de las Pymes que crecen"},"image":{"@id":"https:\/\/www.churbayportillo.com\/blog\/#\/schema\/logo\/image\/"},"sameAs":["https:\/\/www.facebook.com\/churbayportillo","https:\/\/x.com\/elsecreto"]},{"@type":"Person","@id":"https:\/\/www.churbayportillo.com\/blog\/#\/schema\/person\/327f5e9fbcbeeb46bb1a6a1b69a3136b","name":"Jorge Churba","image":{"@type":"ImageObject","inLanguage":"es","@id":"https:\/\/secure.gravatar.com\/avatar\/c5f9205dc97a66e1143b707b76fe364da0a694698284e0bc4f5629e814e5ee66?s=96&d=mm&r=g","url":"https:\/\/secure.gravatar.com\/avatar\/c5f9205dc97a66e1143b707b76fe364da0a694698284e0bc4f5629e814e5ee66?s=96&d=mm&r=g","contentUrl":"https:\/\/secure.gravatar.com\/avatar\/c5f9205dc97a66e1143b707b76fe364da0a694698284e0bc4f5629e814e5ee66?s=96&d=mm&r=g","caption":"Jorge Churba"},"description":"Me comunico, luego existo. Autor del Diccionario Pr\u00e1ctico de Internet para Emprendedores. Fundador de Churba &amp; Portillo y trabajador en Internet. S\u00edgueme en Twitter","sameAs":["https:\/\/www.churbayportillo.com\/blog"],"url":"https:\/\/www.churbayportillo.com\/blog\/author\/jorge\/"}]}},"jetpack_publicize_connections":[],"jetpack_featured_media_url":"","jetpack-related-posts":[{"id":3211,"url":"https:\/\/www.churbayportillo.com\/blog\/2009\/03\/08\/dia-de-la-mujer-trabajadora-2009\/","url_meta":{"origin":20919,"position":0},"title":"D\u00eda de la Mujer Trabajadora 2009","author":"Jorge Churba","date":"8 marzo 2009","format":false,"excerpt":"Hoy, 8 de marzo se celebra el d\u00eda de la Mujer Trabajadora. La celebraci\u00f3n tiene su origen en 1857 cuando en Nueva York hubo una marcha de mujeres trabajadoras de una f\u00e1brica textil en protesta por las condiciones de su trabajo. Las mujeres constituyen una parte fundamental del tejido econ\u00f3mico\u2026","rel":"","context":"En \u00abEmprendedores\u00bb","block_context":{"text":"Emprendedores","link":"https:\/\/www.churbayportillo.com\/blog\/category\/emprendedores\/"},"img":{"alt_text":"","src":"","width":0,"height":0},"classes":[]},{"id":19299,"url":"https:\/\/www.churbayportillo.com\/blog\/2012\/10\/09\/curso-de-identidad-corporativa-en-colombia\/","url_meta":{"origin":20919,"position":1},"title":"Curso de identidad corporativa en Colombia","author":"Jorge Churba","date":"9 octubre 2012","format":false,"excerpt":"Nuestra compa\u00f1era Angeles Portillo, conocida tambi\u00e9n como zanguanga en Twitter, est\u00e1 a punto de partir hacia la ciudad colombiana de Cali para ofrecer un curso de formaci\u00f3n de formadores en identidad corporativa, cuyo objetivo primordial es elevar la capacidad competitiva de las empresas del Valle del Cauca a trav\u00e9s de\u2026","rel":"","context":"En \u00abEmprendedores\u00bb","block_context":{"text":"Emprendedores","link":"https:\/\/www.churbayportillo.com\/blog\/category\/emprendedores\/"},"img":{"alt_text":"tresemes","src":"https:\/\/i0.wp.com\/screto.s3.amazonaws.com\/uploads\/2012\/10\/tresemes.png?resize=350%2C200&ssl=1","width":350,"height":200},"classes":[]},{"id":8466,"url":"https:\/\/www.churbayportillo.com\/blog\/2010\/03\/08\/8-de-marzo-dia-de-la-mujer\/","url_meta":{"origin":20919,"position":2},"title":"8 de marzo D\u00eda de la Mujer","author":"Jorge Churba","date":"8 marzo 2010","format":false,"excerpt":"En casa o fuera de ella, las mujeres siempre han trabajado. Otra cosa es que social y econ\u00f3micamente reconozcamos este trabajo. Por eso, como llevamos a\u00f1os haciendo, hoy celebramos el D\u00eda de la Mujer. Una ocasi\u00f3n estupenda para reflexionar sobre el lugar de la mujer en nuestras empresas: \u00bfNos estamos\u2026","rel":"","context":"En \u00abGeneral\u00bb","block_context":{"text":"General","link":"https:\/\/www.churbayportillo.com\/blog\/category\/general\/"},"img":{"alt_text":"","src":"","width":0,"height":0},"classes":[]},{"id":259,"url":"https:\/\/www.churbayportillo.com\/blog\/2007\/04\/17\/emprendedoras-espanolas\/","url_meta":{"origin":20919,"position":3},"title":"Emprendedoras espa\u00f1olas","author":"Jorge Churba","date":"17 abril 2007","format":false,"excerpt":"Casi 200 empresas cada d\u00eda crearon las mujeres espa\u00f1olas en la segunda mitad de 2006. En total fueron m\u00e1s de 35.000. As\u00ed lo informa geomundos y lo supimos a trav\u00e9s de neg\u00f3ciame. Estos datos resultan fundamentales para dise\u00f1ar nuestras campa\u00f1as. Cada vez tenemos que pensar m\u00e1s en las mujeres. Y\u2026","rel":"","context":"En \u00abEmprendedores\u00bb","block_context":{"text":"Emprendedores","link":"https:\/\/www.churbayportillo.com\/blog\/category\/emprendedores\/"},"img":{"alt_text":"","src":"","width":0,"height":0},"classes":[]},{"id":264,"url":"https:\/\/www.churbayportillo.com\/blog\/2007\/05\/03\/amusal-cumple-20-anos\/","url_meta":{"origin":20919,"position":4},"title":"Amusal cumple 20 a\u00f1os","author":"Jorge Churba","date":"3 mayo 2007","format":false,"excerpt":"La organizaci\u00f3n de empresas de econom\u00eda social de Murcia celebra su vig\u00e9simo aniversario por todo lo alto. El viernes 4 de mayo inaugura oficialmente su nueva sede, un singular edificio que ya recibi\u00f3 el premio Ecodise\u00f1o. Amusal ha confiado a Churba & Portillo la creaci\u00f3n de un logo conmemorativo y\u2026","rel":"","context":"En \u00abEmprendedores\u00bb","block_context":{"text":"Emprendedores","link":"https:\/\/www.churbayportillo.com\/blog\/category\/emprendedores\/"},"img":{"alt_text":"","src":"","width":0,"height":0},"classes":[]},{"id":16715,"url":"https:\/\/www.churbayportillo.com\/blog\/2012\/03\/08\/mujeres-condenadas-por-ser-demasiado-trabajadoras\/","url_meta":{"origin":20919,"position":5},"title":"Mujeres condenadas por ser demasiado trabajadoras","author":"Jorge Churba","date":"8 marzo 2012","format":false,"excerpt":"Todos los a\u00f1os en el D\u00eda de la Mujer Trabajadora solemos recordar que todas las mujeres son trabajadoras, pero hoy queremos llamar la atenci\u00f3n sobre miles, quiz\u00e1 millones de mujeres, que nuestra sociedad condena por ser demasiado trabajadoras. Son esas mujeres que para sacar adelante a sus familias en plena\u2026","rel":"","context":"En \u00abEmprendedores\u00bb","block_context":{"text":"Emprendedores","link":"https:\/\/www.churbayportillo.com\/blog\/category\/emprendedores\/"},"img":{"alt_text":"Silueta de mujer","src":"https:\/\/i0.wp.com\/screto.s3.amazonaws.com\/uploads\/2012\/03\/Silueta-mujer.jpg?resize=350%2C200&ssl=1","width":350,"height":200},"classes":[]}],"jetpack_sharing_enabled":true,"_links":{"self":[{"href":"https:\/\/www.churbayportillo.com\/blog\/wp-json\/wp\/v2\/posts\/20919","targetHints":{"allow":["GET"]}}],"collection":[{"href":"https:\/\/www.churbayportillo.com\/blog\/wp-json\/wp\/v2\/posts"}],"about":[{"href":"https:\/\/www.churbayportillo.com\/blog\/wp-json\/wp\/v2\/types\/post"}],"author":[{"embeddable":true,"href":"https:\/\/www.churbayportillo.com\/blog\/wp-json\/wp\/v2\/users\/3"}],"replies":[{"embeddable":true,"href":"https:\/\/www.churbayportillo.com\/blog\/wp-json\/wp\/v2\/comments?post=20919"}],"version-history":[{"count":0,"href":"https:\/\/www.churbayportillo.com\/blog\/wp-json\/wp\/v2\/posts\/20919\/revisions"}],"wp:attachment":[{"href":"https:\/\/www.churbayportillo.com\/blog\/wp-json\/wp\/v2\/media?parent=20919"}],"wp:term":[{"taxonomy":"category","embeddable":true,"href":"https:\/\/www.churbayportillo.com\/blog\/wp-json\/wp\/v2\/categories?post=20919"},{"taxonomy":"post_tag","embeddable":true,"href":"https:\/\/www.churbayportillo.com\/blog\/wp-json\/wp\/v2\/tags?post=20919"}],"curies":[{"name":"wp","href":"https:\/\/api.w.org\/{rel}","templated":true}]}}