{"id":25351,"date":"2016-02-23T10:53:35","date_gmt":"2016-02-23T09:53:35","guid":{"rendered":"https:\/\/www.churbayportillo.com\/blog\/?p=25351"},"modified":"2021-12-04T10:53:19","modified_gmt":"2021-12-04T09:53:19","slug":"ayuda-a-comprar-este-velero-para-proteger-el-mediterraneo","status":"publish","type":"post","link":"https:\/\/www.churbayportillo.com\/blog\/2016\/02\/23\/ayuda-a-comprar-este-velero-para-proteger-el-mediterraneo\/","title":{"rendered":"Ayuda a comprar este velero para proteger el Mediterr\u00e1neo"},"content":{"rendered":"\n<div class=\"wp-block-image\"><figure class=\"aligncenter\"><img loading=\"lazy\" decoding=\"async\" width=\"750\" height=\"400\" src=\"https:\/\/www.churbayportillo.com\/blog\/wp-content\/uploads\/2016\/02\/Else.jpg\" alt=\"Else crowfunding\" class=\"wp-image-25358\" srcset=\"https:\/\/www.churbayportillo.com\/blog\/wp-content\/uploads\/2016\/02\/Else.jpg 750w, https:\/\/www.churbayportillo.com\/blog\/wp-content\/uploads\/2016\/02\/Else-300x160.jpg 300w, https:\/\/www.churbayportillo.com\/blog\/wp-content\/uploads\/2016\/02\/Else-500x267.jpg 500w\" sizes=\"auto, (max-width: 750px) 100vw, 750px\" \/><\/figure><\/div>\n\n\n\n<p>Era septiembre de 1996 cuando un temporal que barr\u00eda las costas de Cartagena dej\u00f3 a una vieja goleta danesa a la deriva. Tuvo que ser rescatada y remolcada a puerto y all\u00ed la Guardia Civil descubri\u00f3 en su bodega 1.500 kilos de&nbsp;hach\u00eds.<\/p>\n\n\n\n<p>Desde entonces el&nbsp;Else, que as\u00ed se llama este viejo velero, pas\u00f3 por aventuras y desventuras.<\/p>\n\n\n\n<p>Primero fue abandonado y saqueado, luego fue entregado a una de las organizaciones ecologistas m\u00e1s antiguas de Espa\u00f1a, ANSE, y sus miembros dedicaron mucho trabajo y esfuerzo para restaurarlo, mantenerlo y usarlo para estudiar y proteger el Mediterr\u00e1neo. Solo en&nbsp;los \u00faltimos ocho a\u00f1os ANSE invirti\u00f3 m\u00e1s de 130.000\u20ac en este barco.<\/p>\n\n\n\n<p>Pero, \u00a1mereci\u00f3 la pena!<\/p>\n\n\n\n<h3 class=\"wp-block-heading\">Al servicio de la Naturaleza<\/h3>\n\n\n\n<p>Durante 17 a\u00f1os el Else ha sido una herramienta fundamental para estudiar delfines, aves y otros animales marinos.<\/p>\n\n\n\n<p>Ha permitido limpiar&nbsp;playas y denunciar agresiones contra la Naturaleza.<\/p>\n\n\n\n<p>Ha llegado a ambas orillas de Mediterr\u00e1neo y&nbsp;solo entre 2014 y 2015 ha navegado 6.000 millas n\u00e1uticas \u00a1m\u00e1s de 11.000 kil\u00f3metros! y atracado en&nbsp;multitud de puertos en Espa\u00f1a y Marruecos.<\/p>\n\n\n\n<p>Siempre con un solo objetivo: estudiar y proteger la Naturaleza.<\/p>\n\n\n\n<h2 class=\"wp-block-heading\">Ayuda y consigue un recuerdo para toda la vida<\/h2>\n\n\n\n<p>Ahora es el momento de que la organizaci\u00f3n que recibi\u00f3 en dep\u00f3sito al Else, que lo rescat\u00f3 y restaur\u00f3, que lo puso al servicio del bien com\u00fan, se convierta en su propietaria.<\/p>\n\n\n\n<p>Para&nbsp;convertir este sue\u00f1o en realidad ANSE necesita 13.000\u20ac y pide tu ayuda para conseguirlos.<\/p>\n\n\n\n<p>Puedes colaborar con lo que puedas en esta campa\u00f1a de <em>crowdfunding<\/em> y a cambio recibir\u00e1s un recuerdo del Else e informaci\u00f3n sobre sus tareas.<\/p>\n\n\n\n<p>Desde solo 50\u20ac tendr\u00e1s un recuerdo para toda la vida: embarcarte en el Else para seguir la fauna marina.<\/p>\n\n\n\n<p>Y podr\u00e1s decir con orgullo yo ayud\u00e9 a que Else siga estando al servicio de la Naturaleza. As\u00ed que no te lo pienses m\u00e1s,<\/p>\n\n\n\n<div class=\"wp-block-buttons is-content-justification-center is-layout-flex wp-block-buttons-is-layout-flex\">\n<div class=\"wp-block-button\"><a class=\"wp-block-button__link\" href=\"https:\/\/www.asociacionanse.org\/else\/\">\u00a1Ayuda a comprar el Else!<\/a><\/div>\n<\/div>\n\n\n\n<p>En&nbsp;<strong>Churba &amp; Portillo<\/strong> ya lo hicimos colaborando en la creaci\u00f3n de esta campa\u00f1a de crowdfunding.<\/p>\n","protected":false},"excerpt":{"rendered":"<p>Era septiembre de 1996 cuando un temporal que barr\u00eda las costas de Cartagena dej\u00f3 a una vieja goleta danesa a la deriva. Tuvo que ser rescatada y remolcada a puerto y all\u00ed la Guardia Civil &#8230; <a title=\"Ayuda a comprar este velero para proteger el Mediterr\u00e1neo\" class=\"read-more\" href=\"https:\/\/www.churbayportillo.com\/blog\/2016\/02\/23\/ayuda-a-comprar-este-velero-para-proteger-el-mediterraneo\/\" aria-label=\"Leer m\u00e1s sobre Ayuda a comprar este velero para proteger el Mediterr\u00e1neo\">Leer m\u00e1s<\/a><\/p>\n","protected":false},"author":3,"featured_media":25358,"comment_status":"open","ping_status":"open","sticky":false,"template":"","format":"standard","meta":{"_jetpack_memberships_contains_paid_content":false,"footnotes":"","jetpack_publicize_message":"","jetpack_publicize_feature_enabled":true,"jetpack_social_post_already_shared":false,"jetpack_social_options":{"image_generator_settings":{"template":"highway","default_image_id":0,"font":"","enabled":false},"version":2}},"categories":[12,7,13],"tags":[995],"class_list":["post-25351","post","type-post","status-publish","format-standard","has-post-thumbnail","hentry","category-murcia","category-nuestros-trabajos","category-responsabilidad-social","tag-responsabilidad-social"],"yoast_head":"<!-- This site is optimized with the Yoast SEO plugin v27.2 - https:\/\/yoast.com\/product\/yoast-seo-wordpress\/ -->\n<title>Ayuda a comprar este velero para proteger el Mediterr\u00e1neo - El Secreto de las Pymes que crecen<\/title>\n<meta name=\"robots\" content=\"index, follow, max-snippet:-1, max-image-preview:large, max-video-preview:-1\" \/>\n<link rel=\"canonical\" href=\"https:\/\/www.churbayportillo.com\/blog\/2016\/02\/23\/ayuda-a-comprar-este-velero-para-proteger-el-mediterraneo\/\" \/>\n<meta property=\"og:locale\" content=\"es_ES\" \/>\n<meta property=\"og:type\" content=\"article\" \/>\n<meta property=\"og:title\" content=\"Ayuda a comprar este velero para proteger el Mediterr\u00e1neo - El Secreto de las Pymes que crecen\" \/>\n<meta property=\"og:description\" content=\"Era septiembre de 1996 cuando un temporal que barr\u00eda las costas de Cartagena dej\u00f3 a una vieja goleta danesa a la deriva. Tuvo que ser rescatada y remolcada a puerto y all\u00ed la Guardia Civil ... Leer m\u00e1s\" \/>\n<meta property=\"og:url\" content=\"https:\/\/www.churbayportillo.com\/blog\/2016\/02\/23\/ayuda-a-comprar-este-velero-para-proteger-el-mediterraneo\/\" \/>\n<meta property=\"og:site_name\" content=\"El Secreto de las Pymes que crecen\" \/>\n<meta property=\"article:publisher\" content=\"https:\/\/www.facebook.com\/churbayportillo\" \/>\n<meta property=\"article:published_time\" content=\"2016-02-23T09:53:35+00:00\" \/>\n<meta property=\"article:modified_time\" content=\"2021-12-04T09:53:19+00:00\" \/>\n<meta property=\"og:image\" content=\"https:\/\/www.churbayportillo.com\/blog\/wp-content\/uploads\/2016\/02\/Else.jpg\" \/>\n\t<meta property=\"og:image:width\" content=\"750\" \/>\n\t<meta property=\"og:image:height\" content=\"400\" \/>\n\t<meta property=\"og:image:type\" content=\"image\/jpeg\" \/>\n<meta name=\"author\" content=\"Jorge Churba\" \/>\n<meta name=\"twitter:card\" content=\"summary_large_image\" \/>\n<meta name=\"twitter:creator\" content=\"@elsecreto\" \/>\n<meta name=\"twitter:site\" content=\"@elsecreto\" \/>\n<meta name=\"twitter:label1\" content=\"Escrito por\" \/>\n\t<meta name=\"twitter:data1\" content=\"Jorge Churba\" \/>\n\t<meta name=\"twitter:label2\" content=\"Tiempo de lectura\" \/>\n\t<meta name=\"twitter:data2\" content=\"2 minutos\" \/>\n<script type=\"application\/ld+json\" class=\"yoast-schema-graph\">{\"@context\":\"https:\/\/schema.org\",\"@graph\":[{\"@type\":\"Article\",\"@id\":\"https:\/\/www.churbayportillo.com\/blog\/2016\/02\/23\/ayuda-a-comprar-este-velero-para-proteger-el-mediterraneo\/#article\",\"isPartOf\":{\"@id\":\"https:\/\/www.churbayportillo.com\/blog\/2016\/02\/23\/ayuda-a-comprar-este-velero-para-proteger-el-mediterraneo\/\"},\"author\":{\"name\":\"Jorge Churba\",\"@id\":\"https:\/\/www.churbayportillo.com\/blog\/#\/schema\/person\/327f5e9fbcbeeb46bb1a6a1b69a3136b\"},\"headline\":\"Ayuda a comprar este velero para proteger el Mediterr\u00e1neo\",\"datePublished\":\"2016-02-23T09:53:35+00:00\",\"dateModified\":\"2021-12-04T09:53:19+00:00\",\"mainEntityOfPage\":{\"@id\":\"https:\/\/www.churbayportillo.com\/blog\/2016\/02\/23\/ayuda-a-comprar-este-velero-para-proteger-el-mediterraneo\/\"},\"wordCount\":367,\"commentCount\":0,\"publisher\":{\"@id\":\"https:\/\/www.churbayportillo.com\/blog\/#organization\"},\"image\":{\"@id\":\"https:\/\/www.churbayportillo.com\/blog\/2016\/02\/23\/ayuda-a-comprar-este-velero-para-proteger-el-mediterraneo\/#primaryimage\"},\"thumbnailUrl\":\"https:\/\/www.churbayportillo.com\/blog\/wp-content\/uploads\/2016\/02\/Else.jpg\",\"keywords\":[\"Responsabilidad social\"],\"articleSection\":[\"Murcia\",\"Nuestros trabajos\",\"Responsabilidad social\"],\"inLanguage\":\"es\",\"potentialAction\":[{\"@type\":\"CommentAction\",\"name\":\"Comment\",\"target\":[\"https:\/\/www.churbayportillo.com\/blog\/2016\/02\/23\/ayuda-a-comprar-este-velero-para-proteger-el-mediterraneo\/#respond\"]}]},{\"@type\":\"WebPage\",\"@id\":\"https:\/\/www.churbayportillo.com\/blog\/2016\/02\/23\/ayuda-a-comprar-este-velero-para-proteger-el-mediterraneo\/\",\"url\":\"https:\/\/www.churbayportillo.com\/blog\/2016\/02\/23\/ayuda-a-comprar-este-velero-para-proteger-el-mediterraneo\/\",\"name\":\"Ayuda a comprar este velero para proteger el Mediterr\u00e1neo - El Secreto de las Pymes que crecen\",\"isPartOf\":{\"@id\":\"https:\/\/www.churbayportillo.com\/blog\/#website\"},\"primaryImageOfPage\":{\"@id\":\"https:\/\/www.churbayportillo.com\/blog\/2016\/02\/23\/ayuda-a-comprar-este-velero-para-proteger-el-mediterraneo\/#primaryimage\"},\"image\":{\"@id\":\"https:\/\/www.churbayportillo.com\/blog\/2016\/02\/23\/ayuda-a-comprar-este-velero-para-proteger-el-mediterraneo\/#primaryimage\"},\"thumbnailUrl\":\"https:\/\/www.churbayportillo.com\/blog\/wp-content\/uploads\/2016\/02\/Else.jpg\",\"datePublished\":\"2016-02-23T09:53:35+00:00\",\"dateModified\":\"2021-12-04T09:53:19+00:00\",\"breadcrumb\":{\"@id\":\"https:\/\/www.churbayportillo.com\/blog\/2016\/02\/23\/ayuda-a-comprar-este-velero-para-proteger-el-mediterraneo\/#breadcrumb\"},\"inLanguage\":\"es\",\"potentialAction\":[{\"@type\":\"ReadAction\",\"target\":[\"https:\/\/www.churbayportillo.com\/blog\/2016\/02\/23\/ayuda-a-comprar-este-velero-para-proteger-el-mediterraneo\/\"]}]},{\"@type\":\"ImageObject\",\"inLanguage\":\"es\",\"@id\":\"https:\/\/www.churbayportillo.com\/blog\/2016\/02\/23\/ayuda-a-comprar-este-velero-para-proteger-el-mediterraneo\/#primaryimage\",\"url\":\"https:\/\/www.churbayportillo.com\/blog\/wp-content\/uploads\/2016\/02\/Else.jpg\",\"contentUrl\":\"https:\/\/www.churbayportillo.com\/blog\/wp-content\/uploads\/2016\/02\/Else.jpg\",\"width\":750,\"height\":400,\"caption\":\"Else crowfunding\"},{\"@type\":\"BreadcrumbList\",\"@id\":\"https:\/\/www.churbayportillo.com\/blog\/2016\/02\/23\/ayuda-a-comprar-este-velero-para-proteger-el-mediterraneo\/#breadcrumb\",\"itemListElement\":[{\"@type\":\"ListItem\",\"position\":1,\"name\":\"Portada\",\"item\":\"https:\/\/www.churbayportillo.com\/blog\/\"},{\"@type\":\"ListItem\",\"position\":2,\"name\":\"Ayuda a comprar este velero para proteger el Mediterr\u00e1neo\"}]},{\"@type\":\"WebSite\",\"@id\":\"https:\/\/www.churbayportillo.com\/blog\/#website\",\"url\":\"https:\/\/www.churbayportillo.com\/blog\/\",\"name\":\"El Secreto de las Pymes que crecen\",\"description\":\"Informaci\u00f3n y consejos para vender m\u00e1s\",\"publisher\":{\"@id\":\"https:\/\/www.churbayportillo.com\/blog\/#organization\"},\"potentialAction\":[{\"@type\":\"SearchAction\",\"target\":{\"@type\":\"EntryPoint\",\"urlTemplate\":\"https:\/\/www.churbayportillo.com\/blog\/?s={search_term_string}\"},\"query-input\":{\"@type\":\"PropertyValueSpecification\",\"valueRequired\":true,\"valueName\":\"search_term_string\"}}],\"inLanguage\":\"es\"},{\"@type\":\"Organization\",\"@id\":\"https:\/\/www.churbayportillo.com\/blog\/#organization\",\"name\":\"El Secreto de las Pymes que crecen\",\"url\":\"https:\/\/www.churbayportillo.com\/blog\/\",\"logo\":{\"@type\":\"ImageObject\",\"inLanguage\":\"es\",\"@id\":\"https:\/\/www.churbayportillo.com\/blog\/#\/schema\/logo\/image\/\",\"url\":\"https:\/\/www.churbayportillo.com\/blog\/wp-content\/uploads\/2021\/12\/logo.png\",\"contentUrl\":\"https:\/\/www.churbayportillo.com\/blog\/wp-content\/uploads\/2021\/12\/logo.png\",\"width\":599,\"height\":109,\"caption\":\"El Secreto de las Pymes que crecen\"},\"image\":{\"@id\":\"https:\/\/www.churbayportillo.com\/blog\/#\/schema\/logo\/image\/\"},\"sameAs\":[\"https:\/\/www.facebook.com\/churbayportillo\",\"https:\/\/x.com\/elsecreto\"]},{\"@type\":\"Person\",\"@id\":\"https:\/\/www.churbayportillo.com\/blog\/#\/schema\/person\/327f5e9fbcbeeb46bb1a6a1b69a3136b\",\"name\":\"Jorge Churba\",\"image\":{\"@type\":\"ImageObject\",\"inLanguage\":\"es\",\"@id\":\"https:\/\/secure.gravatar.com\/avatar\/c5f9205dc97a66e1143b707b76fe364da0a694698284e0bc4f5629e814e5ee66?s=96&d=mm&r=g\",\"url\":\"https:\/\/secure.gravatar.com\/avatar\/c5f9205dc97a66e1143b707b76fe364da0a694698284e0bc4f5629e814e5ee66?s=96&d=mm&r=g\",\"contentUrl\":\"https:\/\/secure.gravatar.com\/avatar\/c5f9205dc97a66e1143b707b76fe364da0a694698284e0bc4f5629e814e5ee66?s=96&d=mm&r=g\",\"caption\":\"Jorge Churba\"},\"description\":\"Me comunico, luego existo. Autor del Diccionario Pr\u00e1ctico de Internet para Emprendedores. Fundador de Churba &amp; Portillo y trabajador en Internet. S\u00edgueme en Twitter\",\"sameAs\":[\"https:\/\/www.churbayportillo.com\/blog\"],\"url\":\"https:\/\/www.churbayportillo.com\/blog\/author\/jorge\/\"}]}<\/script>\n<!-- \/ Yoast SEO plugin. -->","yoast_head_json":{"title":"Ayuda a comprar este velero para proteger el Mediterr\u00e1neo - El Secreto de las Pymes que crecen","robots":{"index":"index","follow":"follow","max-snippet":"max-snippet:-1","max-image-preview":"max-image-preview:large","max-video-preview":"max-video-preview:-1"},"canonical":"https:\/\/www.churbayportillo.com\/blog\/2016\/02\/23\/ayuda-a-comprar-este-velero-para-proteger-el-mediterraneo\/","og_locale":"es_ES","og_type":"article","og_title":"Ayuda a comprar este velero para proteger el Mediterr\u00e1neo - El Secreto de las Pymes que crecen","og_description":"Era septiembre de 1996 cuando un temporal que barr\u00eda las costas de Cartagena dej\u00f3 a una vieja goleta danesa a la deriva. Tuvo que ser rescatada y remolcada a puerto y all\u00ed la Guardia Civil ... Leer m\u00e1s","og_url":"https:\/\/www.churbayportillo.com\/blog\/2016\/02\/23\/ayuda-a-comprar-este-velero-para-proteger-el-mediterraneo\/","og_site_name":"El Secreto de las Pymes que crecen","article_publisher":"https:\/\/www.facebook.com\/churbayportillo","article_published_time":"2016-02-23T09:53:35+00:00","article_modified_time":"2021-12-04T09:53:19+00:00","og_image":[{"width":750,"height":400,"url":"https:\/\/www.churbayportillo.com\/blog\/wp-content\/uploads\/2016\/02\/Else.jpg","type":"image\/jpeg"}],"author":"Jorge Churba","twitter_card":"summary_large_image","twitter_creator":"@elsecreto","twitter_site":"@elsecreto","twitter_misc":{"Escrito por":"Jorge Churba","Tiempo de lectura":"2 minutos"},"schema":{"@context":"https:\/\/schema.org","@graph":[{"@type":"Article","@id":"https:\/\/www.churbayportillo.com\/blog\/2016\/02\/23\/ayuda-a-comprar-este-velero-para-proteger-el-mediterraneo\/#article","isPartOf":{"@id":"https:\/\/www.churbayportillo.com\/blog\/2016\/02\/23\/ayuda-a-comprar-este-velero-para-proteger-el-mediterraneo\/"},"author":{"name":"Jorge Churba","@id":"https:\/\/www.churbayportillo.com\/blog\/#\/schema\/person\/327f5e9fbcbeeb46bb1a6a1b69a3136b"},"headline":"Ayuda a comprar este velero para proteger el Mediterr\u00e1neo","datePublished":"2016-02-23T09:53:35+00:00","dateModified":"2021-12-04T09:53:19+00:00","mainEntityOfPage":{"@id":"https:\/\/www.churbayportillo.com\/blog\/2016\/02\/23\/ayuda-a-comprar-este-velero-para-proteger-el-mediterraneo\/"},"wordCount":367,"commentCount":0,"publisher":{"@id":"https:\/\/www.churbayportillo.com\/blog\/#organization"},"image":{"@id":"https:\/\/www.churbayportillo.com\/blog\/2016\/02\/23\/ayuda-a-comprar-este-velero-para-proteger-el-mediterraneo\/#primaryimage"},"thumbnailUrl":"https:\/\/www.churbayportillo.com\/blog\/wp-content\/uploads\/2016\/02\/Else.jpg","keywords":["Responsabilidad social"],"articleSection":["Murcia","Nuestros trabajos","Responsabilidad social"],"inLanguage":"es","potentialAction":[{"@type":"CommentAction","name":"Comment","target":["https:\/\/www.churbayportillo.com\/blog\/2016\/02\/23\/ayuda-a-comprar-este-velero-para-proteger-el-mediterraneo\/#respond"]}]},{"@type":"WebPage","@id":"https:\/\/www.churbayportillo.com\/blog\/2016\/02\/23\/ayuda-a-comprar-este-velero-para-proteger-el-mediterraneo\/","url":"https:\/\/www.churbayportillo.com\/blog\/2016\/02\/23\/ayuda-a-comprar-este-velero-para-proteger-el-mediterraneo\/","name":"Ayuda a comprar este velero para proteger el Mediterr\u00e1neo - El Secreto de las Pymes que crecen","isPartOf":{"@id":"https:\/\/www.churbayportillo.com\/blog\/#website"},"primaryImageOfPage":{"@id":"https:\/\/www.churbayportillo.com\/blog\/2016\/02\/23\/ayuda-a-comprar-este-velero-para-proteger-el-mediterraneo\/#primaryimage"},"image":{"@id":"https:\/\/www.churbayportillo.com\/blog\/2016\/02\/23\/ayuda-a-comprar-este-velero-para-proteger-el-mediterraneo\/#primaryimage"},"thumbnailUrl":"https:\/\/www.churbayportillo.com\/blog\/wp-content\/uploads\/2016\/02\/Else.jpg","datePublished":"2016-02-23T09:53:35+00:00","dateModified":"2021-12-04T09:53:19+00:00","breadcrumb":{"@id":"https:\/\/www.churbayportillo.com\/blog\/2016\/02\/23\/ayuda-a-comprar-este-velero-para-proteger-el-mediterraneo\/#breadcrumb"},"inLanguage":"es","potentialAction":[{"@type":"ReadAction","target":["https:\/\/www.churbayportillo.com\/blog\/2016\/02\/23\/ayuda-a-comprar-este-velero-para-proteger-el-mediterraneo\/"]}]},{"@type":"ImageObject","inLanguage":"es","@id":"https:\/\/www.churbayportillo.com\/blog\/2016\/02\/23\/ayuda-a-comprar-este-velero-para-proteger-el-mediterraneo\/#primaryimage","url":"https:\/\/www.churbayportillo.com\/blog\/wp-content\/uploads\/2016\/02\/Else.jpg","contentUrl":"https:\/\/www.churbayportillo.com\/blog\/wp-content\/uploads\/2016\/02\/Else.jpg","width":750,"height":400,"caption":"Else crowfunding"},{"@type":"BreadcrumbList","@id":"https:\/\/www.churbayportillo.com\/blog\/2016\/02\/23\/ayuda-a-comprar-este-velero-para-proteger-el-mediterraneo\/#breadcrumb","itemListElement":[{"@type":"ListItem","position":1,"name":"Portada","item":"https:\/\/www.churbayportillo.com\/blog\/"},{"@type":"ListItem","position":2,"name":"Ayuda a comprar este velero para proteger el Mediterr\u00e1neo"}]},{"@type":"WebSite","@id":"https:\/\/www.churbayportillo.com\/blog\/#website","url":"https:\/\/www.churbayportillo.com\/blog\/","name":"El Secreto de las Pymes que crecen","description":"Informaci\u00f3n y consejos para vender m\u00e1s","publisher":{"@id":"https:\/\/www.churbayportillo.com\/blog\/#organization"},"potentialAction":[{"@type":"SearchAction","target":{"@type":"EntryPoint","urlTemplate":"https:\/\/www.churbayportillo.com\/blog\/?s={search_term_string}"},"query-input":{"@type":"PropertyValueSpecification","valueRequired":true,"valueName":"search_term_string"}}],"inLanguage":"es"},{"@type":"Organization","@id":"https:\/\/www.churbayportillo.com\/blog\/#organization","name":"El Secreto de las Pymes que crecen","url":"https:\/\/www.churbayportillo.com\/blog\/","logo":{"@type":"ImageObject","inLanguage":"es","@id":"https:\/\/www.churbayportillo.com\/blog\/#\/schema\/logo\/image\/","url":"https:\/\/www.churbayportillo.com\/blog\/wp-content\/uploads\/2021\/12\/logo.png","contentUrl":"https:\/\/www.churbayportillo.com\/blog\/wp-content\/uploads\/2021\/12\/logo.png","width":599,"height":109,"caption":"El Secreto de las Pymes que crecen"},"image":{"@id":"https:\/\/www.churbayportillo.com\/blog\/#\/schema\/logo\/image\/"},"sameAs":["https:\/\/www.facebook.com\/churbayportillo","https:\/\/x.com\/elsecreto"]},{"@type":"Person","@id":"https:\/\/www.churbayportillo.com\/blog\/#\/schema\/person\/327f5e9fbcbeeb46bb1a6a1b69a3136b","name":"Jorge Churba","image":{"@type":"ImageObject","inLanguage":"es","@id":"https:\/\/secure.gravatar.com\/avatar\/c5f9205dc97a66e1143b707b76fe364da0a694698284e0bc4f5629e814e5ee66?s=96&d=mm&r=g","url":"https:\/\/secure.gravatar.com\/avatar\/c5f9205dc97a66e1143b707b76fe364da0a694698284e0bc4f5629e814e5ee66?s=96&d=mm&r=g","contentUrl":"https:\/\/secure.gravatar.com\/avatar\/c5f9205dc97a66e1143b707b76fe364da0a694698284e0bc4f5629e814e5ee66?s=96&d=mm&r=g","caption":"Jorge Churba"},"description":"Me comunico, luego existo. Autor del Diccionario Pr\u00e1ctico de Internet para Emprendedores. Fundador de Churba &amp; Portillo y trabajador en Internet. S\u00edgueme en Twitter","sameAs":["https:\/\/www.churbayportillo.com\/blog"],"url":"https:\/\/www.churbayportillo.com\/blog\/author\/jorge\/"}]}},"jetpack_publicize_connections":[],"jetpack_featured_media_url":"https:\/\/www.churbayportillo.com\/blog\/wp-content\/uploads\/2016\/02\/Else.jpg","jetpack-related-posts":[{"id":24870,"url":"https:\/\/www.churbayportillo.com\/blog\/2015\/04\/22\/protege-la-tierra-y-consigue-descuentos\/","url_meta":{"origin":25351,"position":0},"title":"Protege la Tierra y consigue descuentos","author":"Jorge Churba","date":"22 abril 2015","format":false,"excerpt":"Hoy 22 de abril de 2015 celebramos el D\u00eda de la Tierra y queremos que tambi\u00e9n t\u00fa lo hagas con nosotros y, sobre todo, con una de las organizaciones\u00a0ecologistas m\u00e1s antiguas y prestigiosas de Espa\u00f1a: la Asociaci\u00f3n de Naturalistas del Sureste (ANSE). \u00bfQu\u00e9 es ANSE? ANSE, es una organizaci\u00f3n social\u2026","rel":"","context":"En \u00abResponsabilidad social\u00bb","block_context":{"text":"Responsabilidad social","link":"https:\/\/www.churbayportillo.com\/blog\/category\/responsabilidad-social\/"},"img":{"alt_text":"Canastera com\u00fan","src":"https:\/\/i0.wp.com\/www.churbayportillo.com\/blog\/wp-content\/uploads\/2015\/04\/Canastera-comun.jpg?resize=350%2C200&ssl=1","width":350,"height":200,"srcset":"https:\/\/i0.wp.com\/www.churbayportillo.com\/blog\/wp-content\/uploads\/2015\/04\/Canastera-comun.jpg?resize=350%2C200&ssl=1 1x, https:\/\/i0.wp.com\/www.churbayportillo.com\/blog\/wp-content\/uploads\/2015\/04\/Canastera-comun.jpg?resize=525%2C300&ssl=1 1.5x, https:\/\/i0.wp.com\/www.churbayportillo.com\/blog\/wp-content\/uploads\/2015\/04\/Canastera-comun.jpg?resize=700%2C400&ssl=1 2x"},"classes":[]},{"id":21683,"url":"https:\/\/www.churbayportillo.com\/blog\/2013\/05\/20\/anse-40-anos-defendiendo-la-naturaleza\/","url_meta":{"origin":25351,"position":1},"title":"ANSE, 40 a\u00f1os defendiendo la Naturaleza","author":"Jorge Churba","date":"20 mayo 2013","format":false,"excerpt":"Hace ya 40 a\u00f1os, en 1.973 cuando Espa\u00f1a a\u00fan no ten\u00eda una constituci\u00f3n democr\u00e1tica, aqu\u00ed en La Alberca, Murcia, donde hacemos El Secreto, un \u00e1guila real cay\u00f3 herida por una escopeta y un grupo de personas luch\u00f3 por recuperarla. As\u00ed surgi\u00f3 la\u00a0Asociaci\u00f3n de Naturalistas del Sureste,\u00a0ANSE, una de las organizaciones\u2026","rel":"","context":"En \u00abIdentidad corporativa\u00bb","block_context":{"text":"Identidad corporativa","link":"https:\/\/www.churbayportillo.com\/blog\/category\/identidad-corporativa\/"},"img":{"alt_text":"Anse 40 a\u00f1os","src":"https:\/\/i0.wp.com\/www.churbayportillo.com\/blog\/wp-content\/uploads\/2013\/05\/Anse-40-anyos-400.png?resize=350%2C200&ssl=1","width":350,"height":200},"classes":[]},{"id":21899,"url":"https:\/\/www.churbayportillo.com\/blog\/2013\/06\/05\/protege-el-medio-ambiente-y-disfruta-de-nuestros-descuentos\/","url_meta":{"origin":25351,"position":2},"title":"Protege el medio ambiente y disfruta de nuestros descuentos","author":"Jorge Churba","date":"5 junio 2013","format":false,"excerpt":"Hoy, 5 de junio de 2013, celebramos el D\u00eda Mundial del Medio Ambiente, una excelente oportunidad para demostrar tu compromiso y el nuestro con la defensa de la Naturaleza y para que consigas hasta un 15% de descuento al contratar la realizaci\u00f3n de tu blog, sitio web, tienda online o\u2026","rel":"","context":"En \u00abAyudas y subvenciones\u00bb","block_context":{"text":"Ayudas y subvenciones","link":"https:\/\/www.churbayportillo.com\/blog\/category\/ayudas-y-subvenciones\/"},"img":{"alt_text":"Anse 40 a\u00f1os","src":"https:\/\/i0.wp.com\/www.churbayportillo.com\/blog\/wp-content\/uploads\/2013\/05\/Anse-40-anyos-400.png?resize=350%2C200&ssl=1","width":350,"height":200},"classes":[]},{"id":8680,"url":"https:\/\/www.churbayportillo.com\/blog\/2010\/03\/25\/nueva-web-de-anse\/","url_meta":{"origin":25351,"position":3},"title":"Nueva web de ANSE","author":"Jorge Churba","date":"25 marzo 2010","format":false,"excerpt":"Es un orgullo presentaros la nueva web de la Asociaci\u00f3n de Naturalistas del Sureste, ANSE, una de las organizaciones ecologistas m\u00e1s antiguas de Espa\u00f1a. Esta nueva web es parte de un importante proyecto que ANSE confi\u00f3 al equipo de Churba & Portillo para su presencia en Internet y refleja buena\u2026","rel":"","context":"En \u00abMurcia\u00bb","block_context":{"text":"Murcia","link":"https:\/\/www.churbayportillo.com\/blog\/category\/murcia\/"},"img":{"alt_text":"","src":"https:\/\/i0.wp.com\/screto.s3.amazonaws.com\/uploads\/2010\/03\/Web-de-ANSE.jpg?resize=350%2C200&ssl=1","width":350,"height":200},"classes":[]},{"id":24798,"url":"https:\/\/www.churbayportillo.com\/blog\/2015\/03\/24\/anse-una-ong-que-usa-internet-en-defensa-de-la-naturaleza\/","url_meta":{"origin":25351,"position":4},"title":"ANSE: una ONG que usa Internet en defensa de la Naturaleza","author":"Jorge Churba","date":"24 marzo 2015","format":false,"excerpt":"La Asociaci\u00f3n de Naturalistas del Sureste (ANSE), creada en 1973, es una de las organizaciones ecologistas m\u00e1s antiguas de Espa\u00f1a pero se mantiene joven, activa y din\u00e1mica y lo demuestra usando Internet en defensa de la Naturaleza, favoreciendo especialmente la participaci\u00f3n ciudadana. Mucho antes de que se anunciara el nuevo\u2026","rel":"","context":"En \u00abGeneral\u00bb","block_context":{"text":"General","link":"https:\/\/www.churbayportillo.com\/blog\/category\/general\/"},"img":{"alt_text":"ANSE","src":"https:\/\/i0.wp.com\/www.churbayportillo.com\/blog\/wp-content\/uploads\/2015\/03\/ANSE.jpg?resize=350%2C200&ssl=1","width":350,"height":200,"srcset":"https:\/\/i0.wp.com\/www.churbayportillo.com\/blog\/wp-content\/uploads\/2015\/03\/ANSE.jpg?resize=350%2C200&ssl=1 1x, https:\/\/i0.wp.com\/www.churbayportillo.com\/blog\/wp-content\/uploads\/2015\/03\/ANSE.jpg?resize=525%2C300&ssl=1 1.5x, https:\/\/i0.wp.com\/www.churbayportillo.com\/blog\/wp-content\/uploads\/2015\/03\/ANSE.jpg?resize=700%2C400&ssl=1 2x"},"classes":[]},{"id":319,"url":"https:\/\/www.churbayportillo.com\/blog\/2007\/10\/08\/churba-portillo-empresa-ecorresponsable\/","url_meta":{"origin":25351,"position":5},"title":"Churba &#038; Portillo, empresa ecorresponsable","author":"Angeles Portillo","date":"8 octubre 2007","format":false,"excerpt":"Churba & Portillo, empresa editora del blog El Secreto de las Pymes que Crecen, firm\u00f3 el pasado jueves con Amusal el Acuerdo Voluntario por la Responsabilidad Ambiental de la Regi\u00f3n de Murcia, comprometi\u00e9ndonos de esta forma con el desarrollo sostenible mucho m\u00e1s all\u00e1 de los l\u00edmites exigidos por la ley.\u2026","rel":"","context":"En \u00abBranding\u00bb","block_context":{"text":"Branding","link":"https:\/\/www.churbayportillo.com\/blog\/category\/branding\/"},"img":{"alt_text":"","src":"","width":0,"height":0},"classes":[]}],"jetpack_sharing_enabled":true,"_links":{"self":[{"href":"https:\/\/www.churbayportillo.com\/blog\/wp-json\/wp\/v2\/posts\/25351","targetHints":{"allow":["GET"]}}],"collection":[{"href":"https:\/\/www.churbayportillo.com\/blog\/wp-json\/wp\/v2\/posts"}],"about":[{"href":"https:\/\/www.churbayportillo.com\/blog\/wp-json\/wp\/v2\/types\/post"}],"author":[{"embeddable":true,"href":"https:\/\/www.churbayportillo.com\/blog\/wp-json\/wp\/v2\/users\/3"}],"replies":[{"embeddable":true,"href":"https:\/\/www.churbayportillo.com\/blog\/wp-json\/wp\/v2\/comments?post=25351"}],"version-history":[{"count":0,"href":"https:\/\/www.churbayportillo.com\/blog\/wp-json\/wp\/v2\/posts\/25351\/revisions"}],"wp:featuredmedia":[{"embeddable":true,"href":"https:\/\/www.churbayportillo.com\/blog\/wp-json\/wp\/v2\/media\/25358"}],"wp:attachment":[{"href":"https:\/\/www.churbayportillo.com\/blog\/wp-json\/wp\/v2\/media?parent=25351"}],"wp:term":[{"taxonomy":"category","embeddable":true,"href":"https:\/\/www.churbayportillo.com\/blog\/wp-json\/wp\/v2\/categories?post=25351"},{"taxonomy":"post_tag","embeddable":true,"href":"https:\/\/www.churbayportillo.com\/blog\/wp-json\/wp\/v2\/tags?post=25351"}],"curies":[{"name":"wp","href":"https:\/\/api.w.org\/{rel}","templated":true}]}}