{"id":2905,"date":"2009-02-22T10:18:35","date_gmt":"2009-02-22T09:18:35","guid":{"rendered":"https:\/\/www.churbayportillo.com\/blog\/?p=2905"},"modified":"2022-06-02T12:54:24","modified_gmt":"2022-06-02T10:54:24","slug":"soros-no-ve-el-final-de-la-crisis","status":"publish","type":"post","link":"https:\/\/www.churbayportillo.com\/blog\/2009\/02\/22\/soros-no-ve-el-final-de-la-crisis\/","title":{"rendered":"Soros no ve el final de la crisis"},"content":{"rendered":"<p><img loading=\"lazy\" decoding=\"async\" class=\"size-thumbnail wp-image-590 alignright\" title=\"George Soros\" src=\"https:\/\/screto.s3.amazonaws.com\/uploads\/2008\/10\/soros1-150x150.jpg\" alt=\"George Soros\" width=\"150\" height=\"150\" \/><a title=\"Soros, un especulador en el centro de la crisis\" href=\"https:\/\/www.churbayportillo.com\/blog\/2008\/10\/12\/soros-un-especulador-en-el-centro-de-la-crisis\/\">George Soros<\/a> es un hombre inteligente y singular, un especulador que ha sabido sacar partido a todas las crisis. Sin embargo, parece que la crisis actual es capaz de superar incluso al mism\u00edsimo Soros.<\/p>\n<p>Hace unos d\u00edas, en una cena en la Universidad de Columbia en Estados Unidos, dijo:<\/p>\n<blockquote><p>Presenciamos el colapso del sistema financiero. Estaba con soporte vital y a\u00fan lo est\u00e1. No hay se\u00f1ales de que estemos cerca del fondo.<\/p><\/blockquote>\n<p>Lo dice <a title=\"Wikipedia. George Soros\" href=\"https:\/\/es.wikipedia.org\/wiki\/George_Soros\">George Soros<\/a>, el hombre que luch\u00f3 contra la libra esterlina y gan\u00f3.<\/p>\n<p>Fuentes: Ansa Latina, <a title=\"Reuters\" href=\"https:\/\/lta.reuters.com\/article\/businessNews\/idLTASIE51K05C20090221\">Reuters<\/a> y Observa Econ\u00f3mico. Foto: World Economic Forum \/Creative Commons.<\/p>\n","protected":false},"excerpt":{"rendered":"<p>George Soros es un hombre inteligente y singular, un especulador que ha sabido sacar partido a todas las crisis. Sin embargo, parece que la crisis actual es capaz de superar incluso al mism\u00edsimo Soros. Hace &#8230; <a title=\"Soros no ve el final de la crisis\" class=\"read-more\" href=\"https:\/\/www.churbayportillo.com\/blog\/2009\/02\/22\/soros-no-ve-el-final-de-la-crisis\/\" aria-label=\"Leer m\u00e1s sobre Soros no ve el final de la crisis\">Leer m\u00e1s<\/a><\/p>\n","protected":false},"author":3,"featured_media":0,"comment_status":"open","ping_status":"open","sticky":false,"template":"","format":"standard","meta":{"_jetpack_memberships_contains_paid_content":false,"footnotes":"","jetpack_publicize_message":"","jetpack_publicize_feature_enabled":true,"jetpack_social_post_already_shared":false,"jetpack_social_options":{"image_generator_settings":{"template":"highway","default_image_id":0,"font":"","enabled":false},"version":2}},"categories":[1],"tags":[694],"class_list":["post-2905","post","type-post","status-publish","format-standard","hentry","category-general","tag-crisis"],"yoast_head":"<!-- This site is optimized with the Yoast SEO plugin v27.2 - https:\/\/yoast.com\/product\/yoast-seo-wordpress\/ -->\n<title>Soros no ve el final de la crisis - El Secreto de las Pymes que crecen<\/title>\n<meta name=\"robots\" content=\"index, follow, max-snippet:-1, max-image-preview:large, max-video-preview:-1\" \/>\n<link rel=\"canonical\" href=\"https:\/\/www.churbayportillo.com\/blog\/2009\/02\/22\/soros-no-ve-el-final-de-la-crisis\/\" \/>\n<meta property=\"og:locale\" content=\"es_ES\" \/>\n<meta property=\"og:type\" content=\"article\" \/>\n<meta property=\"og:title\" content=\"Soros no ve el final de la crisis - El Secreto de las Pymes que crecen\" \/>\n<meta property=\"og:description\" content=\"George Soros es un hombre inteligente y singular, un especulador que ha sabido sacar partido a todas las crisis. Sin embargo, parece que la crisis actual es capaz de superar incluso al mism\u00edsimo Soros. Hace ... Leer m\u00e1s\" \/>\n<meta property=\"og:url\" content=\"https:\/\/www.churbayportillo.com\/blog\/2009\/02\/22\/soros-no-ve-el-final-de-la-crisis\/\" \/>\n<meta property=\"og:site_name\" content=\"El Secreto de las Pymes que crecen\" \/>\n<meta property=\"article:publisher\" content=\"https:\/\/www.facebook.com\/churbayportillo\" \/>\n<meta property=\"article:published_time\" content=\"2009-02-22T09:18:35+00:00\" \/>\n<meta property=\"article:modified_time\" content=\"2022-06-02T10:54:24+00:00\" \/>\n<meta property=\"og:image\" content=\"https:\/\/screto.s3.amazonaws.com\/uploads\/2008\/10\/soros1-150x150.jpg\" \/>\n<meta name=\"author\" content=\"Jorge Churba\" \/>\n<meta name=\"twitter:card\" content=\"summary_large_image\" \/>\n<meta name=\"twitter:creator\" content=\"@elsecreto\" \/>\n<meta name=\"twitter:site\" content=\"@elsecreto\" \/>\n<meta name=\"twitter:label1\" content=\"Escrito por\" \/>\n\t<meta name=\"twitter:data1\" content=\"Jorge Churba\" \/>\n\t<meta name=\"twitter:label2\" content=\"Tiempo de lectura\" \/>\n\t<meta name=\"twitter:data2\" content=\"1 minuto\" \/>\n<script type=\"application\/ld+json\" class=\"yoast-schema-graph\">{\"@context\":\"https:\/\/schema.org\",\"@graph\":[{\"@type\":\"Article\",\"@id\":\"https:\/\/www.churbayportillo.com\/blog\/2009\/02\/22\/soros-no-ve-el-final-de-la-crisis\/#article\",\"isPartOf\":{\"@id\":\"https:\/\/www.churbayportillo.com\/blog\/2009\/02\/22\/soros-no-ve-el-final-de-la-crisis\/\"},\"author\":{\"name\":\"Jorge Churba\",\"@id\":\"https:\/\/www.churbayportillo.com\/blog\/#\/schema\/person\/327f5e9fbcbeeb46bb1a6a1b69a3136b\"},\"headline\":\"Soros no ve el final de la crisis\",\"datePublished\":\"2009-02-22T09:18:35+00:00\",\"dateModified\":\"2022-06-02T10:54:24+00:00\",\"mainEntityOfPage\":{\"@id\":\"https:\/\/www.churbayportillo.com\/blog\/2009\/02\/22\/soros-no-ve-el-final-de-la-crisis\/\"},\"wordCount\":112,\"commentCount\":0,\"publisher\":{\"@id\":\"https:\/\/www.churbayportillo.com\/blog\/#organization\"},\"image\":{\"@id\":\"https:\/\/www.churbayportillo.com\/blog\/2009\/02\/22\/soros-no-ve-el-final-de-la-crisis\/#primaryimage\"},\"thumbnailUrl\":\"https:\/\/screto.s3.amazonaws.com\/uploads\/2008\/10\/soros1-150x150.jpg\",\"keywords\":[\"Crisis\"],\"articleSection\":[\"General\"],\"inLanguage\":\"es\",\"potentialAction\":[{\"@type\":\"CommentAction\",\"name\":\"Comment\",\"target\":[\"https:\/\/www.churbayportillo.com\/blog\/2009\/02\/22\/soros-no-ve-el-final-de-la-crisis\/#respond\"]}]},{\"@type\":\"WebPage\",\"@id\":\"https:\/\/www.churbayportillo.com\/blog\/2009\/02\/22\/soros-no-ve-el-final-de-la-crisis\/\",\"url\":\"https:\/\/www.churbayportillo.com\/blog\/2009\/02\/22\/soros-no-ve-el-final-de-la-crisis\/\",\"name\":\"Soros no ve el final de la crisis - El Secreto de las Pymes que crecen\",\"isPartOf\":{\"@id\":\"https:\/\/www.churbayportillo.com\/blog\/#website\"},\"primaryImageOfPage\":{\"@id\":\"https:\/\/www.churbayportillo.com\/blog\/2009\/02\/22\/soros-no-ve-el-final-de-la-crisis\/#primaryimage\"},\"image\":{\"@id\":\"https:\/\/www.churbayportillo.com\/blog\/2009\/02\/22\/soros-no-ve-el-final-de-la-crisis\/#primaryimage\"},\"thumbnailUrl\":\"https:\/\/screto.s3.amazonaws.com\/uploads\/2008\/10\/soros1-150x150.jpg\",\"datePublished\":\"2009-02-22T09:18:35+00:00\",\"dateModified\":\"2022-06-02T10:54:24+00:00\",\"breadcrumb\":{\"@id\":\"https:\/\/www.churbayportillo.com\/blog\/2009\/02\/22\/soros-no-ve-el-final-de-la-crisis\/#breadcrumb\"},\"inLanguage\":\"es\",\"potentialAction\":[{\"@type\":\"ReadAction\",\"target\":[\"https:\/\/www.churbayportillo.com\/blog\/2009\/02\/22\/soros-no-ve-el-final-de-la-crisis\/\"]}]},{\"@type\":\"ImageObject\",\"inLanguage\":\"es\",\"@id\":\"https:\/\/www.churbayportillo.com\/blog\/2009\/02\/22\/soros-no-ve-el-final-de-la-crisis\/#primaryimage\",\"url\":\"https:\/\/screto.s3.amazonaws.com\/uploads\/2008\/10\/soros1-150x150.jpg\",\"contentUrl\":\"https:\/\/screto.s3.amazonaws.com\/uploads\/2008\/10\/soros1-150x150.jpg\"},{\"@type\":\"BreadcrumbList\",\"@id\":\"https:\/\/www.churbayportillo.com\/blog\/2009\/02\/22\/soros-no-ve-el-final-de-la-crisis\/#breadcrumb\",\"itemListElement\":[{\"@type\":\"ListItem\",\"position\":1,\"name\":\"Portada\",\"item\":\"https:\/\/www.churbayportillo.com\/blog\/\"},{\"@type\":\"ListItem\",\"position\":2,\"name\":\"Soros no ve el final de la crisis\"}]},{\"@type\":\"WebSite\",\"@id\":\"https:\/\/www.churbayportillo.com\/blog\/#website\",\"url\":\"https:\/\/www.churbayportillo.com\/blog\/\",\"name\":\"El Secreto de las Pymes que crecen\",\"description\":\"Informaci\u00f3n y consejos para vender m\u00e1s\",\"publisher\":{\"@id\":\"https:\/\/www.churbayportillo.com\/blog\/#organization\"},\"potentialAction\":[{\"@type\":\"SearchAction\",\"target\":{\"@type\":\"EntryPoint\",\"urlTemplate\":\"https:\/\/www.churbayportillo.com\/blog\/?s={search_term_string}\"},\"query-input\":{\"@type\":\"PropertyValueSpecification\",\"valueRequired\":true,\"valueName\":\"search_term_string\"}}],\"inLanguage\":\"es\"},{\"@type\":\"Organization\",\"@id\":\"https:\/\/www.churbayportillo.com\/blog\/#organization\",\"name\":\"El Secreto de las Pymes que crecen\",\"url\":\"https:\/\/www.churbayportillo.com\/blog\/\",\"logo\":{\"@type\":\"ImageObject\",\"inLanguage\":\"es\",\"@id\":\"https:\/\/www.churbayportillo.com\/blog\/#\/schema\/logo\/image\/\",\"url\":\"https:\/\/www.churbayportillo.com\/blog\/wp-content\/uploads\/2021\/12\/logo.png\",\"contentUrl\":\"https:\/\/www.churbayportillo.com\/blog\/wp-content\/uploads\/2021\/12\/logo.png\",\"width\":599,\"height\":109,\"caption\":\"El Secreto de las Pymes que crecen\"},\"image\":{\"@id\":\"https:\/\/www.churbayportillo.com\/blog\/#\/schema\/logo\/image\/\"},\"sameAs\":[\"https:\/\/www.facebook.com\/churbayportillo\",\"https:\/\/x.com\/elsecreto\"]},{\"@type\":\"Person\",\"@id\":\"https:\/\/www.churbayportillo.com\/blog\/#\/schema\/person\/327f5e9fbcbeeb46bb1a6a1b69a3136b\",\"name\":\"Jorge Churba\",\"image\":{\"@type\":\"ImageObject\",\"inLanguage\":\"es\",\"@id\":\"https:\/\/secure.gravatar.com\/avatar\/c5f9205dc97a66e1143b707b76fe364da0a694698284e0bc4f5629e814e5ee66?s=96&d=mm&r=g\",\"url\":\"https:\/\/secure.gravatar.com\/avatar\/c5f9205dc97a66e1143b707b76fe364da0a694698284e0bc4f5629e814e5ee66?s=96&d=mm&r=g\",\"contentUrl\":\"https:\/\/secure.gravatar.com\/avatar\/c5f9205dc97a66e1143b707b76fe364da0a694698284e0bc4f5629e814e5ee66?s=96&d=mm&r=g\",\"caption\":\"Jorge Churba\"},\"description\":\"Me comunico, luego existo. Autor del Diccionario Pr\u00e1ctico de Internet para Emprendedores. Fundador de Churba &amp; Portillo y trabajador en Internet. S\u00edgueme en Twitter\",\"sameAs\":[\"https:\/\/www.churbayportillo.com\/blog\"],\"url\":\"https:\/\/www.churbayportillo.com\/blog\/author\/jorge\/\"}]}<\/script>\n<!-- \/ Yoast SEO plugin. -->","yoast_head_json":{"title":"Soros no ve el final de la crisis - El Secreto de las Pymes que crecen","robots":{"index":"index","follow":"follow","max-snippet":"max-snippet:-1","max-image-preview":"max-image-preview:large","max-video-preview":"max-video-preview:-1"},"canonical":"https:\/\/www.churbayportillo.com\/blog\/2009\/02\/22\/soros-no-ve-el-final-de-la-crisis\/","og_locale":"es_ES","og_type":"article","og_title":"Soros no ve el final de la crisis - El Secreto de las Pymes que crecen","og_description":"George Soros es un hombre inteligente y singular, un especulador que ha sabido sacar partido a todas las crisis. Sin embargo, parece que la crisis actual es capaz de superar incluso al mism\u00edsimo Soros. Hace ... Leer m\u00e1s","og_url":"https:\/\/www.churbayportillo.com\/blog\/2009\/02\/22\/soros-no-ve-el-final-de-la-crisis\/","og_site_name":"El Secreto de las Pymes que crecen","article_publisher":"https:\/\/www.facebook.com\/churbayportillo","article_published_time":"2009-02-22T09:18:35+00:00","article_modified_time":"2022-06-02T10:54:24+00:00","og_image":[{"url":"https:\/\/screto.s3.amazonaws.com\/uploads\/2008\/10\/soros1-150x150.jpg","type":"","width":"","height":""}],"author":"Jorge Churba","twitter_card":"summary_large_image","twitter_creator":"@elsecreto","twitter_site":"@elsecreto","twitter_misc":{"Escrito por":"Jorge Churba","Tiempo de lectura":"1 minuto"},"schema":{"@context":"https:\/\/schema.org","@graph":[{"@type":"Article","@id":"https:\/\/www.churbayportillo.com\/blog\/2009\/02\/22\/soros-no-ve-el-final-de-la-crisis\/#article","isPartOf":{"@id":"https:\/\/www.churbayportillo.com\/blog\/2009\/02\/22\/soros-no-ve-el-final-de-la-crisis\/"},"author":{"name":"Jorge Churba","@id":"https:\/\/www.churbayportillo.com\/blog\/#\/schema\/person\/327f5e9fbcbeeb46bb1a6a1b69a3136b"},"headline":"Soros no ve el final de la crisis","datePublished":"2009-02-22T09:18:35+00:00","dateModified":"2022-06-02T10:54:24+00:00","mainEntityOfPage":{"@id":"https:\/\/www.churbayportillo.com\/blog\/2009\/02\/22\/soros-no-ve-el-final-de-la-crisis\/"},"wordCount":112,"commentCount":0,"publisher":{"@id":"https:\/\/www.churbayportillo.com\/blog\/#organization"},"image":{"@id":"https:\/\/www.churbayportillo.com\/blog\/2009\/02\/22\/soros-no-ve-el-final-de-la-crisis\/#primaryimage"},"thumbnailUrl":"https:\/\/screto.s3.amazonaws.com\/uploads\/2008\/10\/soros1-150x150.jpg","keywords":["Crisis"],"articleSection":["General"],"inLanguage":"es","potentialAction":[{"@type":"CommentAction","name":"Comment","target":["https:\/\/www.churbayportillo.com\/blog\/2009\/02\/22\/soros-no-ve-el-final-de-la-crisis\/#respond"]}]},{"@type":"WebPage","@id":"https:\/\/www.churbayportillo.com\/blog\/2009\/02\/22\/soros-no-ve-el-final-de-la-crisis\/","url":"https:\/\/www.churbayportillo.com\/blog\/2009\/02\/22\/soros-no-ve-el-final-de-la-crisis\/","name":"Soros no ve el final de la crisis - El Secreto de las Pymes que crecen","isPartOf":{"@id":"https:\/\/www.churbayportillo.com\/blog\/#website"},"primaryImageOfPage":{"@id":"https:\/\/www.churbayportillo.com\/blog\/2009\/02\/22\/soros-no-ve-el-final-de-la-crisis\/#primaryimage"},"image":{"@id":"https:\/\/www.churbayportillo.com\/blog\/2009\/02\/22\/soros-no-ve-el-final-de-la-crisis\/#primaryimage"},"thumbnailUrl":"https:\/\/screto.s3.amazonaws.com\/uploads\/2008\/10\/soros1-150x150.jpg","datePublished":"2009-02-22T09:18:35+00:00","dateModified":"2022-06-02T10:54:24+00:00","breadcrumb":{"@id":"https:\/\/www.churbayportillo.com\/blog\/2009\/02\/22\/soros-no-ve-el-final-de-la-crisis\/#breadcrumb"},"inLanguage":"es","potentialAction":[{"@type":"ReadAction","target":["https:\/\/www.churbayportillo.com\/blog\/2009\/02\/22\/soros-no-ve-el-final-de-la-crisis\/"]}]},{"@type":"ImageObject","inLanguage":"es","@id":"https:\/\/www.churbayportillo.com\/blog\/2009\/02\/22\/soros-no-ve-el-final-de-la-crisis\/#primaryimage","url":"https:\/\/screto.s3.amazonaws.com\/uploads\/2008\/10\/soros1-150x150.jpg","contentUrl":"https:\/\/screto.s3.amazonaws.com\/uploads\/2008\/10\/soros1-150x150.jpg"},{"@type":"BreadcrumbList","@id":"https:\/\/www.churbayportillo.com\/blog\/2009\/02\/22\/soros-no-ve-el-final-de-la-crisis\/#breadcrumb","itemListElement":[{"@type":"ListItem","position":1,"name":"Portada","item":"https:\/\/www.churbayportillo.com\/blog\/"},{"@type":"ListItem","position":2,"name":"Soros no ve el final de la crisis"}]},{"@type":"WebSite","@id":"https:\/\/www.churbayportillo.com\/blog\/#website","url":"https:\/\/www.churbayportillo.com\/blog\/","name":"El Secreto de las Pymes que crecen","description":"Informaci\u00f3n y consejos para vender m\u00e1s","publisher":{"@id":"https:\/\/www.churbayportillo.com\/blog\/#organization"},"potentialAction":[{"@type":"SearchAction","target":{"@type":"EntryPoint","urlTemplate":"https:\/\/www.churbayportillo.com\/blog\/?s={search_term_string}"},"query-input":{"@type":"PropertyValueSpecification","valueRequired":true,"valueName":"search_term_string"}}],"inLanguage":"es"},{"@type":"Organization","@id":"https:\/\/www.churbayportillo.com\/blog\/#organization","name":"El Secreto de las Pymes que crecen","url":"https:\/\/www.churbayportillo.com\/blog\/","logo":{"@type":"ImageObject","inLanguage":"es","@id":"https:\/\/www.churbayportillo.com\/blog\/#\/schema\/logo\/image\/","url":"https:\/\/www.churbayportillo.com\/blog\/wp-content\/uploads\/2021\/12\/logo.png","contentUrl":"https:\/\/www.churbayportillo.com\/blog\/wp-content\/uploads\/2021\/12\/logo.png","width":599,"height":109,"caption":"El Secreto de las Pymes que crecen"},"image":{"@id":"https:\/\/www.churbayportillo.com\/blog\/#\/schema\/logo\/image\/"},"sameAs":["https:\/\/www.facebook.com\/churbayportillo","https:\/\/x.com\/elsecreto"]},{"@type":"Person","@id":"https:\/\/www.churbayportillo.com\/blog\/#\/schema\/person\/327f5e9fbcbeeb46bb1a6a1b69a3136b","name":"Jorge Churba","image":{"@type":"ImageObject","inLanguage":"es","@id":"https:\/\/secure.gravatar.com\/avatar\/c5f9205dc97a66e1143b707b76fe364da0a694698284e0bc4f5629e814e5ee66?s=96&d=mm&r=g","url":"https:\/\/secure.gravatar.com\/avatar\/c5f9205dc97a66e1143b707b76fe364da0a694698284e0bc4f5629e814e5ee66?s=96&d=mm&r=g","contentUrl":"https:\/\/secure.gravatar.com\/avatar\/c5f9205dc97a66e1143b707b76fe364da0a694698284e0bc4f5629e814e5ee66?s=96&d=mm&r=g","caption":"Jorge Churba"},"description":"Me comunico, luego existo. Autor del Diccionario Pr\u00e1ctico de Internet para Emprendedores. Fundador de Churba &amp; Portillo y trabajador en Internet. S\u00edgueme en Twitter","sameAs":["https:\/\/www.churbayportillo.com\/blog"],"url":"https:\/\/www.churbayportillo.com\/blog\/author\/jorge\/"}]}},"jetpack_publicize_connections":[],"jetpack_featured_media_url":"","jetpack-related-posts":[{"id":589,"url":"https:\/\/www.churbayportillo.com\/blog\/2008\/10\/12\/soros-un-especulador-en-el-centro-de-la-crisis\/","url_meta":{"origin":2905,"position":0},"title":"Soros, un especulador en el centro de la crisis","author":"Jorge Churba","date":"12 octubre 2008","format":false,"excerpt":"George Soros es un especulador multimillonario con una carrera singular. Ha luchado contra el Banco de Inglaterra y ha vencido, haciendo caer la libra esterlina. As\u00ed se hizo famoso. En cada una de las grandes crisis financieras recientes, si hubo un ganador, fue George Soros. Por otro lado, Soros aporta\u2026","rel":"","context":"En \u00abGeneral\u00bb","block_context":{"text":"General","link":"https:\/\/www.churbayportillo.com\/blog\/category\/general\/"},"img":{"alt_text":"George Soros (Foto: World Economic Forum \/Creative Commons)","src":"https:\/\/i0.wp.com\/screto.s3.amazonaws.com\/uploads\/2008\/10\/soros1.jpg?resize=350%2C200&ssl=1","width":350,"height":200},"classes":[]},{"id":2243,"url":"https:\/\/www.churbayportillo.com\/blog\/2009\/01\/18\/zapatero-y-solbes-tendrian-que-conseguir-que-la-banca-arrime-el-hombro\/","url_meta":{"origin":2905,"position":1},"title":"Zapatero y Solbes tendr\u00edan que conseguir que la banca arrime el hombro","author":"Jorge Churba","date":"18 enero 2009","format":false,"excerpt":"No s\u00e9 si la banca es la madre de todas las crisis, pero me parece que es la madre de la crisis que vivimos. Me explico: todo empez\u00f3 con las hipotecas basura. Esas que la banca otorg\u00f3 a gente que no ofrec\u00eda garant\u00edas de pago. Gracias a estas hipotecas basura\u2026","rel":"","context":"En \u00abAyudas y subvenciones\u00bb","block_context":{"text":"Ayudas y subvenciones","link":"https:\/\/www.churbayportillo.com\/blog\/category\/ayudas-y-subvenciones\/"},"img":{"alt_text":"","src":"","width":0,"height":0},"classes":[]},{"id":483,"url":"https:\/\/www.churbayportillo.com\/blog\/2008\/09\/04\/salir-de-la-crisis-ayudando-a-las-pymes\/","url_meta":{"origin":2905,"position":2},"title":"Salir de la crisis ayudando a las pymes","author":"Jorge Churba","date":"4 septiembre 2008","format":false,"excerpt":"La C\u00e1mara de Comercio de La Rioja y Francisco Mart\u00ednez-Aldama, secretario general del PSOE regional, opinan igual: una de las soluciones a la crisis es ayudar a las pymes. Dicen que van a arrimar el hombro, a ayudar a las pymes. Fuente: finanzas.com","rel":"","context":"En \u00abAyudas y subvenciones\u00bb","block_context":{"text":"Ayudas y subvenciones","link":"https:\/\/www.churbayportillo.com\/blog\/category\/ayudas-y-subvenciones\/"},"img":{"alt_text":"","src":"","width":0,"height":0},"classes":[]},{"id":3545,"url":"https:\/\/www.churbayportillo.com\/blog\/2009\/03\/30\/los-hombres-nos-han-llevado-a-la-crisis-las-mujeres-son-fundamentales-para-superarla\/","url_meta":{"origin":2905,"position":3},"title":"Los hombres nos han llevado a la crisis, las mujeres son fundamentales para superarla","author":"Jorge Churba","date":"30 marzo 2009","format":false,"excerpt":"A Lehman Brothers, uno de los bancos ca\u00eddos, quiz\u00e1s le habr\u00eda ido mejor como Lehman Brothers... and Sisters,\u00a0 dijo Nicholas Kristof, columnista de The New York Times. La crisis actual, ha puesto de relieve c\u00f3mo las empresas con mayor n\u00famero de mujeres en los Consejos de Administraci\u00f3n se est\u00e1n enfrentando\u2026","rel":"","context":"En \u00abEmprendedores\u00bb","block_context":{"text":"Emprendedores","link":"https:\/\/www.churbayportillo.com\/blog\/category\/emprendedores\/"},"img":{"alt_text":"ExcellentSearch & Selection: excelencia en la b\u00fasqueda de directivos","src":"https:\/\/i0.wp.com\/www.churbayportillo.com\/blog\/wp-content\/uploads\/2009\/03\/excellentsearch.jpg?resize=350%2C200&ssl=1","width":350,"height":200},"classes":[]},{"id":2294,"url":"https:\/\/www.churbayportillo.com\/blog\/2009\/01\/20\/ideas-para-superar-la-crisis-albert-einstein\/","url_meta":{"origin":2905,"position":4},"title":"Ideas para superar la crisis: Albert Einstein","author":"Jorge Churba","date":"20 enero 2009","format":false,"excerpt":"Leer a uno de los hombres m\u00e1s inteligentes del siglo XX siempre es interesante y en estos tiempos de crisis se hace imprescindible: La crisis es la mejor bendici\u00f3n que puede sucederle a personas y pa\u00edses porque la crisis trae progresos. La creatividad nace de la angustia como el d\u00eda\u2026","rel":"","context":"En \u00abBranding\u00bb","block_context":{"text":"Branding","link":"https:\/\/www.churbayportillo.com\/blog\/category\/branding\/"},"img":{"alt_text":"","src":"https:\/\/i0.wp.com\/www.churbayportillo.com\/blog\/wp-content\/uploads\/2009\/01\/albert_einstein.jpg?resize=350%2C200&ssl=1","width":350,"height":200},"classes":[]},{"id":1506,"url":"https:\/\/www.churbayportillo.com\/blog\/2008\/11\/28\/pymes-castilla-la-mancha-10-millones-en-ayudas-contra-la-crisis\/","url_meta":{"origin":2905,"position":5},"title":"Pymes Castilla-La Mancha: 10 millones en ayudas contra la crisis","author":"Jorge Churba","date":"28 noviembre 2008","format":false,"excerpt":"Jos\u00e9 Mar\u00eda Barreda, presidente de Castilla-La Mancha, anunci\u00f3 la inmediata puesta en marcha de una excepcional l\u00ednea de ayuda para las pymes por valor de 10 millones de euros. El objetivo de estas ayudas es contribuir a la financiaci\u00f3n de capital circulante a trav\u00e9s de subvenciones reintegrables y compensaci\u00f3n de\u2026","rel":"","context":"En \u00abAyudas y subvenciones\u00bb","block_context":{"text":"Ayudas y subvenciones","link":"https:\/\/www.churbayportillo.com\/blog\/category\/ayudas-y-subvenciones\/"},"img":{"alt_text":"","src":"","width":0,"height":0},"classes":[]}],"jetpack_sharing_enabled":true,"_links":{"self":[{"href":"https:\/\/www.churbayportillo.com\/blog\/wp-json\/wp\/v2\/posts\/2905","targetHints":{"allow":["GET"]}}],"collection":[{"href":"https:\/\/www.churbayportillo.com\/blog\/wp-json\/wp\/v2\/posts"}],"about":[{"href":"https:\/\/www.churbayportillo.com\/blog\/wp-json\/wp\/v2\/types\/post"}],"author":[{"embeddable":true,"href":"https:\/\/www.churbayportillo.com\/blog\/wp-json\/wp\/v2\/users\/3"}],"replies":[{"embeddable":true,"href":"https:\/\/www.churbayportillo.com\/blog\/wp-json\/wp\/v2\/comments?post=2905"}],"version-history":[{"count":0,"href":"https:\/\/www.churbayportillo.com\/blog\/wp-json\/wp\/v2\/posts\/2905\/revisions"}],"wp:attachment":[{"href":"https:\/\/www.churbayportillo.com\/blog\/wp-json\/wp\/v2\/media?parent=2905"}],"wp:term":[{"taxonomy":"category","embeddable":true,"href":"https:\/\/www.churbayportillo.com\/blog\/wp-json\/wp\/v2\/categories?post=2905"},{"taxonomy":"post_tag","embeddable":true,"href":"https:\/\/www.churbayportillo.com\/blog\/wp-json\/wp\/v2\/tags?post=2905"}],"curies":[{"name":"wp","href":"https:\/\/api.w.org\/{rel}","templated":true}]}}