{"id":350,"date":"2007-11-22T16:32:30","date_gmt":"2007-11-22T15:32:30","guid":{"rendered":"https:\/\/www.churbayportillo.com\/blog\/2007\/11\/22\/el-adsl-mas-caro-de-europa\/"},"modified":"2007-11-22T16:32:30","modified_gmt":"2007-11-22T15:32:30","slug":"el-adsl-mas-caro-de-europa","status":"publish","type":"post","link":"https:\/\/www.churbayportillo.com\/blog\/2007\/11\/22\/el-adsl-mas-caro-de-europa\/","title":{"rendered":"El ADSL m\u00e1s caro de Europa"},"content":{"rendered":"<p><img decoding=\"async\" align=\"left\" alt=\"raton.gif\" id=\"image80\" title=\"raton.gif\" class=\"alignleft\" src=\"https:\/\/screto.s3.amazonaws.com\/uploads\/2006\/07\/raton.miniatura.gif\" \/>Ya lo sab\u00edamos, pero ha sido confirmado por la Comisaria Europea de la Competencia, Neelie Kroes, quien critica que en Espa\u00f1a pagamos <a title=\"La noticia en El Mundo\" href=\"https:\/\/www.elmundo.es\/elmundo\/2007\/11\/19\/barcelona\/1195471479.html\"><strong>un 20% m\u00e1s<\/strong><\/a> que el resto de los europeos por los servicios de banda ancha y reclama una rebaja en estos precios para que todo el mundo tenga acceso a la banda ancha. \u00a1Gracias comisaria!<\/p>\n","protected":false},"excerpt":{"rendered":"<p>Ya lo sab\u00edamos, pero ha sido confirmado por la Comisaria Europea de la Competencia, Neelie Kroes, quien critica que en Espa\u00f1a pagamos un 20% m\u00e1s que el resto de los europeos por los servicios de &#8230; <a title=\"El ADSL m\u00e1s caro de Europa\" class=\"read-more\" href=\"https:\/\/www.churbayportillo.com\/blog\/2007\/11\/22\/el-adsl-mas-caro-de-europa\/\" aria-label=\"Leer m\u00e1s sobre El ADSL m\u00e1s caro de Europa\">Leer m\u00e1s<\/a><\/p>\n","protected":false},"author":2,"featured_media":0,"comment_status":"open","ping_status":"open","sticky":false,"template":"","format":"standard","meta":{"_jetpack_memberships_contains_paid_content":false,"footnotes":"","jetpack_publicize_message":"","jetpack_publicize_feature_enabled":true,"jetpack_social_post_already_shared":false,"jetpack_social_options":{"image_generator_settings":{"template":"highway","default_image_id":0,"font":"","enabled":false},"version":2}},"categories":[9,1],"tags":[160,47],"class_list":["post-350","post","type-post","status-publish","format-standard","hentry","category-comercio-electronico","category-general","tag-adsl","tag-internet"],"yoast_head":"<!-- This site is optimized with the Yoast SEO plugin v27.2 - https:\/\/yoast.com\/product\/yoast-seo-wordpress\/ -->\n<title>El ADSL m\u00e1s caro de Europa - El Secreto de las Pymes que crecen<\/title>\n<meta name=\"robots\" content=\"index, follow, max-snippet:-1, max-image-preview:large, max-video-preview:-1\" \/>\n<link rel=\"canonical\" href=\"https:\/\/www.churbayportillo.com\/blog\/2007\/11\/22\/el-adsl-mas-caro-de-europa\/\" \/>\n<meta property=\"og:locale\" content=\"es_ES\" \/>\n<meta property=\"og:type\" content=\"article\" \/>\n<meta property=\"og:title\" content=\"El ADSL m\u00e1s caro de Europa - El Secreto de las Pymes que crecen\" \/>\n<meta property=\"og:description\" content=\"Ya lo sab\u00edamos, pero ha sido confirmado por la Comisaria Europea de la Competencia, Neelie Kroes, quien critica que en Espa\u00f1a pagamos un 20% m\u00e1s que el resto de los europeos por los servicios de ... Leer m\u00e1s\" \/>\n<meta property=\"og:url\" content=\"https:\/\/www.churbayportillo.com\/blog\/2007\/11\/22\/el-adsl-mas-caro-de-europa\/\" \/>\n<meta property=\"og:site_name\" content=\"El Secreto de las Pymes que crecen\" \/>\n<meta property=\"article:publisher\" content=\"https:\/\/www.facebook.com\/churbayportillo\" \/>\n<meta property=\"article:published_time\" content=\"2007-11-22T15:32:30+00:00\" \/>\n<meta property=\"og:image\" content=\"https:\/\/screto.s3.amazonaws.com\/uploads\/2006\/07\/raton.miniatura.gif\" \/>\n<meta name=\"author\" content=\"Angeles Portillo\" \/>\n<meta name=\"twitter:card\" content=\"summary_large_image\" \/>\n<meta name=\"twitter:creator\" content=\"@elsecreto\" \/>\n<meta name=\"twitter:site\" content=\"@elsecreto\" \/>\n<meta name=\"twitter:label1\" content=\"Escrito por\" \/>\n\t<meta name=\"twitter:data1\" content=\"Angeles Portillo\" \/>\n<script type=\"application\/ld+json\" class=\"yoast-schema-graph\">{\"@context\":\"https:\/\/schema.org\",\"@graph\":[{\"@type\":\"Article\",\"@id\":\"https:\/\/www.churbayportillo.com\/blog\/2007\/11\/22\/el-adsl-mas-caro-de-europa\/#article\",\"isPartOf\":{\"@id\":\"https:\/\/www.churbayportillo.com\/blog\/2007\/11\/22\/el-adsl-mas-caro-de-europa\/\"},\"author\":{\"name\":\"Angeles Portillo\",\"@id\":\"https:\/\/www.churbayportillo.com\/blog\/#\/schema\/person\/0c5d32e09053a4fac1dfa9b5dab09c4e\"},\"headline\":\"El ADSL m\u00e1s caro de Europa\",\"datePublished\":\"2007-11-22T15:32:30+00:00\",\"mainEntityOfPage\":{\"@id\":\"https:\/\/www.churbayportillo.com\/blog\/2007\/11\/22\/el-adsl-mas-caro-de-europa\/\"},\"wordCount\":66,\"commentCount\":0,\"publisher\":{\"@id\":\"https:\/\/www.churbayportillo.com\/blog\/#organization\"},\"image\":{\"@id\":\"https:\/\/www.churbayportillo.com\/blog\/2007\/11\/22\/el-adsl-mas-caro-de-europa\/#primaryimage\"},\"thumbnailUrl\":\"https:\/\/screto.s3.amazonaws.com\/uploads\/2006\/07\/raton.miniatura.gif\",\"keywords\":[\"ADSL\",\"Internet\"],\"articleSection\":[\"Comercio electr\u00f3nico\",\"General\"],\"inLanguage\":\"es\",\"potentialAction\":[{\"@type\":\"CommentAction\",\"name\":\"Comment\",\"target\":[\"https:\/\/www.churbayportillo.com\/blog\/2007\/11\/22\/el-adsl-mas-caro-de-europa\/#respond\"]}]},{\"@type\":\"WebPage\",\"@id\":\"https:\/\/www.churbayportillo.com\/blog\/2007\/11\/22\/el-adsl-mas-caro-de-europa\/\",\"url\":\"https:\/\/www.churbayportillo.com\/blog\/2007\/11\/22\/el-adsl-mas-caro-de-europa\/\",\"name\":\"El ADSL m\u00e1s caro de Europa - El Secreto de las Pymes que crecen\",\"isPartOf\":{\"@id\":\"https:\/\/www.churbayportillo.com\/blog\/#website\"},\"primaryImageOfPage\":{\"@id\":\"https:\/\/www.churbayportillo.com\/blog\/2007\/11\/22\/el-adsl-mas-caro-de-europa\/#primaryimage\"},\"image\":{\"@id\":\"https:\/\/www.churbayportillo.com\/blog\/2007\/11\/22\/el-adsl-mas-caro-de-europa\/#primaryimage\"},\"thumbnailUrl\":\"https:\/\/screto.s3.amazonaws.com\/uploads\/2006\/07\/raton.miniatura.gif\",\"datePublished\":\"2007-11-22T15:32:30+00:00\",\"breadcrumb\":{\"@id\":\"https:\/\/www.churbayportillo.com\/blog\/2007\/11\/22\/el-adsl-mas-caro-de-europa\/#breadcrumb\"},\"inLanguage\":\"es\",\"potentialAction\":[{\"@type\":\"ReadAction\",\"target\":[\"https:\/\/www.churbayportillo.com\/blog\/2007\/11\/22\/el-adsl-mas-caro-de-europa\/\"]}]},{\"@type\":\"ImageObject\",\"inLanguage\":\"es\",\"@id\":\"https:\/\/www.churbayportillo.com\/blog\/2007\/11\/22\/el-adsl-mas-caro-de-europa\/#primaryimage\",\"url\":\"https:\/\/screto.s3.amazonaws.com\/uploads\/2006\/07\/raton.miniatura.gif\",\"contentUrl\":\"https:\/\/screto.s3.amazonaws.com\/uploads\/2006\/07\/raton.miniatura.gif\"},{\"@type\":\"BreadcrumbList\",\"@id\":\"https:\/\/www.churbayportillo.com\/blog\/2007\/11\/22\/el-adsl-mas-caro-de-europa\/#breadcrumb\",\"itemListElement\":[{\"@type\":\"ListItem\",\"position\":1,\"name\":\"Portada\",\"item\":\"https:\/\/www.churbayportillo.com\/blog\/\"},{\"@type\":\"ListItem\",\"position\":2,\"name\":\"El ADSL m\u00e1s caro de Europa\"}]},{\"@type\":\"WebSite\",\"@id\":\"https:\/\/www.churbayportillo.com\/blog\/#website\",\"url\":\"https:\/\/www.churbayportillo.com\/blog\/\",\"name\":\"El Secreto de las Pymes que crecen\",\"description\":\"Informaci\u00f3n y consejos para vender m\u00e1s\",\"publisher\":{\"@id\":\"https:\/\/www.churbayportillo.com\/blog\/#organization\"},\"potentialAction\":[{\"@type\":\"SearchAction\",\"target\":{\"@type\":\"EntryPoint\",\"urlTemplate\":\"https:\/\/www.churbayportillo.com\/blog\/?s={search_term_string}\"},\"query-input\":{\"@type\":\"PropertyValueSpecification\",\"valueRequired\":true,\"valueName\":\"search_term_string\"}}],\"inLanguage\":\"es\"},{\"@type\":\"Organization\",\"@id\":\"https:\/\/www.churbayportillo.com\/blog\/#organization\",\"name\":\"El Secreto de las Pymes que crecen\",\"url\":\"https:\/\/www.churbayportillo.com\/blog\/\",\"logo\":{\"@type\":\"ImageObject\",\"inLanguage\":\"es\",\"@id\":\"https:\/\/www.churbayportillo.com\/blog\/#\/schema\/logo\/image\/\",\"url\":\"https:\/\/www.churbayportillo.com\/blog\/wp-content\/uploads\/2021\/12\/logo.png\",\"contentUrl\":\"https:\/\/www.churbayportillo.com\/blog\/wp-content\/uploads\/2021\/12\/logo.png\",\"width\":599,\"height\":109,\"caption\":\"El Secreto de las Pymes que crecen\"},\"image\":{\"@id\":\"https:\/\/www.churbayportillo.com\/blog\/#\/schema\/logo\/image\/\"},\"sameAs\":[\"https:\/\/www.facebook.com\/churbayportillo\",\"https:\/\/x.com\/elsecreto\"]},{\"@type\":\"Person\",\"@id\":\"https:\/\/www.churbayportillo.com\/blog\/#\/schema\/person\/0c5d32e09053a4fac1dfa9b5dab09c4e\",\"name\":\"Angeles Portillo\",\"image\":{\"@type\":\"ImageObject\",\"inLanguage\":\"es\",\"@id\":\"https:\/\/secure.gravatar.com\/avatar\/44802163242372e66b9387e20041135d7204b42390aa96a0899b4b1334bacb9f?s=96&d=mm&r=g\",\"url\":\"https:\/\/secure.gravatar.com\/avatar\/44802163242372e66b9387e20041135d7204b42390aa96a0899b4b1334bacb9f?s=96&d=mm&r=g\",\"contentUrl\":\"https:\/\/secure.gravatar.com\/avatar\/44802163242372e66b9387e20041135d7204b42390aa96a0899b4b1334bacb9f?s=96&d=mm&r=g\",\"caption\":\"Angeles Portillo\"},\"description\":\"Angeles Portillo es cofundadora de Churba &amp; Portillo, empresa de comunicaci\u00f3n y publicidad especializada en WordPress y consultor\u00eda de Internet.\",\"sameAs\":[\"https:\/\/www.churbayportillo.com\/blog\/\"],\"url\":\"https:\/\/www.churbayportillo.com\/blog\/author\/angeles\/\"}]}<\/script>\n<!-- \/ Yoast SEO plugin. -->","yoast_head_json":{"title":"El ADSL m\u00e1s caro de Europa - El Secreto de las Pymes que crecen","robots":{"index":"index","follow":"follow","max-snippet":"max-snippet:-1","max-image-preview":"max-image-preview:large","max-video-preview":"max-video-preview:-1"},"canonical":"https:\/\/www.churbayportillo.com\/blog\/2007\/11\/22\/el-adsl-mas-caro-de-europa\/","og_locale":"es_ES","og_type":"article","og_title":"El ADSL m\u00e1s caro de Europa - El Secreto de las Pymes que crecen","og_description":"Ya lo sab\u00edamos, pero ha sido confirmado por la Comisaria Europea de la Competencia, Neelie Kroes, quien critica que en Espa\u00f1a pagamos un 20% m\u00e1s que el resto de los europeos por los servicios de ... Leer m\u00e1s","og_url":"https:\/\/www.churbayportillo.com\/blog\/2007\/11\/22\/el-adsl-mas-caro-de-europa\/","og_site_name":"El Secreto de las Pymes que crecen","article_publisher":"https:\/\/www.facebook.com\/churbayportillo","article_published_time":"2007-11-22T15:32:30+00:00","og_image":[{"url":"https:\/\/screto.s3.amazonaws.com\/uploads\/2006\/07\/raton.miniatura.gif","type":"","width":"","height":""}],"author":"Angeles Portillo","twitter_card":"summary_large_image","twitter_creator":"@elsecreto","twitter_site":"@elsecreto","twitter_misc":{"Escrito por":"Angeles Portillo"},"schema":{"@context":"https:\/\/schema.org","@graph":[{"@type":"Article","@id":"https:\/\/www.churbayportillo.com\/blog\/2007\/11\/22\/el-adsl-mas-caro-de-europa\/#article","isPartOf":{"@id":"https:\/\/www.churbayportillo.com\/blog\/2007\/11\/22\/el-adsl-mas-caro-de-europa\/"},"author":{"name":"Angeles Portillo","@id":"https:\/\/www.churbayportillo.com\/blog\/#\/schema\/person\/0c5d32e09053a4fac1dfa9b5dab09c4e"},"headline":"El ADSL m\u00e1s caro de Europa","datePublished":"2007-11-22T15:32:30+00:00","mainEntityOfPage":{"@id":"https:\/\/www.churbayportillo.com\/blog\/2007\/11\/22\/el-adsl-mas-caro-de-europa\/"},"wordCount":66,"commentCount":0,"publisher":{"@id":"https:\/\/www.churbayportillo.com\/blog\/#organization"},"image":{"@id":"https:\/\/www.churbayportillo.com\/blog\/2007\/11\/22\/el-adsl-mas-caro-de-europa\/#primaryimage"},"thumbnailUrl":"https:\/\/screto.s3.amazonaws.com\/uploads\/2006\/07\/raton.miniatura.gif","keywords":["ADSL","Internet"],"articleSection":["Comercio electr\u00f3nico","General"],"inLanguage":"es","potentialAction":[{"@type":"CommentAction","name":"Comment","target":["https:\/\/www.churbayportillo.com\/blog\/2007\/11\/22\/el-adsl-mas-caro-de-europa\/#respond"]}]},{"@type":"WebPage","@id":"https:\/\/www.churbayportillo.com\/blog\/2007\/11\/22\/el-adsl-mas-caro-de-europa\/","url":"https:\/\/www.churbayportillo.com\/blog\/2007\/11\/22\/el-adsl-mas-caro-de-europa\/","name":"El ADSL m\u00e1s caro de Europa - El Secreto de las Pymes que crecen","isPartOf":{"@id":"https:\/\/www.churbayportillo.com\/blog\/#website"},"primaryImageOfPage":{"@id":"https:\/\/www.churbayportillo.com\/blog\/2007\/11\/22\/el-adsl-mas-caro-de-europa\/#primaryimage"},"image":{"@id":"https:\/\/www.churbayportillo.com\/blog\/2007\/11\/22\/el-adsl-mas-caro-de-europa\/#primaryimage"},"thumbnailUrl":"https:\/\/screto.s3.amazonaws.com\/uploads\/2006\/07\/raton.miniatura.gif","datePublished":"2007-11-22T15:32:30+00:00","breadcrumb":{"@id":"https:\/\/www.churbayportillo.com\/blog\/2007\/11\/22\/el-adsl-mas-caro-de-europa\/#breadcrumb"},"inLanguage":"es","potentialAction":[{"@type":"ReadAction","target":["https:\/\/www.churbayportillo.com\/blog\/2007\/11\/22\/el-adsl-mas-caro-de-europa\/"]}]},{"@type":"ImageObject","inLanguage":"es","@id":"https:\/\/www.churbayportillo.com\/blog\/2007\/11\/22\/el-adsl-mas-caro-de-europa\/#primaryimage","url":"https:\/\/screto.s3.amazonaws.com\/uploads\/2006\/07\/raton.miniatura.gif","contentUrl":"https:\/\/screto.s3.amazonaws.com\/uploads\/2006\/07\/raton.miniatura.gif"},{"@type":"BreadcrumbList","@id":"https:\/\/www.churbayportillo.com\/blog\/2007\/11\/22\/el-adsl-mas-caro-de-europa\/#breadcrumb","itemListElement":[{"@type":"ListItem","position":1,"name":"Portada","item":"https:\/\/www.churbayportillo.com\/blog\/"},{"@type":"ListItem","position":2,"name":"El ADSL m\u00e1s caro de Europa"}]},{"@type":"WebSite","@id":"https:\/\/www.churbayportillo.com\/blog\/#website","url":"https:\/\/www.churbayportillo.com\/blog\/","name":"El Secreto de las Pymes que crecen","description":"Informaci\u00f3n y consejos para vender m\u00e1s","publisher":{"@id":"https:\/\/www.churbayportillo.com\/blog\/#organization"},"potentialAction":[{"@type":"SearchAction","target":{"@type":"EntryPoint","urlTemplate":"https:\/\/www.churbayportillo.com\/blog\/?s={search_term_string}"},"query-input":{"@type":"PropertyValueSpecification","valueRequired":true,"valueName":"search_term_string"}}],"inLanguage":"es"},{"@type":"Organization","@id":"https:\/\/www.churbayportillo.com\/blog\/#organization","name":"El Secreto de las Pymes que crecen","url":"https:\/\/www.churbayportillo.com\/blog\/","logo":{"@type":"ImageObject","inLanguage":"es","@id":"https:\/\/www.churbayportillo.com\/blog\/#\/schema\/logo\/image\/","url":"https:\/\/www.churbayportillo.com\/blog\/wp-content\/uploads\/2021\/12\/logo.png","contentUrl":"https:\/\/www.churbayportillo.com\/blog\/wp-content\/uploads\/2021\/12\/logo.png","width":599,"height":109,"caption":"El Secreto de las Pymes que crecen"},"image":{"@id":"https:\/\/www.churbayportillo.com\/blog\/#\/schema\/logo\/image\/"},"sameAs":["https:\/\/www.facebook.com\/churbayportillo","https:\/\/x.com\/elsecreto"]},{"@type":"Person","@id":"https:\/\/www.churbayportillo.com\/blog\/#\/schema\/person\/0c5d32e09053a4fac1dfa9b5dab09c4e","name":"Angeles Portillo","image":{"@type":"ImageObject","inLanguage":"es","@id":"https:\/\/secure.gravatar.com\/avatar\/44802163242372e66b9387e20041135d7204b42390aa96a0899b4b1334bacb9f?s=96&d=mm&r=g","url":"https:\/\/secure.gravatar.com\/avatar\/44802163242372e66b9387e20041135d7204b42390aa96a0899b4b1334bacb9f?s=96&d=mm&r=g","contentUrl":"https:\/\/secure.gravatar.com\/avatar\/44802163242372e66b9387e20041135d7204b42390aa96a0899b4b1334bacb9f?s=96&d=mm&r=g","caption":"Angeles Portillo"},"description":"Angeles Portillo es cofundadora de Churba &amp; Portillo, empresa de comunicaci\u00f3n y publicidad especializada en WordPress y consultor\u00eda de Internet.","sameAs":["https:\/\/www.churbayportillo.com\/blog\/"],"url":"https:\/\/www.churbayportillo.com\/blog\/author\/angeles\/"}]}},"jetpack_publicize_connections":[],"jetpack_featured_media_url":"","jetpack-related-posts":[{"id":661,"url":"https:\/\/www.churbayportillo.com\/blog\/2008\/10\/18\/banda-ancha-para-todos-a-precios-accesibles\/","url_meta":{"origin":350,"position":0},"title":"Banda ancha para todos a precios accesibles","author":"Jorge Churba","date":"18 octubre 2008","format":false,"excerpt":"La Comisi\u00f3n Europea quiere que la banda ancha a precios accesibles sea un servicio universal en el a\u00f1o 2010. La Comisi\u00f3n afirma que: En un corto espacio de tiempo, Internet de alta velocidad (la banda ancha) se ha hecho fundamental para las econom\u00edas modernas. Esto ha cambiado el modo que\u2026","rel":"","context":"En \u00abComercio electr\u00f3nico\u00bb","block_context":{"text":"Comercio electr\u00f3nico","link":"https:\/\/www.churbayportillo.com\/blog\/category\/comercio-electronico\/"},"img":{"alt_text":"","src":"https:\/\/i0.wp.com\/screto.s3.amazonaws.com\/uploads\/2008\/10\/salto1.jpg?resize=350%2C200&ssl=1","width":350,"height":200},"classes":[]},{"id":3107,"url":"https:\/\/www.churbayportillo.com\/blog\/2009\/03\/03\/campana-por-un-adsl-mas-barato\/","url_meta":{"origin":350,"position":1},"title":"Campa\u00f1a por un ADSL m\u00e1s barato","author":"Jorge Churba","date":"3 marzo 2009","format":false,"excerpt":"El acceso a Internet de banda ancha es fundamental para el desarrollo de la Sociedad de la Informaci\u00f3n, para fomentar los negocios en Internet, para superar la crisis. Pero en Espa\u00f1a seguimos viviendo en el ciberdespacio, con una banda ancha y unas tarifas ADSL que se encuentran entre las m\u00e1s\u2026","rel":"","context":"En \u00abBlogs\u00bb","block_context":{"text":"Blogs","link":"https:\/\/www.churbayportillo.com\/blog\/category\/blogs\/"},"img":{"alt_text":"ADSL m\u00e1s barato","src":"https:\/\/i0.wp.com\/www.churbayportillo.com\/blog\/wp-content\/uploads\/2009\/03\/adsl-mas-barato.gif?resize=350%2C200&ssl=1","width":350,"height":200},"classes":[]},{"id":3512,"url":"https:\/\/www.churbayportillo.com\/blog\/2009\/03\/27\/telecomunicaciones-en-espana-cada-vez-peor\/","url_meta":{"origin":350,"position":2},"title":"Telecomunicaciones en Espa\u00f1a, cada vez peor","author":"Jorge Churba","date":"27 marzo 2009","format":false,"excerpt":"Si las telecomunicaciones son desde hace tiempo fundamentales para la econom\u00eda, ahora en tiempos de crisis cobran mayor protagonismo. Porque Internet puede ser la tabla de salvaci\u00f3n para miles de empresas. Pero para que lo sea, las empresas tienen que cambiar su manera de hacer negocios y hacer grandes esfuerzos\u2026","rel":"","context":"En \u00abBlogs\u00bb","block_context":{"text":"Blogs","link":"https:\/\/www.churbayportillo.com\/blog\/category\/blogs\/"},"img":{"alt_text":"","src":"https:\/\/i0.wp.com\/www.churbayportillo.com\/blog\/wp-content\/uploads\/2009\/03\/telecomunicaciones.jpg?resize=350%2C200&ssl=1","width":350,"height":200},"classes":[]},{"id":431,"url":"https:\/\/www.churbayportillo.com\/blog\/2008\/06\/06\/mas-usuarios-y-mas-negocios-en-latinoamerica\/","url_meta":{"origin":350,"position":3},"title":"M\u00e1s usuarios y m\u00e1s negocios en Latinoam\u00e9rica","author":"Jorge Churba","date":"6 junio 2008","format":false,"excerpt":"Latinoam\u00e9rica vive una \u00e9poca de gran crecimiento econ\u00f3mico y este boom tambi\u00e9n se vive en Internet. Cada vez hay m\u00e1s usuarios con banda ancha y cada d\u00eda crecen los negocios en Internet. Lo dijo Gonzalo Alonso, director de la oficina regional de Google en Buenos Aires y lo le\u00edmos en\u2026","rel":"","context":"En \u00abComercio electr\u00f3nico\u00bb","block_context":{"text":"Comercio electr\u00f3nico","link":"https:\/\/www.churbayportillo.com\/blog\/category\/comercio-electronico\/"},"img":{"alt_text":"","src":"","width":0,"height":0},"classes":[]},{"id":462,"url":"https:\/\/www.churbayportillo.com\/blog\/2008\/07\/16\/banda-ancha-garantizada-%c2%bfsera-verdad\/","url_meta":{"origin":350,"position":4},"title":"Banda ancha garantizada, \u00bfser\u00e1 verdad?","author":"Jorge Churba","date":"16 julio 2008","format":false,"excerpt":"El ministro de Industria, Miguel Sebasti\u00e1n, anunci\u00f3 a bombo y platillos que las operadoras estar\u00e1n obligadas a garantizar el 80% del servicio que ofrecen. Es decir, que si anuncian 20Mb y t\u00fa los pagas, estar\u00e1n obligados a garantizarte 16Mb. \u00a1Todo un logro! \u00bfObligar\u00e1n tambi\u00e9n a los supermercados a garantizarnos que\u2026","rel":"","context":"En \u00abBlogs\u00bb","block_context":{"text":"Blogs","link":"https:\/\/www.churbayportillo.com\/blog\/category\/blogs\/"},"img":{"alt_text":"bandaancha.jpg","src":"https:\/\/i0.wp.com\/screto.s3.amazonaws.com\/uploads\/2008\/07\/bandaancha.jpg?resize=350%2C200&ssl=1","width":350,"height":200},"classes":[]},{"id":5190,"url":"https:\/\/www.churbayportillo.com\/blog\/2009\/06\/26\/internet-ruido-virtual-para-ahorrar-energia\/","url_meta":{"origin":350,"position":5},"title":"Internet: ruido virtual para ahorrar energ\u00eda","author":"Jorge Churba","date":"26 junio 2009","format":false,"excerpt":"Mientras lees esto tu conexi\u00f3n a Internet consume energ\u00eda. Y lo mismo ocurre con todas las conexiones a la red del mundo. \u00bfTe has parado a pensar cu\u00e1nta energ\u00eda consumimos para acceder a Internet? La red de ADSL de banda ancha consume alrededor 20.000 millones de kilovatios-hora por a\u00f1o en\u2026","rel":"","context":"En \u00abBlogs\u00bb","block_context":{"text":"Blogs","link":"https:\/\/www.churbayportillo.com\/blog\/category\/blogs\/"},"img":{"alt_text":"","src":"https:\/\/i0.wp.com\/www.churbayportillo.com\/blog\/wp-content\/uploads\/2009\/06\/internet-verde.jpg?resize=350%2C200&ssl=1","width":350,"height":200},"classes":[]}],"jetpack_sharing_enabled":true,"_links":{"self":[{"href":"https:\/\/www.churbayportillo.com\/blog\/wp-json\/wp\/v2\/posts\/350","targetHints":{"allow":["GET"]}}],"collection":[{"href":"https:\/\/www.churbayportillo.com\/blog\/wp-json\/wp\/v2\/posts"}],"about":[{"href":"https:\/\/www.churbayportillo.com\/blog\/wp-json\/wp\/v2\/types\/post"}],"author":[{"embeddable":true,"href":"https:\/\/www.churbayportillo.com\/blog\/wp-json\/wp\/v2\/users\/2"}],"replies":[{"embeddable":true,"href":"https:\/\/www.churbayportillo.com\/blog\/wp-json\/wp\/v2\/comments?post=350"}],"version-history":[{"count":0,"href":"https:\/\/www.churbayportillo.com\/blog\/wp-json\/wp\/v2\/posts\/350\/revisions"}],"wp:attachment":[{"href":"https:\/\/www.churbayportillo.com\/blog\/wp-json\/wp\/v2\/media?parent=350"}],"wp:term":[{"taxonomy":"category","embeddable":true,"href":"https:\/\/www.churbayportillo.com\/blog\/wp-json\/wp\/v2\/categories?post=350"},{"taxonomy":"post_tag","embeddable":true,"href":"https:\/\/www.churbayportillo.com\/blog\/wp-json\/wp\/v2\/tags?post=350"}],"curies":[{"name":"wp","href":"https:\/\/api.w.org\/{rel}","templated":true}]}}