{"id":353,"date":"2008-03-31T12:04:25","date_gmt":"2008-03-31T10:04:25","guid":{"rendered":"https:\/\/www.churbayportillo.com\/blog\/2008\/03\/31\/%c2%bfpara-que-sirven-las-camaras-de-comercio\/"},"modified":"2023-07-19T13:25:25","modified_gmt":"2023-07-19T11:25:25","slug":"para-que-sirven-las-camaras-de-comercio","status":"publish","type":"post","link":"https:\/\/www.churbayportillo.com\/blog\/2008\/03\/31\/para-que-sirven-las-camaras-de-comercio\/","title":{"rendered":"\u00bfPara qu\u00e9 sirven las C\u00e1maras de Comercio?"},"content":{"rendered":"<p><img decoding=\"async\" alt=\"comercio.jpg\" id=\"image372\" src=\"https:\/\/screto.s3.amazonaws.com\/uploads\/2008\/02\/comercio.jpg\" \/><\/p>\n<p>Tras una reconversi\u00f3n de m\u00e1s de siete a\u00f1os y muchas dudas sobre su constitucionalidad, las C\u00e1maras de Comercio se han convertido en grandes centros prestadores de servicios para las empresas. Hay 85 en Espa\u00f1a y sus grandes bazas son el apoyo a la exportaci\u00f3n y la formaci\u00f3n.<\/p>\n<p>La Ley de C\u00e1maras de Comercio obliga a cada aut\u00f3nomo y empresario a pagar una cuota anual vinculada a su IAE (Impuesto de Actividades Econ\u00f3micas). Dos tercios del dinero recaudado se destinan a promocionar el comercio exterior, y el tercio restante a formaci\u00f3n de trabajadores. Los nuevos servicios de las C\u00e1maras han generado un nuevo modelo de financiaci\u00f3n, las ayudas y programas p\u00fablicos nacionales o europeos.<\/p>\n<p>Sin embargo, la mayor\u00eda pagamos a cambio de nada, tal como reconocen algunas C\u00e1maras en sus webs:<\/p>\n<blockquote><p><a href=\"https:\/\/web.archive.org\/web\/20100110063448\/http:\/\/www.camaravalencia.com:80\/servicios\/5_802.asp\">La liquidaci\u00f3n tiene car\u00e1cter tributario, no se ingresa como contrapartida de ning\u00fan servicio, no obstante, La C\u00e1mara est\u00e1 al servicio de las empresas<\/a>.<\/p><\/blockquote>\n<p>La oposici\u00f3n al pago de cuotas obligatorias a las C\u00e1maras de Comercio sigue en aumento y, en algunos campos, tiende a generalizarse. No es de extra\u00f1ar que la mayor parte de las federaciones de aut\u00f3nomos insistan en la necesidad de rechazar dichas cuotas obligatorias. Los aut\u00f3nomos ya tienen bastantes cargas \u00bfpor qu\u00e9 soportar m\u00e1s pagos a entidades que no les aportan nada?. En realidad, ni a ellos ni a miles de pymes que no exportamos ni utilizamos sus servicios de formaci\u00f3n porque preferimos los que ofrecen otras asociaciones y empresas especializadas.<\/p>\n<p>La \u00fanica salida a este conflicto tan absurdo es la voluntariedad, porque todos -excepto los pocos que se benefician de ellas- nos preguntamos para qu\u00e9 sirven las c\u00e1maras de comercio.<\/p>\n<p>\u00bfY t\u00fa qu\u00e9 opinas?<br \/>\n<div id=\"polls-1\" class=\"wp-polls\">\n\t<form id=\"polls_form_1\" class=\"wp-polls-form\" action=\"\/blog\/index.php\" method=\"post\">\n\t\t<p style=\"display: none;\"><input type=\"hidden\" id=\"poll_1_nonce\" name=\"wp-polls-nonce\" value=\"11d2b980ff\" \/><\/p>\n\t\t<p style=\"display: none;\"><input type=\"hidden\" name=\"poll_id\" value=\"1\" \/><\/p>\n\t\t<h3>\u00bfTe ha sido \u00fatil alguna vez tu C\u00e1mara de Comercio?<\/h3>\r\n<div id=\"polls-1-ans\" class=\"wp-polls-ans\">\r\n<ul class=\"wp-polls-ul\">\n\t\t<li><input type=\"radio\" id=\"poll-answer-1\" name=\"poll_1\" value=\"1\" \/> <label for=\"poll-answer-1\">Util\u00edsima<\/label><\/li>\n\t\t<li><input type=\"radio\" id=\"poll-answer-2\" name=\"poll_1\" value=\"2\" \/> <label for=\"poll-answer-2\">Bastante \u00fatil<\/label><\/li>\n\t\t<li><input type=\"radio\" id=\"poll-answer-3\" name=\"poll_1\" value=\"3\" \/> <label for=\"poll-answer-3\">Poco \u00fatil<\/label><\/li>\n\t\t<li><input type=\"radio\" id=\"poll-answer-4\" name=\"poll_1\" value=\"4\" \/> <label for=\"poll-answer-4\">Nada \u00fatil<\/label><\/li>\n\t\t<\/ul>\r\n<p style=\"text-align: center;\"><input type=\"button\" name=\"vote\" value=\"   Votar   \" class=\"Buttons\" onclick=\"poll_vote(1);\" \/><\/p>\r\n<p style=\"text-align: center;\"><a href=\"#ViewPollResults\" onclick=\"poll_result(1); return false;\" title=\"Ver los resultados de esta encuesta\">Ver resultados<\/a><\/p>\r\n<\/div>\n\t<\/form>\n<\/div>\n<div id=\"polls-1-loading\" class=\"wp-polls-loading\"><img loading=\"lazy\" decoding=\"async\" src=\"https:\/\/www.churbayportillo.com\/blog\/wp-content\/plugins\/wp-polls\/images\/loading.gif\" width=\"16\" height=\"16\" alt=\"Cargando ...\" title=\"Cargando ...\" class=\"wp-polls-image\" \/>&nbsp;Cargando ...<\/div>\n<\/p>\n","protected":false},"excerpt":{"rendered":"<p>Tras una reconversi\u00f3n de m\u00e1s de siete a\u00f1os y muchas dudas sobre su constitucionalidad, las C\u00e1maras de Comercio se han convertido en grandes centros prestadores de servicios para las empresas. Hay 85 en Espa\u00f1a y &#8230; <a title=\"\u00bfPara qu\u00e9 sirven las C\u00e1maras de Comercio?\" class=\"read-more\" href=\"https:\/\/www.churbayportillo.com\/blog\/2008\/03\/31\/para-que-sirven-las-camaras-de-comercio\/\" aria-label=\"Leer m\u00e1s sobre \u00bfPara qu\u00e9 sirven las C\u00e1maras de Comercio?\">Leer m\u00e1s<\/a><\/p>\n","protected":false},"author":2,"featured_media":0,"comment_status":"open","ping_status":"open","sticky":false,"template":"","format":"standard","meta":{"_jetpack_memberships_contains_paid_content":false,"footnotes":"","jetpack_publicize_message":"","jetpack_publicize_feature_enabled":true,"jetpack_social_post_already_shared":false,"jetpack_social_options":{"image_generator_settings":{"template":"highway","default_image_id":0,"font":"","enabled":false},"version":2}},"categories":[10,17,11],"tags":[723,693,69,993],"class_list":["post-353","post","type-post","status-publish","format-standard","hentry","category-emprendedores","category-encuestas","category-pymes","tag-autonomos","tag-camara-de-comercio","tag-espana","tag-pymes"],"yoast_head":"<!-- This site is optimized with the Yoast SEO plugin v27.2 - https:\/\/yoast.com\/product\/yoast-seo-wordpress\/ -->\n<title>\u00bfPara qu\u00e9 sirven las C\u00e1maras de Comercio? - El Secreto de las Pymes que crecen<\/title>\n<meta name=\"robots\" content=\"index, follow, max-snippet:-1, max-image-preview:large, max-video-preview:-1\" \/>\n<link rel=\"canonical\" href=\"https:\/\/www.churbayportillo.com\/blog\/2008\/03\/31\/para-que-sirven-las-camaras-de-comercio\/\" \/>\n<meta property=\"og:locale\" content=\"es_ES\" \/>\n<meta property=\"og:type\" content=\"article\" \/>\n<meta property=\"og:title\" content=\"\u00bfPara qu\u00e9 sirven las C\u00e1maras de Comercio? - El Secreto de las Pymes que crecen\" \/>\n<meta property=\"og:description\" content=\"Tras una reconversi\u00f3n de m\u00e1s de siete a\u00f1os y muchas dudas sobre su constitucionalidad, las C\u00e1maras de Comercio se han convertido en grandes centros prestadores de servicios para las empresas. Hay 85 en Espa\u00f1a y ... Leer m\u00e1s\" \/>\n<meta property=\"og:url\" content=\"https:\/\/www.churbayportillo.com\/blog\/2008\/03\/31\/para-que-sirven-las-camaras-de-comercio\/\" \/>\n<meta property=\"og:site_name\" content=\"El Secreto de las Pymes que crecen\" \/>\n<meta property=\"article:publisher\" content=\"https:\/\/www.facebook.com\/churbayportillo\" \/>\n<meta property=\"article:published_time\" content=\"2008-03-31T10:04:25+00:00\" \/>\n<meta property=\"article:modified_time\" content=\"2023-07-19T11:25:25+00:00\" \/>\n<meta property=\"og:image\" content=\"https:\/\/screto.s3.amazonaws.com\/uploads\/2008\/02\/comercio.jpg\" \/>\n<meta name=\"author\" content=\"Angeles Portillo\" \/>\n<meta name=\"twitter:card\" content=\"summary_large_image\" \/>\n<meta name=\"twitter:creator\" content=\"@elsecreto\" \/>\n<meta name=\"twitter:site\" content=\"@elsecreto\" \/>\n<meta name=\"twitter:label1\" content=\"Escrito por\" \/>\n\t<meta name=\"twitter:data1\" content=\"Angeles Portillo\" \/>\n\t<meta name=\"twitter:label2\" content=\"Tiempo de lectura\" \/>\n\t<meta name=\"twitter:data2\" content=\"2 minutos\" \/>\n<script type=\"application\/ld+json\" class=\"yoast-schema-graph\">{\"@context\":\"https:\/\/schema.org\",\"@graph\":[{\"@type\":\"Article\",\"@id\":\"https:\/\/www.churbayportillo.com\/blog\/2008\/03\/31\/para-que-sirven-las-camaras-de-comercio\/#article\",\"isPartOf\":{\"@id\":\"https:\/\/www.churbayportillo.com\/blog\/2008\/03\/31\/para-que-sirven-las-camaras-de-comercio\/\"},\"author\":{\"name\":\"Angeles Portillo\",\"@id\":\"https:\/\/www.churbayportillo.com\/blog\/#\/schema\/person\/0c5d32e09053a4fac1dfa9b5dab09c4e\"},\"headline\":\"\u00bfPara qu\u00e9 sirven las C\u00e1maras de Comercio?\",\"datePublished\":\"2008-03-31T10:04:25+00:00\",\"dateModified\":\"2023-07-19T11:25:25+00:00\",\"mainEntityOfPage\":{\"@id\":\"https:\/\/www.churbayportillo.com\/blog\/2008\/03\/31\/para-que-sirven-las-camaras-de-comercio\/\"},\"wordCount\":315,\"commentCount\":44,\"publisher\":{\"@id\":\"https:\/\/www.churbayportillo.com\/blog\/#organization\"},\"image\":{\"@id\":\"https:\/\/www.churbayportillo.com\/blog\/2008\/03\/31\/para-que-sirven-las-camaras-de-comercio\/#primaryimage\"},\"thumbnailUrl\":\"https:\/\/screto.s3.amazonaws.com\/uploads\/2008\/02\/comercio.jpg\",\"keywords\":[\"Aut\u00f3nomos\",\"C\u00e1mara de comercio\",\"Espa\u00f1a\",\"Pymes\"],\"articleSection\":[\"Emprendedores\",\"Encuestas\",\"Pymes\"],\"inLanguage\":\"es\",\"potentialAction\":[{\"@type\":\"CommentAction\",\"name\":\"Comment\",\"target\":[\"https:\/\/www.churbayportillo.com\/blog\/2008\/03\/31\/para-que-sirven-las-camaras-de-comercio\/#respond\"]}]},{\"@type\":\"WebPage\",\"@id\":\"https:\/\/www.churbayportillo.com\/blog\/2008\/03\/31\/para-que-sirven-las-camaras-de-comercio\/\",\"url\":\"https:\/\/www.churbayportillo.com\/blog\/2008\/03\/31\/para-que-sirven-las-camaras-de-comercio\/\",\"name\":\"\u00bfPara qu\u00e9 sirven las C\u00e1maras de Comercio? - El Secreto de las Pymes que crecen\",\"isPartOf\":{\"@id\":\"https:\/\/www.churbayportillo.com\/blog\/#website\"},\"primaryImageOfPage\":{\"@id\":\"https:\/\/www.churbayportillo.com\/blog\/2008\/03\/31\/para-que-sirven-las-camaras-de-comercio\/#primaryimage\"},\"image\":{\"@id\":\"https:\/\/www.churbayportillo.com\/blog\/2008\/03\/31\/para-que-sirven-las-camaras-de-comercio\/#primaryimage\"},\"thumbnailUrl\":\"https:\/\/screto.s3.amazonaws.com\/uploads\/2008\/02\/comercio.jpg\",\"datePublished\":\"2008-03-31T10:04:25+00:00\",\"dateModified\":\"2023-07-19T11:25:25+00:00\",\"breadcrumb\":{\"@id\":\"https:\/\/www.churbayportillo.com\/blog\/2008\/03\/31\/para-que-sirven-las-camaras-de-comercio\/#breadcrumb\"},\"inLanguage\":\"es\",\"potentialAction\":[{\"@type\":\"ReadAction\",\"target\":[\"https:\/\/www.churbayportillo.com\/blog\/2008\/03\/31\/para-que-sirven-las-camaras-de-comercio\/\"]}]},{\"@type\":\"ImageObject\",\"inLanguage\":\"es\",\"@id\":\"https:\/\/www.churbayportillo.com\/blog\/2008\/03\/31\/para-que-sirven-las-camaras-de-comercio\/#primaryimage\",\"url\":\"https:\/\/screto.s3.amazonaws.com\/uploads\/2008\/02\/comercio.jpg\",\"contentUrl\":\"https:\/\/screto.s3.amazonaws.com\/uploads\/2008\/02\/comercio.jpg\"},{\"@type\":\"BreadcrumbList\",\"@id\":\"https:\/\/www.churbayportillo.com\/blog\/2008\/03\/31\/para-que-sirven-las-camaras-de-comercio\/#breadcrumb\",\"itemListElement\":[{\"@type\":\"ListItem\",\"position\":1,\"name\":\"Portada\",\"item\":\"https:\/\/www.churbayportillo.com\/blog\/\"},{\"@type\":\"ListItem\",\"position\":2,\"name\":\"\u00bfPara qu\u00e9 sirven las C\u00e1maras de Comercio?\"}]},{\"@type\":\"WebSite\",\"@id\":\"https:\/\/www.churbayportillo.com\/blog\/#website\",\"url\":\"https:\/\/www.churbayportillo.com\/blog\/\",\"name\":\"El Secreto de las Pymes que crecen\",\"description\":\"Informaci\u00f3n y consejos para vender m\u00e1s\",\"publisher\":{\"@id\":\"https:\/\/www.churbayportillo.com\/blog\/#organization\"},\"potentialAction\":[{\"@type\":\"SearchAction\",\"target\":{\"@type\":\"EntryPoint\",\"urlTemplate\":\"https:\/\/www.churbayportillo.com\/blog\/?s={search_term_string}\"},\"query-input\":{\"@type\":\"PropertyValueSpecification\",\"valueRequired\":true,\"valueName\":\"search_term_string\"}}],\"inLanguage\":\"es\"},{\"@type\":\"Organization\",\"@id\":\"https:\/\/www.churbayportillo.com\/blog\/#organization\",\"name\":\"El Secreto de las Pymes que crecen\",\"url\":\"https:\/\/www.churbayportillo.com\/blog\/\",\"logo\":{\"@type\":\"ImageObject\",\"inLanguage\":\"es\",\"@id\":\"https:\/\/www.churbayportillo.com\/blog\/#\/schema\/logo\/image\/\",\"url\":\"https:\/\/www.churbayportillo.com\/blog\/wp-content\/uploads\/2021\/12\/logo.png\",\"contentUrl\":\"https:\/\/www.churbayportillo.com\/blog\/wp-content\/uploads\/2021\/12\/logo.png\",\"width\":599,\"height\":109,\"caption\":\"El Secreto de las Pymes que crecen\"},\"image\":{\"@id\":\"https:\/\/www.churbayportillo.com\/blog\/#\/schema\/logo\/image\/\"},\"sameAs\":[\"https:\/\/www.facebook.com\/churbayportillo\",\"https:\/\/x.com\/elsecreto\"]},{\"@type\":\"Person\",\"@id\":\"https:\/\/www.churbayportillo.com\/blog\/#\/schema\/person\/0c5d32e09053a4fac1dfa9b5dab09c4e\",\"name\":\"Angeles Portillo\",\"image\":{\"@type\":\"ImageObject\",\"inLanguage\":\"es\",\"@id\":\"https:\/\/secure.gravatar.com\/avatar\/44802163242372e66b9387e20041135d7204b42390aa96a0899b4b1334bacb9f?s=96&d=mm&r=g\",\"url\":\"https:\/\/secure.gravatar.com\/avatar\/44802163242372e66b9387e20041135d7204b42390aa96a0899b4b1334bacb9f?s=96&d=mm&r=g\",\"contentUrl\":\"https:\/\/secure.gravatar.com\/avatar\/44802163242372e66b9387e20041135d7204b42390aa96a0899b4b1334bacb9f?s=96&d=mm&r=g\",\"caption\":\"Angeles Portillo\"},\"description\":\"Angeles Portillo es cofundadora de Churba &amp; Portillo, empresa de comunicaci\u00f3n y publicidad especializada en WordPress y consultor\u00eda de Internet.\",\"sameAs\":[\"https:\/\/www.churbayportillo.com\/blog\/\"],\"url\":\"https:\/\/www.churbayportillo.com\/blog\/author\/angeles\/\"}]}<\/script>\n<!-- \/ Yoast SEO plugin. -->","yoast_head_json":{"title":"\u00bfPara qu\u00e9 sirven las C\u00e1maras de Comercio? - El Secreto de las Pymes que crecen","robots":{"index":"index","follow":"follow","max-snippet":"max-snippet:-1","max-image-preview":"max-image-preview:large","max-video-preview":"max-video-preview:-1"},"canonical":"https:\/\/www.churbayportillo.com\/blog\/2008\/03\/31\/para-que-sirven-las-camaras-de-comercio\/","og_locale":"es_ES","og_type":"article","og_title":"\u00bfPara qu\u00e9 sirven las C\u00e1maras de Comercio? - El Secreto de las Pymes que crecen","og_description":"Tras una reconversi\u00f3n de m\u00e1s de siete a\u00f1os y muchas dudas sobre su constitucionalidad, las C\u00e1maras de Comercio se han convertido en grandes centros prestadores de servicios para las empresas. Hay 85 en Espa\u00f1a y ... Leer m\u00e1s","og_url":"https:\/\/www.churbayportillo.com\/blog\/2008\/03\/31\/para-que-sirven-las-camaras-de-comercio\/","og_site_name":"El Secreto de las Pymes que crecen","article_publisher":"https:\/\/www.facebook.com\/churbayportillo","article_published_time":"2008-03-31T10:04:25+00:00","article_modified_time":"2023-07-19T11:25:25+00:00","og_image":[{"url":"https:\/\/screto.s3.amazonaws.com\/uploads\/2008\/02\/comercio.jpg","type":"","width":"","height":""}],"author":"Angeles Portillo","twitter_card":"summary_large_image","twitter_creator":"@elsecreto","twitter_site":"@elsecreto","twitter_misc":{"Escrito por":"Angeles Portillo","Tiempo de lectura":"2 minutos"},"schema":{"@context":"https:\/\/schema.org","@graph":[{"@type":"Article","@id":"https:\/\/www.churbayportillo.com\/blog\/2008\/03\/31\/para-que-sirven-las-camaras-de-comercio\/#article","isPartOf":{"@id":"https:\/\/www.churbayportillo.com\/blog\/2008\/03\/31\/para-que-sirven-las-camaras-de-comercio\/"},"author":{"name":"Angeles Portillo","@id":"https:\/\/www.churbayportillo.com\/blog\/#\/schema\/person\/0c5d32e09053a4fac1dfa9b5dab09c4e"},"headline":"\u00bfPara qu\u00e9 sirven las C\u00e1maras de Comercio?","datePublished":"2008-03-31T10:04:25+00:00","dateModified":"2023-07-19T11:25:25+00:00","mainEntityOfPage":{"@id":"https:\/\/www.churbayportillo.com\/blog\/2008\/03\/31\/para-que-sirven-las-camaras-de-comercio\/"},"wordCount":315,"commentCount":44,"publisher":{"@id":"https:\/\/www.churbayportillo.com\/blog\/#organization"},"image":{"@id":"https:\/\/www.churbayportillo.com\/blog\/2008\/03\/31\/para-que-sirven-las-camaras-de-comercio\/#primaryimage"},"thumbnailUrl":"https:\/\/screto.s3.amazonaws.com\/uploads\/2008\/02\/comercio.jpg","keywords":["Aut\u00f3nomos","C\u00e1mara de comercio","Espa\u00f1a","Pymes"],"articleSection":["Emprendedores","Encuestas","Pymes"],"inLanguage":"es","potentialAction":[{"@type":"CommentAction","name":"Comment","target":["https:\/\/www.churbayportillo.com\/blog\/2008\/03\/31\/para-que-sirven-las-camaras-de-comercio\/#respond"]}]},{"@type":"WebPage","@id":"https:\/\/www.churbayportillo.com\/blog\/2008\/03\/31\/para-que-sirven-las-camaras-de-comercio\/","url":"https:\/\/www.churbayportillo.com\/blog\/2008\/03\/31\/para-que-sirven-las-camaras-de-comercio\/","name":"\u00bfPara qu\u00e9 sirven las C\u00e1maras de Comercio? - El Secreto de las Pymes que crecen","isPartOf":{"@id":"https:\/\/www.churbayportillo.com\/blog\/#website"},"primaryImageOfPage":{"@id":"https:\/\/www.churbayportillo.com\/blog\/2008\/03\/31\/para-que-sirven-las-camaras-de-comercio\/#primaryimage"},"image":{"@id":"https:\/\/www.churbayportillo.com\/blog\/2008\/03\/31\/para-que-sirven-las-camaras-de-comercio\/#primaryimage"},"thumbnailUrl":"https:\/\/screto.s3.amazonaws.com\/uploads\/2008\/02\/comercio.jpg","datePublished":"2008-03-31T10:04:25+00:00","dateModified":"2023-07-19T11:25:25+00:00","breadcrumb":{"@id":"https:\/\/www.churbayportillo.com\/blog\/2008\/03\/31\/para-que-sirven-las-camaras-de-comercio\/#breadcrumb"},"inLanguage":"es","potentialAction":[{"@type":"ReadAction","target":["https:\/\/www.churbayportillo.com\/blog\/2008\/03\/31\/para-que-sirven-las-camaras-de-comercio\/"]}]},{"@type":"ImageObject","inLanguage":"es","@id":"https:\/\/www.churbayportillo.com\/blog\/2008\/03\/31\/para-que-sirven-las-camaras-de-comercio\/#primaryimage","url":"https:\/\/screto.s3.amazonaws.com\/uploads\/2008\/02\/comercio.jpg","contentUrl":"https:\/\/screto.s3.amazonaws.com\/uploads\/2008\/02\/comercio.jpg"},{"@type":"BreadcrumbList","@id":"https:\/\/www.churbayportillo.com\/blog\/2008\/03\/31\/para-que-sirven-las-camaras-de-comercio\/#breadcrumb","itemListElement":[{"@type":"ListItem","position":1,"name":"Portada","item":"https:\/\/www.churbayportillo.com\/blog\/"},{"@type":"ListItem","position":2,"name":"\u00bfPara qu\u00e9 sirven las C\u00e1maras de Comercio?"}]},{"@type":"WebSite","@id":"https:\/\/www.churbayportillo.com\/blog\/#website","url":"https:\/\/www.churbayportillo.com\/blog\/","name":"El Secreto de las Pymes que crecen","description":"Informaci\u00f3n y consejos para vender m\u00e1s","publisher":{"@id":"https:\/\/www.churbayportillo.com\/blog\/#organization"},"potentialAction":[{"@type":"SearchAction","target":{"@type":"EntryPoint","urlTemplate":"https:\/\/www.churbayportillo.com\/blog\/?s={search_term_string}"},"query-input":{"@type":"PropertyValueSpecification","valueRequired":true,"valueName":"search_term_string"}}],"inLanguage":"es"},{"@type":"Organization","@id":"https:\/\/www.churbayportillo.com\/blog\/#organization","name":"El Secreto de las Pymes que crecen","url":"https:\/\/www.churbayportillo.com\/blog\/","logo":{"@type":"ImageObject","inLanguage":"es","@id":"https:\/\/www.churbayportillo.com\/blog\/#\/schema\/logo\/image\/","url":"https:\/\/www.churbayportillo.com\/blog\/wp-content\/uploads\/2021\/12\/logo.png","contentUrl":"https:\/\/www.churbayportillo.com\/blog\/wp-content\/uploads\/2021\/12\/logo.png","width":599,"height":109,"caption":"El Secreto de las Pymes que crecen"},"image":{"@id":"https:\/\/www.churbayportillo.com\/blog\/#\/schema\/logo\/image\/"},"sameAs":["https:\/\/www.facebook.com\/churbayportillo","https:\/\/x.com\/elsecreto"]},{"@type":"Person","@id":"https:\/\/www.churbayportillo.com\/blog\/#\/schema\/person\/0c5d32e09053a4fac1dfa9b5dab09c4e","name":"Angeles Portillo","image":{"@type":"ImageObject","inLanguage":"es","@id":"https:\/\/secure.gravatar.com\/avatar\/44802163242372e66b9387e20041135d7204b42390aa96a0899b4b1334bacb9f?s=96&d=mm&r=g","url":"https:\/\/secure.gravatar.com\/avatar\/44802163242372e66b9387e20041135d7204b42390aa96a0899b4b1334bacb9f?s=96&d=mm&r=g","contentUrl":"https:\/\/secure.gravatar.com\/avatar\/44802163242372e66b9387e20041135d7204b42390aa96a0899b4b1334bacb9f?s=96&d=mm&r=g","caption":"Angeles Portillo"},"description":"Angeles Portillo es cofundadora de Churba &amp; Portillo, empresa de comunicaci\u00f3n y publicidad especializada en WordPress y consultor\u00eda de Internet.","sameAs":["https:\/\/www.churbayportillo.com\/blog\/"],"url":"https:\/\/www.churbayportillo.com\/blog\/author\/angeles\/"}]}},"jetpack_publicize_connections":[],"jetpack_featured_media_url":"","jetpack-related-posts":[{"id":1029,"url":"https:\/\/www.churbayportillo.com\/blog\/2010\/01\/08\/habra-que-seguir-pagando-el-impuesto-revolucionario-a-las-camaras-de-comercio\/","url_meta":{"origin":353,"position":0},"title":"Habr\u00e1 que seguir pagando el impuesto revolucionario a las C\u00e1maras de Comercio","author":"Jorge Churba","date":"8 enero 2010","format":false,"excerpt":"Parece que el gobierno ha decidido que pymes y aut\u00f3nomos vamos a tener que seguir pagando el impuesto revolucionario a las C\u00e1maras de Comercio. El impuesto revolucionario a las C\u00e1maras de Comercio es una obligaci\u00f3n legal que debemos cumplir aut\u00f3nomos y pymes que no tenemos el derecho de decidir libremente\u2026","rel":"","context":"En \u00abEmprendedores\u00bb","block_context":{"text":"Emprendedores","link":"https:\/\/www.churbayportillo.com\/blog\/category\/emprendedores\/"},"img":{"alt_text":"nuestro dinero","src":"https:\/\/i0.wp.com\/screto.s3.amazonaws.com\/uploads\/2010\/01\/nuestro-dinero.jpg?resize=350%2C200&ssl=1","width":350,"height":200},"classes":[]},{"id":11884,"url":"https:\/\/www.churbayportillo.com\/blog\/2010\/12\/01\/adios-camaras-de-comercio\/","url_meta":{"origin":353,"position":1},"title":"Adi\u00f3s C\u00e1maras de Comercio","author":"Jorge Churba","date":"1 diciembre 2010","format":false,"excerpt":"El presidente Jos\u00e9 Luis Rodr\u00edguez Zapatero acaba de anunciar que se va a eliminar la obligatoriedad de la cuota a las c\u00e1maras de comercio para todas las empresas. Ya era hora. No porque sea realmente una medida que favorezca la inversi\u00f3n econ\u00f3mica y el empleo en el \u00e1mbito de las\u2026","rel":"","context":"En \u00abEmprendedores\u00bb","block_context":{"text":"Emprendedores","link":"https:\/\/www.churbayportillo.com\/blog\/category\/emprendedores\/"},"img":{"alt_text":"C\u00e1maras de comercio","src":"https:\/\/i0.wp.com\/screto.s3.amazonaws.com\/uploads\/2010\/12\/camaras.gif?resize=350%2C200&ssl=1","width":350,"height":200},"classes":[]},{"id":1592,"url":"https:\/\/www.churbayportillo.com\/blog\/2008\/12\/03\/impuestos-ocultos\/","url_meta":{"origin":353,"position":2},"title":"Impuestos ocultos","author":"Jorge Churba","date":"3 diciembre 2008","format":false,"excerpt":"En estos tiempos de crisis todos estamos pendientes de las algunas medidas econ\u00f3micas muy importantes: ayudas, cr\u00e9ditos, avales... Sin embargo, le dedicamos menos atenci\u00f3n a varios factores que gravan a las pymes espa\u00f1olas: innumerables tr\u00e1mites, largu\u00edsimos plazos de pagos, cuotas obligatorias. Son los impuestos ocultos. En 2006, las pymes dedicaban\u2026","rel":"","context":"En \u00abEmprendedores\u00bb","block_context":{"text":"Emprendedores","link":"https:\/\/www.churbayportillo.com\/blog\/category\/emprendedores\/"},"img":{"alt_text":"","src":"https:\/\/i0.wp.com\/screto.s3.amazonaws.com\/uploads\/2008\/12\/impuestos.jpg?resize=350%2C200&ssl=1","width":350,"height":200},"classes":[]},{"id":4079,"url":"https:\/\/www.churbayportillo.com\/blog\/2009\/04\/29\/madrid-1750-millones-en-nuevos-avales-para-pymes-y-autonomos\/","url_meta":{"origin":353,"position":3},"title":"Madrid, 1750 millones en nuevos avales para pymes y aut\u00f3nomos","author":"Jorge Churba","date":"29 abril 2009","format":false,"excerpt":"Un nuevo convenio entre la Comunidad de Madrid, el Banco Popular, CEIM y la C\u00e1mara de Comercio permitir\u00e1 otorgar avales a peque\u00f1as y medianas empresas (pymes) y aut\u00f3nomos por 1.750 millones de euros. Se trata del Programa de apoyo empresarial a las pymes madrile\u00f1as, destinado a mejorar su competitividad, impulsar,\u2026","rel":"","context":"En \u00abAyudas y subvenciones\u00bb","block_context":{"text":"Ayudas y subvenciones","link":"https:\/\/www.churbayportillo.com\/blog\/category\/ayudas-y-subvenciones\/"},"img":{"alt_text":"","src":"","width":0,"height":0},"classes":[]},{"id":8065,"url":"https:\/\/www.churbayportillo.com\/blog\/2010\/02\/01\/pymes-madrid-12-millones-en-ayudas-al-comercio-y-la-hosteleria\/","url_meta":{"origin":353,"position":4},"title":"Pymes Madrid: 12 millones en ayudas al comercio y la hosteler\u00eda","author":"Jorge Churba","date":"1 febrero 2010","format":false,"excerpt":"En 2010, la Comunidad de Madrid en colaboraci\u00f3n con la C\u00e1mara de Comercio, pondr\u00e1 a disposici\u00f3n de las pymes del comercio y la hosteler\u00eda cerca de 12 millones de euros en ayudas. Este dinero deber\u00e1 destinarse a reformas en locales comerciales, adquisici\u00f3n de nuevos equipos tecnol\u00f3gicos e incorporaci\u00f3n de medidas\u2026","rel":"","context":"En \u00abAyudas y subvenciones\u00bb","block_context":{"text":"Ayudas y subvenciones","link":"https:\/\/www.churbayportillo.com\/blog\/category\/ayudas-y-subvenciones\/"},"img":{"alt_text":"","src":"","width":0,"height":0},"classes":[]},{"id":435,"url":"https:\/\/www.churbayportillo.com\/blog\/2008\/06\/12\/erasmus-para-jovenes-empresarios\/","url_meta":{"origin":353,"position":5},"title":"Erasmus para j\u00f3venes empresarios","author":"Jorge Churba","date":"12 junio 2008","format":false,"excerpt":"Un programa de la Comisi\u00f3n Europea dotado con 2.850.000 \u20ac y cuyo prop\u00f3sito es conceder subvenciones que permitan a los nuevos empresarios de la UE aprender de empresarios m\u00e1s experimentados en otros Estados miembros con vistas a facilitar el intercambio de experiencias y la creaci\u00f3n de redes. El objetivo de\u2026","rel":"","context":"En \u00abAyudas y subvenciones\u00bb","block_context":{"text":"Ayudas y subvenciones","link":"https:\/\/www.churbayportillo.com\/blog\/category\/ayudas-y-subvenciones\/"},"img":{"alt_text":"","src":"","width":0,"height":0},"classes":[]}],"jetpack_sharing_enabled":true,"_links":{"self":[{"href":"https:\/\/www.churbayportillo.com\/blog\/wp-json\/wp\/v2\/posts\/353","targetHints":{"allow":["GET"]}}],"collection":[{"href":"https:\/\/www.churbayportillo.com\/blog\/wp-json\/wp\/v2\/posts"}],"about":[{"href":"https:\/\/www.churbayportillo.com\/blog\/wp-json\/wp\/v2\/types\/post"}],"author":[{"embeddable":true,"href":"https:\/\/www.churbayportillo.com\/blog\/wp-json\/wp\/v2\/users\/2"}],"replies":[{"embeddable":true,"href":"https:\/\/www.churbayportillo.com\/blog\/wp-json\/wp\/v2\/comments?post=353"}],"version-history":[{"count":0,"href":"https:\/\/www.churbayportillo.com\/blog\/wp-json\/wp\/v2\/posts\/353\/revisions"}],"wp:attachment":[{"href":"https:\/\/www.churbayportillo.com\/blog\/wp-json\/wp\/v2\/media?parent=353"}],"wp:term":[{"taxonomy":"category","embeddable":true,"href":"https:\/\/www.churbayportillo.com\/blog\/wp-json\/wp\/v2\/categories?post=353"},{"taxonomy":"post_tag","embeddable":true,"href":"https:\/\/www.churbayportillo.com\/blog\/wp-json\/wp\/v2\/tags?post=353"}],"curies":[{"name":"wp","href":"https:\/\/api.w.org\/{rel}","templated":true}]}}