{"id":3937,"date":"2009-04-22T09:50:42","date_gmt":"2009-04-22T07:50:42","guid":{"rendered":"https:\/\/www.churbayportillo.com\/blog\/?p=3937"},"modified":"2022-06-02T12:42:16","modified_gmt":"2022-06-02T10:42:16","slug":"es-hora-de-que-los-politicos-comprendan-la-importancia-de-las-pymes","status":"publish","type":"post","link":"https:\/\/www.churbayportillo.com\/blog\/2009\/04\/22\/es-hora-de-que-los-politicos-comprendan-la-importancia-de-las-pymes\/","title":{"rendered":"Es hora de que los pol\u00edticos comprendan la importancia de las pymes"},"content":{"rendered":"<p>Ayer el Congreso de los Diputados aprob\u00f3 una iniciativa por la que se insta al Gobierno a permitir que las peque\u00f1as y medianas empresas (pymes) y los aut\u00f3nomos no paguemos el IVA por las facturas que tenemos pendientes de cobrar.<!--more--><\/p>\n<p>Hace s\u00f3lo unos d\u00edas, el presidente del gobierno, Jos\u00e9 Luis Rodr\u00edguez Zapatero, anunci\u00f3 una <a title=\"3.000 millones para las pymes\" href=\"https:\/\/www.churbayportillo.com\/blog\/2009\/04\/20\/3000-millones-para-las-pymes\/\">nueva l\u00ednea de avales del ICO<\/a>, por importe de 3.000 millones, destinada a garantizar el cobro de facturas que deben los ayuntamientos.<\/p>\n<p>Ambas medidas son de agradecer, pero ambas demuestran la pesada losa que aplasta a las peque\u00f1as y medianas empresas espa\u00f1olas: <a title=\"Impuestos ocultos\" href=\"https:\/\/www.churbayportillo.com\/blog\/2008\/12\/03\/impuestos-ocultos\/\">las pymes financiamos gratis a la administraci\u00f3n<\/a>.<\/p>\n<p>Dicen que la crisis es una oportunidad para el cambio y ser\u00eda bueno que tambi\u00e9n los pol\u00edticos lo , y en lugar de poner parches que alivien la injusta situaci\u00f3n de las pymes, tomaran medidas de fondo para impulsar el desarrollo de las peque\u00f1as y medianas empresas.<\/p>\n<p>Porque las pymes somos el 98% de las empresas espa\u00f1olas y somos fundamentales en la creaci\u00f3n de empleo y en desarrollo de este pa\u00eds.<\/p>\n","protected":false},"excerpt":{"rendered":"<p>Ayer el Congreso de los Diputados aprob\u00f3 una iniciativa por la que se insta al Gobierno a permitir que las peque\u00f1as y medianas empresas (pymes) y los aut\u00f3nomos no paguemos el IVA por las facturas &#8230; <a title=\"Es hora de que los pol\u00edticos comprendan la importancia de las pymes\" class=\"read-more\" href=\"https:\/\/www.churbayportillo.com\/blog\/2009\/04\/22\/es-hora-de-que-los-politicos-comprendan-la-importancia-de-las-pymes\/\" aria-label=\"Leer m\u00e1s sobre Es hora de que los pol\u00edticos comprendan la importancia de las pymes\">Leer m\u00e1s<\/a><\/p>\n","protected":false},"author":3,"featured_media":0,"comment_status":"open","ping_status":"open","sticky":false,"template":"","format":"standard","meta":{"_jetpack_memberships_contains_paid_content":false,"footnotes":"","jetpack_publicize_message":"","jetpack_publicize_feature_enabled":true,"jetpack_social_post_already_shared":false,"jetpack_social_options":{"image_generator_settings":{"template":"highway","default_image_id":0,"font":"","enabled":false},"version":2}},"categories":[4,10,11],"tags":[723,694,704,498,993],"class_list":["post-3937","post","type-post","status-publish","format-standard","hentry","category-ayudas-y-subvenciones","category-emprendedores","category-pymes","tag-autonomos","tag-crisis","tag-empresas","tag-impuestos","tag-pymes"],"yoast_head":"<!-- This site is optimized with the Yoast SEO plugin v27.2 - https:\/\/yoast.com\/product\/yoast-seo-wordpress\/ -->\n<title>Es hora de que los pol\u00edticos comprendan la importancia de las pymes - El Secreto de las Pymes que crecen<\/title>\n<meta name=\"robots\" content=\"index, follow, max-snippet:-1, max-image-preview:large, max-video-preview:-1\" \/>\n<link rel=\"canonical\" href=\"https:\/\/www.churbayportillo.com\/blog\/2009\/04\/22\/es-hora-de-que-los-politicos-comprendan-la-importancia-de-las-pymes\/\" \/>\n<meta property=\"og:locale\" content=\"es_ES\" \/>\n<meta property=\"og:type\" content=\"article\" \/>\n<meta property=\"og:title\" content=\"Es hora de que los pol\u00edticos comprendan la importancia de las pymes - El Secreto de las Pymes que crecen\" \/>\n<meta property=\"og:description\" content=\"Ayer el Congreso de los Diputados aprob\u00f3 una iniciativa por la que se insta al Gobierno a permitir que las peque\u00f1as y medianas empresas (pymes) y los aut\u00f3nomos no paguemos el IVA por las facturas ... Leer m\u00e1s\" \/>\n<meta property=\"og:url\" content=\"https:\/\/www.churbayportillo.com\/blog\/2009\/04\/22\/es-hora-de-que-los-politicos-comprendan-la-importancia-de-las-pymes\/\" \/>\n<meta property=\"og:site_name\" content=\"El Secreto de las Pymes que crecen\" \/>\n<meta property=\"article:publisher\" content=\"https:\/\/www.facebook.com\/churbayportillo\" \/>\n<meta property=\"article:published_time\" content=\"2009-04-22T07:50:42+00:00\" \/>\n<meta property=\"article:modified_time\" content=\"2022-06-02T10:42:16+00:00\" \/>\n<meta name=\"author\" content=\"Jorge Churba\" \/>\n<meta name=\"twitter:card\" content=\"summary_large_image\" \/>\n<meta name=\"twitter:creator\" content=\"@elsecreto\" \/>\n<meta name=\"twitter:site\" content=\"@elsecreto\" \/>\n<meta name=\"twitter:label1\" content=\"Escrito por\" \/>\n\t<meta name=\"twitter:data1\" content=\"Jorge Churba\" \/>\n\t<meta name=\"twitter:label2\" content=\"Tiempo de lectura\" \/>\n\t<meta name=\"twitter:data2\" content=\"1 minuto\" \/>\n<script type=\"application\/ld+json\" class=\"yoast-schema-graph\">{\"@context\":\"https:\/\/schema.org\",\"@graph\":[{\"@type\":\"Article\",\"@id\":\"https:\/\/www.churbayportillo.com\/blog\/2009\/04\/22\/es-hora-de-que-los-politicos-comprendan-la-importancia-de-las-pymes\/#article\",\"isPartOf\":{\"@id\":\"https:\/\/www.churbayportillo.com\/blog\/2009\/04\/22\/es-hora-de-que-los-politicos-comprendan-la-importancia-de-las-pymes\/\"},\"author\":{\"name\":\"Jorge Churba\",\"@id\":\"https:\/\/www.churbayportillo.com\/blog\/#\/schema\/person\/327f5e9fbcbeeb46bb1a6a1b69a3136b\"},\"headline\":\"Es hora de que los pol\u00edticos comprendan la importancia de las pymes\",\"datePublished\":\"2009-04-22T07:50:42+00:00\",\"dateModified\":\"2022-06-02T10:42:16+00:00\",\"mainEntityOfPage\":{\"@id\":\"https:\/\/www.churbayportillo.com\/blog\/2009\/04\/22\/es-hora-de-que-los-politicos-comprendan-la-importancia-de-las-pymes\/\"},\"wordCount\":201,\"commentCount\":1,\"publisher\":{\"@id\":\"https:\/\/www.churbayportillo.com\/blog\/#organization\"},\"keywords\":[\"Aut\u00f3nomos\",\"Crisis\",\"Empresas\",\"impuestos\",\"Pymes\"],\"articleSection\":[\"Ayudas y subvenciones\",\"Emprendedores\",\"Pymes\"],\"inLanguage\":\"es\",\"potentialAction\":[{\"@type\":\"CommentAction\",\"name\":\"Comment\",\"target\":[\"https:\/\/www.churbayportillo.com\/blog\/2009\/04\/22\/es-hora-de-que-los-politicos-comprendan-la-importancia-de-las-pymes\/#respond\"]}]},{\"@type\":\"WebPage\",\"@id\":\"https:\/\/www.churbayportillo.com\/blog\/2009\/04\/22\/es-hora-de-que-los-politicos-comprendan-la-importancia-de-las-pymes\/\",\"url\":\"https:\/\/www.churbayportillo.com\/blog\/2009\/04\/22\/es-hora-de-que-los-politicos-comprendan-la-importancia-de-las-pymes\/\",\"name\":\"Es hora de que los pol\u00edticos comprendan la importancia de las pymes - El Secreto de las Pymes que crecen\",\"isPartOf\":{\"@id\":\"https:\/\/www.churbayportillo.com\/blog\/#website\"},\"datePublished\":\"2009-04-22T07:50:42+00:00\",\"dateModified\":\"2022-06-02T10:42:16+00:00\",\"breadcrumb\":{\"@id\":\"https:\/\/www.churbayportillo.com\/blog\/2009\/04\/22\/es-hora-de-que-los-politicos-comprendan-la-importancia-de-las-pymes\/#breadcrumb\"},\"inLanguage\":\"es\",\"potentialAction\":[{\"@type\":\"ReadAction\",\"target\":[\"https:\/\/www.churbayportillo.com\/blog\/2009\/04\/22\/es-hora-de-que-los-politicos-comprendan-la-importancia-de-las-pymes\/\"]}]},{\"@type\":\"BreadcrumbList\",\"@id\":\"https:\/\/www.churbayportillo.com\/blog\/2009\/04\/22\/es-hora-de-que-los-politicos-comprendan-la-importancia-de-las-pymes\/#breadcrumb\",\"itemListElement\":[{\"@type\":\"ListItem\",\"position\":1,\"name\":\"Portada\",\"item\":\"https:\/\/www.churbayportillo.com\/blog\/\"},{\"@type\":\"ListItem\",\"position\":2,\"name\":\"Es hora de que los pol\u00edticos comprendan la importancia de las pymes\"}]},{\"@type\":\"WebSite\",\"@id\":\"https:\/\/www.churbayportillo.com\/blog\/#website\",\"url\":\"https:\/\/www.churbayportillo.com\/blog\/\",\"name\":\"El Secreto de las Pymes que crecen\",\"description\":\"Informaci\u00f3n y consejos para vender m\u00e1s\",\"publisher\":{\"@id\":\"https:\/\/www.churbayportillo.com\/blog\/#organization\"},\"potentialAction\":[{\"@type\":\"SearchAction\",\"target\":{\"@type\":\"EntryPoint\",\"urlTemplate\":\"https:\/\/www.churbayportillo.com\/blog\/?s={search_term_string}\"},\"query-input\":{\"@type\":\"PropertyValueSpecification\",\"valueRequired\":true,\"valueName\":\"search_term_string\"}}],\"inLanguage\":\"es\"},{\"@type\":\"Organization\",\"@id\":\"https:\/\/www.churbayportillo.com\/blog\/#organization\",\"name\":\"El Secreto de las Pymes que crecen\",\"url\":\"https:\/\/www.churbayportillo.com\/blog\/\",\"logo\":{\"@type\":\"ImageObject\",\"inLanguage\":\"es\",\"@id\":\"https:\/\/www.churbayportillo.com\/blog\/#\/schema\/logo\/image\/\",\"url\":\"https:\/\/www.churbayportillo.com\/blog\/wp-content\/uploads\/2021\/12\/logo.png\",\"contentUrl\":\"https:\/\/www.churbayportillo.com\/blog\/wp-content\/uploads\/2021\/12\/logo.png\",\"width\":599,\"height\":109,\"caption\":\"El Secreto de las Pymes que crecen\"},\"image\":{\"@id\":\"https:\/\/www.churbayportillo.com\/blog\/#\/schema\/logo\/image\/\"},\"sameAs\":[\"https:\/\/www.facebook.com\/churbayportillo\",\"https:\/\/x.com\/elsecreto\"]},{\"@type\":\"Person\",\"@id\":\"https:\/\/www.churbayportillo.com\/blog\/#\/schema\/person\/327f5e9fbcbeeb46bb1a6a1b69a3136b\",\"name\":\"Jorge Churba\",\"image\":{\"@type\":\"ImageObject\",\"inLanguage\":\"es\",\"@id\":\"https:\/\/secure.gravatar.com\/avatar\/c5f9205dc97a66e1143b707b76fe364da0a694698284e0bc4f5629e814e5ee66?s=96&d=mm&r=g\",\"url\":\"https:\/\/secure.gravatar.com\/avatar\/c5f9205dc97a66e1143b707b76fe364da0a694698284e0bc4f5629e814e5ee66?s=96&d=mm&r=g\",\"contentUrl\":\"https:\/\/secure.gravatar.com\/avatar\/c5f9205dc97a66e1143b707b76fe364da0a694698284e0bc4f5629e814e5ee66?s=96&d=mm&r=g\",\"caption\":\"Jorge Churba\"},\"description\":\"Me comunico, luego existo. Autor del Diccionario Pr\u00e1ctico de Internet para Emprendedores. Fundador de Churba &amp; Portillo y trabajador en Internet. S\u00edgueme en Twitter\",\"sameAs\":[\"https:\/\/www.churbayportillo.com\/blog\"],\"url\":\"https:\/\/www.churbayportillo.com\/blog\/author\/jorge\/\"}]}<\/script>\n<!-- \/ Yoast SEO plugin. -->","yoast_head_json":{"title":"Es hora de que los pol\u00edticos comprendan la importancia de las pymes - El Secreto de las Pymes que crecen","robots":{"index":"index","follow":"follow","max-snippet":"max-snippet:-1","max-image-preview":"max-image-preview:large","max-video-preview":"max-video-preview:-1"},"canonical":"https:\/\/www.churbayportillo.com\/blog\/2009\/04\/22\/es-hora-de-que-los-politicos-comprendan-la-importancia-de-las-pymes\/","og_locale":"es_ES","og_type":"article","og_title":"Es hora de que los pol\u00edticos comprendan la importancia de las pymes - El Secreto de las Pymes que crecen","og_description":"Ayer el Congreso de los Diputados aprob\u00f3 una iniciativa por la que se insta al Gobierno a permitir que las peque\u00f1as y medianas empresas (pymes) y los aut\u00f3nomos no paguemos el IVA por las facturas ... Leer m\u00e1s","og_url":"https:\/\/www.churbayportillo.com\/blog\/2009\/04\/22\/es-hora-de-que-los-politicos-comprendan-la-importancia-de-las-pymes\/","og_site_name":"El Secreto de las Pymes que crecen","article_publisher":"https:\/\/www.facebook.com\/churbayportillo","article_published_time":"2009-04-22T07:50:42+00:00","article_modified_time":"2022-06-02T10:42:16+00:00","author":"Jorge Churba","twitter_card":"summary_large_image","twitter_creator":"@elsecreto","twitter_site":"@elsecreto","twitter_misc":{"Escrito por":"Jorge Churba","Tiempo de lectura":"1 minuto"},"schema":{"@context":"https:\/\/schema.org","@graph":[{"@type":"Article","@id":"https:\/\/www.churbayportillo.com\/blog\/2009\/04\/22\/es-hora-de-que-los-politicos-comprendan-la-importancia-de-las-pymes\/#article","isPartOf":{"@id":"https:\/\/www.churbayportillo.com\/blog\/2009\/04\/22\/es-hora-de-que-los-politicos-comprendan-la-importancia-de-las-pymes\/"},"author":{"name":"Jorge Churba","@id":"https:\/\/www.churbayportillo.com\/blog\/#\/schema\/person\/327f5e9fbcbeeb46bb1a6a1b69a3136b"},"headline":"Es hora de que los pol\u00edticos comprendan la importancia de las pymes","datePublished":"2009-04-22T07:50:42+00:00","dateModified":"2022-06-02T10:42:16+00:00","mainEntityOfPage":{"@id":"https:\/\/www.churbayportillo.com\/blog\/2009\/04\/22\/es-hora-de-que-los-politicos-comprendan-la-importancia-de-las-pymes\/"},"wordCount":201,"commentCount":1,"publisher":{"@id":"https:\/\/www.churbayportillo.com\/blog\/#organization"},"keywords":["Aut\u00f3nomos","Crisis","Empresas","impuestos","Pymes"],"articleSection":["Ayudas y subvenciones","Emprendedores","Pymes"],"inLanguage":"es","potentialAction":[{"@type":"CommentAction","name":"Comment","target":["https:\/\/www.churbayportillo.com\/blog\/2009\/04\/22\/es-hora-de-que-los-politicos-comprendan-la-importancia-de-las-pymes\/#respond"]}]},{"@type":"WebPage","@id":"https:\/\/www.churbayportillo.com\/blog\/2009\/04\/22\/es-hora-de-que-los-politicos-comprendan-la-importancia-de-las-pymes\/","url":"https:\/\/www.churbayportillo.com\/blog\/2009\/04\/22\/es-hora-de-que-los-politicos-comprendan-la-importancia-de-las-pymes\/","name":"Es hora de que los pol\u00edticos comprendan la importancia de las pymes - El Secreto de las Pymes que crecen","isPartOf":{"@id":"https:\/\/www.churbayportillo.com\/blog\/#website"},"datePublished":"2009-04-22T07:50:42+00:00","dateModified":"2022-06-02T10:42:16+00:00","breadcrumb":{"@id":"https:\/\/www.churbayportillo.com\/blog\/2009\/04\/22\/es-hora-de-que-los-politicos-comprendan-la-importancia-de-las-pymes\/#breadcrumb"},"inLanguage":"es","potentialAction":[{"@type":"ReadAction","target":["https:\/\/www.churbayportillo.com\/blog\/2009\/04\/22\/es-hora-de-que-los-politicos-comprendan-la-importancia-de-las-pymes\/"]}]},{"@type":"BreadcrumbList","@id":"https:\/\/www.churbayportillo.com\/blog\/2009\/04\/22\/es-hora-de-que-los-politicos-comprendan-la-importancia-de-las-pymes\/#breadcrumb","itemListElement":[{"@type":"ListItem","position":1,"name":"Portada","item":"https:\/\/www.churbayportillo.com\/blog\/"},{"@type":"ListItem","position":2,"name":"Es hora de que los pol\u00edticos comprendan la importancia de las pymes"}]},{"@type":"WebSite","@id":"https:\/\/www.churbayportillo.com\/blog\/#website","url":"https:\/\/www.churbayportillo.com\/blog\/","name":"El Secreto de las Pymes que crecen","description":"Informaci\u00f3n y consejos para vender m\u00e1s","publisher":{"@id":"https:\/\/www.churbayportillo.com\/blog\/#organization"},"potentialAction":[{"@type":"SearchAction","target":{"@type":"EntryPoint","urlTemplate":"https:\/\/www.churbayportillo.com\/blog\/?s={search_term_string}"},"query-input":{"@type":"PropertyValueSpecification","valueRequired":true,"valueName":"search_term_string"}}],"inLanguage":"es"},{"@type":"Organization","@id":"https:\/\/www.churbayportillo.com\/blog\/#organization","name":"El Secreto de las Pymes que crecen","url":"https:\/\/www.churbayportillo.com\/blog\/","logo":{"@type":"ImageObject","inLanguage":"es","@id":"https:\/\/www.churbayportillo.com\/blog\/#\/schema\/logo\/image\/","url":"https:\/\/www.churbayportillo.com\/blog\/wp-content\/uploads\/2021\/12\/logo.png","contentUrl":"https:\/\/www.churbayportillo.com\/blog\/wp-content\/uploads\/2021\/12\/logo.png","width":599,"height":109,"caption":"El Secreto de las Pymes que crecen"},"image":{"@id":"https:\/\/www.churbayportillo.com\/blog\/#\/schema\/logo\/image\/"},"sameAs":["https:\/\/www.facebook.com\/churbayportillo","https:\/\/x.com\/elsecreto"]},{"@type":"Person","@id":"https:\/\/www.churbayportillo.com\/blog\/#\/schema\/person\/327f5e9fbcbeeb46bb1a6a1b69a3136b","name":"Jorge Churba","image":{"@type":"ImageObject","inLanguage":"es","@id":"https:\/\/secure.gravatar.com\/avatar\/c5f9205dc97a66e1143b707b76fe364da0a694698284e0bc4f5629e814e5ee66?s=96&d=mm&r=g","url":"https:\/\/secure.gravatar.com\/avatar\/c5f9205dc97a66e1143b707b76fe364da0a694698284e0bc4f5629e814e5ee66?s=96&d=mm&r=g","contentUrl":"https:\/\/secure.gravatar.com\/avatar\/c5f9205dc97a66e1143b707b76fe364da0a694698284e0bc4f5629e814e5ee66?s=96&d=mm&r=g","caption":"Jorge Churba"},"description":"Me comunico, luego existo. Autor del Diccionario Pr\u00e1ctico de Internet para Emprendedores. Fundador de Churba &amp; Portillo y trabajador en Internet. S\u00edgueme en Twitter","sameAs":["https:\/\/www.churbayportillo.com\/blog"],"url":"https:\/\/www.churbayportillo.com\/blog\/author\/jorge\/"}]}},"jetpack_publicize_connections":[],"jetpack_featured_media_url":"","jetpack-related-posts":[{"id":3915,"url":"https:\/\/www.churbayportillo.com\/blog\/2009\/04\/20\/3000-millones-para-las-pymes\/","url_meta":{"origin":3937,"position":0},"title":"3.000 millones para las pymes","author":"Jorge Churba","date":"20 abril 2009","format":false,"excerpt":"El presidente Zapatero anunci\u00f3 lo que el Congreso hab\u00eda aprobado por unanimidad: una nueva l\u00ednea de avales del ICO, por importe de 3.000 millones, destinada a garantizar el cobro de facturas que deben los ayuntamientos. Se trata de facilitar as\u00ed que la banca descuente las facturas, pero la pregunta es:\u2026","rel":"","context":"En \u00abAyudas y subvenciones\u00bb","block_context":{"text":"Ayudas y subvenciones","link":"https:\/\/www.churbayportillo.com\/blog\/category\/ayudas-y-subvenciones\/"},"img":{"alt_text":"","src":"","width":0,"height":0},"classes":[]},{"id":15125,"url":"https:\/\/www.churbayportillo.com\/blog\/2011\/10\/20\/el-parlamento-europeo-quiere-eliminar-el-iva-para-pymes-y-ongs\/","url_meta":{"origin":3937,"position":1},"title":"El Parlamento Europeo quiere eliminar el IVA para pymes y ONGs","author":"Jorge Churba","date":"20 octubre 2011","format":false,"excerpt":"Hace una semana, la Euroc\u00e1mara ha aprobado un informe en el que pide a la Comisi\u00f3n que estudie exonerar del IVA a las organizaciones sin \u00e1nimo de lucro y propone la creaci\u00f3n de un umbral de exenci\u00f3n de este impuesto para todas las pymes. Si tienes una peque\u00f1a empresa ya\u2026","rel":"","context":"En \u00abPymes\u00bb","block_context":{"text":"Pymes","link":"https:\/\/www.churbayportillo.com\/blog\/category\/pymes\/"},"img":{"alt_text":"Levantando pesas","src":"https:\/\/i0.wp.com\/screto.s3.amazonaws.com\/uploads\/2011\/10\/Levantando-pesas.jpg?resize=350%2C200&ssl=1","width":350,"height":200},"classes":[]},{"id":15726,"url":"https:\/\/www.churbayportillo.com\/blog\/2011\/12\/13\/esta-bancocracia-condena-a-pymes-y-autonomos-a-la-extincion\/","url_meta":{"origin":3937,"position":2},"title":"Esta bancocracia condena a pymes y aut\u00f3nomos a la extinci\u00f3n","author":"Jorge Churba","date":"13 diciembre 2011","format":false,"excerpt":"Aqu\u00ed mandan los bancos, piensan los ciudadanos espa\u00f1oles, pero lo mismo cree una parte importante de la opini\u00f3n p\u00fablica brit\u00e1nica que habla ya de bancocracia. Y esta bancocracia, vela por lo intereses de los bancos y condena a la extinci\u00f3n a pymes y aut\u00f3nomos. Seg\u00fan la Fundaci\u00f3n Alternativas: En la\u2026","rel":"","context":"En \u00abGeneral\u00bb","block_context":{"text":"General","link":"https:\/\/www.churbayportillo.com\/blog\/category\/general\/"},"img":{"alt_text":"Vota Bot\u00edn","src":"https:\/\/i0.wp.com\/screto.s3.amazonaws.com\/uploads\/2011\/12\/vota-botin.jpg?resize=350%2C200&ssl=1","width":350,"height":200},"classes":[]},{"id":867,"url":"https:\/\/www.churbayportillo.com\/blog\/2008\/10\/31\/ayudamos-a-los-bancos-%c2%bfpero-que-pasa-con-las-pymes\/","url_meta":{"origin":3937,"position":3},"title":"Ayudamos a los bancos, \u00bfpero qu\u00e9 pasa con las pymes?","author":"Jorge Churba","date":"31 octubre 2008","format":false,"excerpt":"Son muchas las voces que se alzan para reclamar que las ayudas que pagamos entre todos para sacar a los bancos de la crisis financiera, lleguen efectivamente a las pymes y aut\u00f3nomos. Es cierto que \u00faltimamente se han anunciado diversas ayudas para las peque\u00f1as y medianas empresas -y que en\u2026","rel":"","context":"En \u00abAyudas y subvenciones\u00bb","block_context":{"text":"Ayudas y subvenciones","link":"https:\/\/www.churbayportillo.com\/blog\/category\/ayudas-y-subvenciones\/"},"img":{"alt_text":"","src":"","width":0,"height":0},"classes":[]},{"id":9197,"url":"https:\/\/www.churbayportillo.com\/blog\/2010\/05\/13\/podran-las-pymes-seguir-manteniendo-el-empleo\/","url_meta":{"origin":3937,"position":4},"title":"\u00bfPodr\u00e1n las pymes seguir manteniendo el empleo?","author":"Jorge Churba","date":"13 mayo 2010","format":false,"excerpt":"Mientras las grandes empresas siguen eliminando puestos de trabajo, las pymes mantienen el empleo estable pese a la crisis. Pero, \u00bfpodr\u00e1n seguir haci\u00e9ndolo en el futuro pr\u00f3ximo? Si t\u00fa eres responsable de una pyme, sabes de qu\u00e9 estoy hablando: vender cuesta mucho, cobrar tambi\u00e9n y conseguir cr\u00e9ditos es muy dif\u00edcil.\u2026","rel":"","context":"En \u00abPymes\u00bb","block_context":{"text":"Pymes","link":"https:\/\/www.churbayportillo.com\/blog\/category\/pymes\/"},"img":{"alt_text":"","src":"https:\/\/i0.wp.com\/screto.s3.amazonaws.com\/uploads\/2010\/05\/se-hunde-el-empleo.jpg?resize=350%2C200&ssl=1","width":350,"height":200},"classes":[]},{"id":3845,"url":"https:\/\/www.churbayportillo.com\/blog\/2009\/04\/15\/extremadura-nuevas-medidas-para-la-financiacion-de-pymes-y-autonomos\/","url_meta":{"origin":3937,"position":5},"title":"Extremadura: nuevas medidas para la financiaci\u00f3n de pymes y aut\u00f3nomos","author":"Jorge Churba","date":"15 abril 2009","format":false,"excerpt":"La Junta de Extremadura, Extraval - la Sociedad de Garant\u00eda Rec\u00edproca Extreme\u00f1a (SGR) de Avales- y cinco entidades financieras -Monte de Piedad y Caja General de Ahorros de Badajoz, Caja Rural de Extremadura, Caja Rural de Almendralejo, Caja de Ahorros de Salamanca y Soria y Caja de Ahorros y Monte\u2026","rel":"","context":"En \u00abAyudas y subvenciones\u00bb","block_context":{"text":"Ayudas y subvenciones","link":"https:\/\/www.churbayportillo.com\/blog\/category\/ayudas-y-subvenciones\/"},"img":{"alt_text":"","src":"","width":0,"height":0},"classes":[]}],"jetpack_sharing_enabled":true,"_links":{"self":[{"href":"https:\/\/www.churbayportillo.com\/blog\/wp-json\/wp\/v2\/posts\/3937","targetHints":{"allow":["GET"]}}],"collection":[{"href":"https:\/\/www.churbayportillo.com\/blog\/wp-json\/wp\/v2\/posts"}],"about":[{"href":"https:\/\/www.churbayportillo.com\/blog\/wp-json\/wp\/v2\/types\/post"}],"author":[{"embeddable":true,"href":"https:\/\/www.churbayportillo.com\/blog\/wp-json\/wp\/v2\/users\/3"}],"replies":[{"embeddable":true,"href":"https:\/\/www.churbayportillo.com\/blog\/wp-json\/wp\/v2\/comments?post=3937"}],"version-history":[{"count":0,"href":"https:\/\/www.churbayportillo.com\/blog\/wp-json\/wp\/v2\/posts\/3937\/revisions"}],"wp:attachment":[{"href":"https:\/\/www.churbayportillo.com\/blog\/wp-json\/wp\/v2\/media?parent=3937"}],"wp:term":[{"taxonomy":"category","embeddable":true,"href":"https:\/\/www.churbayportillo.com\/blog\/wp-json\/wp\/v2\/categories?post=3937"},{"taxonomy":"post_tag","embeddable":true,"href":"https:\/\/www.churbayportillo.com\/blog\/wp-json\/wp\/v2\/tags?post=3937"}],"curies":[{"name":"wp","href":"https:\/\/api.w.org\/{rel}","templated":true}]}}