{"id":431,"date":"2008-06-06T11:36:28","date_gmt":"2008-06-06T09:36:28","guid":{"rendered":"https:\/\/www.churbayportillo.com\/blog\/2008\/06\/06\/mas-usuarios-y-mas-negocios-en-latinoamerica\/"},"modified":"2022-06-02T12:44:07","modified_gmt":"2022-06-02T10:44:07","slug":"mas-usuarios-y-mas-negocios-en-latinoamerica","status":"publish","type":"post","link":"https:\/\/www.churbayportillo.com\/blog\/2008\/06\/06\/mas-usuarios-y-mas-negocios-en-latinoamerica\/","title":{"rendered":"M\u00e1s usuarios y m\u00e1s negocios en Latinoam\u00e9rica"},"content":{"rendered":"<p><img decoding=\"async\" align=\"left\" alt=\"carrito.gif\" class=\"alignleft\" title=\"carrito.gif\" src=\"https:\/\/screto.s3.amazonaws.com\/uploads\/2006\/07\/carrito.gif\" \/>Latinoam\u00e9rica vive una \u00e9poca de gran crecimiento econ\u00f3mico y este <em>boom<\/em> tambi\u00e9n se vive en Internet.<\/p>\n<p>Cada vez hay m\u00e1s usuarios con banda ancha y cada d\u00eda crecen los negocios en Internet.<\/p>\n<p>Lo dijo Gonzalo Alonso, director de la oficina regional de Google en Buenos Aires y lo le\u00edmos en Cronista.com.<\/p>\n","protected":false},"excerpt":{"rendered":"<p>Latinoam\u00e9rica vive una \u00e9poca de gran crecimiento econ\u00f3mico y este boom tambi\u00e9n se vive en Internet. Cada vez hay m\u00e1s usuarios con banda ancha y cada d\u00eda crecen los negocios en Internet. Lo dijo Gonzalo &#8230; <a title=\"M\u00e1s usuarios y m\u00e1s negocios en Latinoam\u00e9rica\" class=\"read-more\" href=\"https:\/\/www.churbayportillo.com\/blog\/2008\/06\/06\/mas-usuarios-y-mas-negocios-en-latinoamerica\/\" aria-label=\"Leer m\u00e1s sobre M\u00e1s usuarios y m\u00e1s negocios en Latinoam\u00e9rica\">Leer m\u00e1s<\/a><\/p>\n","protected":false},"author":3,"featured_media":0,"comment_status":"open","ping_status":"open","sticky":false,"template":"","format":"standard","meta":{"_jetpack_memberships_contains_paid_content":false,"footnotes":"","jetpack_publicize_message":"","jetpack_publicize_feature_enabled":true,"jetpack_social_post_already_shared":false,"jetpack_social_options":{"image_generator_settings":{"template":"highway","default_image_id":0,"font":"","enabled":false},"version":2}},"categories":[9,10,11],"tags":[160,860,202,705,992,704,41,933,210],"class_list":["post-431","post","type-post","status-publish","format-standard","hentry","category-comercio-electronico","category-emprendedores","category-pymes","tag-adsl","tag-banda-ancha-adsl","tag-compra-por-internet","tag-emprendedoras","tag-emprendedores","tag-empresas","tag-google","tag-negocios","tag-negocios-en-internet"],"yoast_head":"<!-- This site is optimized with the Yoast SEO plugin v27.2 - https:\/\/yoast.com\/product\/yoast-seo-wordpress\/ -->\n<title>M\u00e1s usuarios y m\u00e1s negocios en Latinoam\u00e9rica - El Secreto de las Pymes que crecen<\/title>\n<meta name=\"robots\" content=\"index, follow, max-snippet:-1, max-image-preview:large, max-video-preview:-1\" \/>\n<link rel=\"canonical\" href=\"https:\/\/www.churbayportillo.com\/blog\/2008\/06\/06\/mas-usuarios-y-mas-negocios-en-latinoamerica\/\" \/>\n<meta property=\"og:locale\" content=\"es_ES\" \/>\n<meta property=\"og:type\" content=\"article\" \/>\n<meta property=\"og:title\" content=\"M\u00e1s usuarios y m\u00e1s negocios en Latinoam\u00e9rica - El Secreto de las Pymes que crecen\" \/>\n<meta property=\"og:description\" content=\"Latinoam\u00e9rica vive una \u00e9poca de gran crecimiento econ\u00f3mico y este boom tambi\u00e9n se vive en Internet. Cada vez hay m\u00e1s usuarios con banda ancha y cada d\u00eda crecen los negocios en Internet. Lo dijo Gonzalo ... Leer m\u00e1s\" \/>\n<meta property=\"og:url\" content=\"https:\/\/www.churbayportillo.com\/blog\/2008\/06\/06\/mas-usuarios-y-mas-negocios-en-latinoamerica\/\" \/>\n<meta property=\"og:site_name\" content=\"El Secreto de las Pymes que crecen\" \/>\n<meta property=\"article:publisher\" content=\"https:\/\/www.facebook.com\/churbayportillo\" \/>\n<meta property=\"article:published_time\" content=\"2008-06-06T09:36:28+00:00\" \/>\n<meta property=\"article:modified_time\" content=\"2022-06-02T10:44:07+00:00\" \/>\n<meta property=\"og:image\" content=\"https:\/\/screto.s3.amazonaws.com\/uploads\/2006\/07\/carrito.gif\" \/>\n<meta name=\"author\" content=\"Jorge Churba\" \/>\n<meta name=\"twitter:card\" content=\"summary_large_image\" \/>\n<meta name=\"twitter:creator\" content=\"@elsecreto\" \/>\n<meta name=\"twitter:site\" content=\"@elsecreto\" \/>\n<meta name=\"twitter:label1\" content=\"Escrito por\" \/>\n\t<meta name=\"twitter:data1\" content=\"Jorge Churba\" \/>\n<script type=\"application\/ld+json\" class=\"yoast-schema-graph\">{\"@context\":\"https:\/\/schema.org\",\"@graph\":[{\"@type\":\"Article\",\"@id\":\"https:\/\/www.churbayportillo.com\/blog\/2008\/06\/06\/mas-usuarios-y-mas-negocios-en-latinoamerica\/#article\",\"isPartOf\":{\"@id\":\"https:\/\/www.churbayportillo.com\/blog\/2008\/06\/06\/mas-usuarios-y-mas-negocios-en-latinoamerica\/\"},\"author\":{\"name\":\"Jorge Churba\",\"@id\":\"https:\/\/www.churbayportillo.com\/blog\/#\/schema\/person\/327f5e9fbcbeeb46bb1a6a1b69a3136b\"},\"headline\":\"M\u00e1s usuarios y m\u00e1s negocios en Latinoam\u00e9rica\",\"datePublished\":\"2008-06-06T09:36:28+00:00\",\"dateModified\":\"2022-06-02T10:44:07+00:00\",\"mainEntityOfPage\":{\"@id\":\"https:\/\/www.churbayportillo.com\/blog\/2008\/06\/06\/mas-usuarios-y-mas-negocios-en-latinoamerica\/\"},\"wordCount\":68,\"commentCount\":1,\"publisher\":{\"@id\":\"https:\/\/www.churbayportillo.com\/blog\/#organization\"},\"image\":{\"@id\":\"https:\/\/www.churbayportillo.com\/blog\/2008\/06\/06\/mas-usuarios-y-mas-negocios-en-latinoamerica\/#primaryimage\"},\"thumbnailUrl\":\"https:\/\/screto.s3.amazonaws.com\/uploads\/2006\/07\/carrito.gif\",\"keywords\":[\"ADSL\",\"banda ancha adsl\",\"Compra por internet\",\"Emprendedoras\",\"Emprendedores\",\"Empresas\",\"Google\",\"Negocios\",\"Negocios en internet\"],\"articleSection\":[\"Comercio electr\u00f3nico\",\"Emprendedores\",\"Pymes\"],\"inLanguage\":\"es\",\"potentialAction\":[{\"@type\":\"CommentAction\",\"name\":\"Comment\",\"target\":[\"https:\/\/www.churbayportillo.com\/blog\/2008\/06\/06\/mas-usuarios-y-mas-negocios-en-latinoamerica\/#respond\"]}]},{\"@type\":\"WebPage\",\"@id\":\"https:\/\/www.churbayportillo.com\/blog\/2008\/06\/06\/mas-usuarios-y-mas-negocios-en-latinoamerica\/\",\"url\":\"https:\/\/www.churbayportillo.com\/blog\/2008\/06\/06\/mas-usuarios-y-mas-negocios-en-latinoamerica\/\",\"name\":\"M\u00e1s usuarios y m\u00e1s negocios en Latinoam\u00e9rica - El Secreto de las Pymes que crecen\",\"isPartOf\":{\"@id\":\"https:\/\/www.churbayportillo.com\/blog\/#website\"},\"primaryImageOfPage\":{\"@id\":\"https:\/\/www.churbayportillo.com\/blog\/2008\/06\/06\/mas-usuarios-y-mas-negocios-en-latinoamerica\/#primaryimage\"},\"image\":{\"@id\":\"https:\/\/www.churbayportillo.com\/blog\/2008\/06\/06\/mas-usuarios-y-mas-negocios-en-latinoamerica\/#primaryimage\"},\"thumbnailUrl\":\"https:\/\/screto.s3.amazonaws.com\/uploads\/2006\/07\/carrito.gif\",\"datePublished\":\"2008-06-06T09:36:28+00:00\",\"dateModified\":\"2022-06-02T10:44:07+00:00\",\"breadcrumb\":{\"@id\":\"https:\/\/www.churbayportillo.com\/blog\/2008\/06\/06\/mas-usuarios-y-mas-negocios-en-latinoamerica\/#breadcrumb\"},\"inLanguage\":\"es\",\"potentialAction\":[{\"@type\":\"ReadAction\",\"target\":[\"https:\/\/www.churbayportillo.com\/blog\/2008\/06\/06\/mas-usuarios-y-mas-negocios-en-latinoamerica\/\"]}]},{\"@type\":\"ImageObject\",\"inLanguage\":\"es\",\"@id\":\"https:\/\/www.churbayportillo.com\/blog\/2008\/06\/06\/mas-usuarios-y-mas-negocios-en-latinoamerica\/#primaryimage\",\"url\":\"https:\/\/screto.s3.amazonaws.com\/uploads\/2006\/07\/carrito.gif\",\"contentUrl\":\"https:\/\/screto.s3.amazonaws.com\/uploads\/2006\/07\/carrito.gif\"},{\"@type\":\"BreadcrumbList\",\"@id\":\"https:\/\/www.churbayportillo.com\/blog\/2008\/06\/06\/mas-usuarios-y-mas-negocios-en-latinoamerica\/#breadcrumb\",\"itemListElement\":[{\"@type\":\"ListItem\",\"position\":1,\"name\":\"Portada\",\"item\":\"https:\/\/www.churbayportillo.com\/blog\/\"},{\"@type\":\"ListItem\",\"position\":2,\"name\":\"M\u00e1s usuarios y m\u00e1s negocios en Latinoam\u00e9rica\"}]},{\"@type\":\"WebSite\",\"@id\":\"https:\/\/www.churbayportillo.com\/blog\/#website\",\"url\":\"https:\/\/www.churbayportillo.com\/blog\/\",\"name\":\"El Secreto de las Pymes que crecen\",\"description\":\"Informaci\u00f3n y consejos para vender m\u00e1s\",\"publisher\":{\"@id\":\"https:\/\/www.churbayportillo.com\/blog\/#organization\"},\"potentialAction\":[{\"@type\":\"SearchAction\",\"target\":{\"@type\":\"EntryPoint\",\"urlTemplate\":\"https:\/\/www.churbayportillo.com\/blog\/?s={search_term_string}\"},\"query-input\":{\"@type\":\"PropertyValueSpecification\",\"valueRequired\":true,\"valueName\":\"search_term_string\"}}],\"inLanguage\":\"es\"},{\"@type\":\"Organization\",\"@id\":\"https:\/\/www.churbayportillo.com\/blog\/#organization\",\"name\":\"El Secreto de las Pymes que crecen\",\"url\":\"https:\/\/www.churbayportillo.com\/blog\/\",\"logo\":{\"@type\":\"ImageObject\",\"inLanguage\":\"es\",\"@id\":\"https:\/\/www.churbayportillo.com\/blog\/#\/schema\/logo\/image\/\",\"url\":\"https:\/\/www.churbayportillo.com\/blog\/wp-content\/uploads\/2021\/12\/logo.png\",\"contentUrl\":\"https:\/\/www.churbayportillo.com\/blog\/wp-content\/uploads\/2021\/12\/logo.png\",\"width\":599,\"height\":109,\"caption\":\"El Secreto de las Pymes que crecen\"},\"image\":{\"@id\":\"https:\/\/www.churbayportillo.com\/blog\/#\/schema\/logo\/image\/\"},\"sameAs\":[\"https:\/\/www.facebook.com\/churbayportillo\",\"https:\/\/x.com\/elsecreto\"]},{\"@type\":\"Person\",\"@id\":\"https:\/\/www.churbayportillo.com\/blog\/#\/schema\/person\/327f5e9fbcbeeb46bb1a6a1b69a3136b\",\"name\":\"Jorge Churba\",\"image\":{\"@type\":\"ImageObject\",\"inLanguage\":\"es\",\"@id\":\"https:\/\/secure.gravatar.com\/avatar\/c5f9205dc97a66e1143b707b76fe364da0a694698284e0bc4f5629e814e5ee66?s=96&d=mm&r=g\",\"url\":\"https:\/\/secure.gravatar.com\/avatar\/c5f9205dc97a66e1143b707b76fe364da0a694698284e0bc4f5629e814e5ee66?s=96&d=mm&r=g\",\"contentUrl\":\"https:\/\/secure.gravatar.com\/avatar\/c5f9205dc97a66e1143b707b76fe364da0a694698284e0bc4f5629e814e5ee66?s=96&d=mm&r=g\",\"caption\":\"Jorge Churba\"},\"description\":\"Me comunico, luego existo. Autor del Diccionario Pr\u00e1ctico de Internet para Emprendedores. Fundador de Churba &amp; Portillo y trabajador en Internet. S\u00edgueme en Twitter\",\"sameAs\":[\"https:\/\/www.churbayportillo.com\/blog\"],\"url\":\"https:\/\/www.churbayportillo.com\/blog\/author\/jorge\/\"}]}<\/script>\n<!-- \/ Yoast SEO plugin. -->","yoast_head_json":{"title":"M\u00e1s usuarios y m\u00e1s negocios en Latinoam\u00e9rica - El Secreto de las Pymes que crecen","robots":{"index":"index","follow":"follow","max-snippet":"max-snippet:-1","max-image-preview":"max-image-preview:large","max-video-preview":"max-video-preview:-1"},"canonical":"https:\/\/www.churbayportillo.com\/blog\/2008\/06\/06\/mas-usuarios-y-mas-negocios-en-latinoamerica\/","og_locale":"es_ES","og_type":"article","og_title":"M\u00e1s usuarios y m\u00e1s negocios en Latinoam\u00e9rica - El Secreto de las Pymes que crecen","og_description":"Latinoam\u00e9rica vive una \u00e9poca de gran crecimiento econ\u00f3mico y este boom tambi\u00e9n se vive en Internet. Cada vez hay m\u00e1s usuarios con banda ancha y cada d\u00eda crecen los negocios en Internet. Lo dijo Gonzalo ... Leer m\u00e1s","og_url":"https:\/\/www.churbayportillo.com\/blog\/2008\/06\/06\/mas-usuarios-y-mas-negocios-en-latinoamerica\/","og_site_name":"El Secreto de las Pymes que crecen","article_publisher":"https:\/\/www.facebook.com\/churbayportillo","article_published_time":"2008-06-06T09:36:28+00:00","article_modified_time":"2022-06-02T10:44:07+00:00","og_image":[{"url":"https:\/\/screto.s3.amazonaws.com\/uploads\/2006\/07\/carrito.gif","type":"","width":"","height":""}],"author":"Jorge Churba","twitter_card":"summary_large_image","twitter_creator":"@elsecreto","twitter_site":"@elsecreto","twitter_misc":{"Escrito por":"Jorge Churba"},"schema":{"@context":"https:\/\/schema.org","@graph":[{"@type":"Article","@id":"https:\/\/www.churbayportillo.com\/blog\/2008\/06\/06\/mas-usuarios-y-mas-negocios-en-latinoamerica\/#article","isPartOf":{"@id":"https:\/\/www.churbayportillo.com\/blog\/2008\/06\/06\/mas-usuarios-y-mas-negocios-en-latinoamerica\/"},"author":{"name":"Jorge Churba","@id":"https:\/\/www.churbayportillo.com\/blog\/#\/schema\/person\/327f5e9fbcbeeb46bb1a6a1b69a3136b"},"headline":"M\u00e1s usuarios y m\u00e1s negocios en Latinoam\u00e9rica","datePublished":"2008-06-06T09:36:28+00:00","dateModified":"2022-06-02T10:44:07+00:00","mainEntityOfPage":{"@id":"https:\/\/www.churbayportillo.com\/blog\/2008\/06\/06\/mas-usuarios-y-mas-negocios-en-latinoamerica\/"},"wordCount":68,"commentCount":1,"publisher":{"@id":"https:\/\/www.churbayportillo.com\/blog\/#organization"},"image":{"@id":"https:\/\/www.churbayportillo.com\/blog\/2008\/06\/06\/mas-usuarios-y-mas-negocios-en-latinoamerica\/#primaryimage"},"thumbnailUrl":"https:\/\/screto.s3.amazonaws.com\/uploads\/2006\/07\/carrito.gif","keywords":["ADSL","banda ancha adsl","Compra por internet","Emprendedoras","Emprendedores","Empresas","Google","Negocios","Negocios en internet"],"articleSection":["Comercio electr\u00f3nico","Emprendedores","Pymes"],"inLanguage":"es","potentialAction":[{"@type":"CommentAction","name":"Comment","target":["https:\/\/www.churbayportillo.com\/blog\/2008\/06\/06\/mas-usuarios-y-mas-negocios-en-latinoamerica\/#respond"]}]},{"@type":"WebPage","@id":"https:\/\/www.churbayportillo.com\/blog\/2008\/06\/06\/mas-usuarios-y-mas-negocios-en-latinoamerica\/","url":"https:\/\/www.churbayportillo.com\/blog\/2008\/06\/06\/mas-usuarios-y-mas-negocios-en-latinoamerica\/","name":"M\u00e1s usuarios y m\u00e1s negocios en Latinoam\u00e9rica - El Secreto de las Pymes que crecen","isPartOf":{"@id":"https:\/\/www.churbayportillo.com\/blog\/#website"},"primaryImageOfPage":{"@id":"https:\/\/www.churbayportillo.com\/blog\/2008\/06\/06\/mas-usuarios-y-mas-negocios-en-latinoamerica\/#primaryimage"},"image":{"@id":"https:\/\/www.churbayportillo.com\/blog\/2008\/06\/06\/mas-usuarios-y-mas-negocios-en-latinoamerica\/#primaryimage"},"thumbnailUrl":"https:\/\/screto.s3.amazonaws.com\/uploads\/2006\/07\/carrito.gif","datePublished":"2008-06-06T09:36:28+00:00","dateModified":"2022-06-02T10:44:07+00:00","breadcrumb":{"@id":"https:\/\/www.churbayportillo.com\/blog\/2008\/06\/06\/mas-usuarios-y-mas-negocios-en-latinoamerica\/#breadcrumb"},"inLanguage":"es","potentialAction":[{"@type":"ReadAction","target":["https:\/\/www.churbayportillo.com\/blog\/2008\/06\/06\/mas-usuarios-y-mas-negocios-en-latinoamerica\/"]}]},{"@type":"ImageObject","inLanguage":"es","@id":"https:\/\/www.churbayportillo.com\/blog\/2008\/06\/06\/mas-usuarios-y-mas-negocios-en-latinoamerica\/#primaryimage","url":"https:\/\/screto.s3.amazonaws.com\/uploads\/2006\/07\/carrito.gif","contentUrl":"https:\/\/screto.s3.amazonaws.com\/uploads\/2006\/07\/carrito.gif"},{"@type":"BreadcrumbList","@id":"https:\/\/www.churbayportillo.com\/blog\/2008\/06\/06\/mas-usuarios-y-mas-negocios-en-latinoamerica\/#breadcrumb","itemListElement":[{"@type":"ListItem","position":1,"name":"Portada","item":"https:\/\/www.churbayportillo.com\/blog\/"},{"@type":"ListItem","position":2,"name":"M\u00e1s usuarios y m\u00e1s negocios en Latinoam\u00e9rica"}]},{"@type":"WebSite","@id":"https:\/\/www.churbayportillo.com\/blog\/#website","url":"https:\/\/www.churbayportillo.com\/blog\/","name":"El Secreto de las Pymes que crecen","description":"Informaci\u00f3n y consejos para vender m\u00e1s","publisher":{"@id":"https:\/\/www.churbayportillo.com\/blog\/#organization"},"potentialAction":[{"@type":"SearchAction","target":{"@type":"EntryPoint","urlTemplate":"https:\/\/www.churbayportillo.com\/blog\/?s={search_term_string}"},"query-input":{"@type":"PropertyValueSpecification","valueRequired":true,"valueName":"search_term_string"}}],"inLanguage":"es"},{"@type":"Organization","@id":"https:\/\/www.churbayportillo.com\/blog\/#organization","name":"El Secreto de las Pymes que crecen","url":"https:\/\/www.churbayportillo.com\/blog\/","logo":{"@type":"ImageObject","inLanguage":"es","@id":"https:\/\/www.churbayportillo.com\/blog\/#\/schema\/logo\/image\/","url":"https:\/\/www.churbayportillo.com\/blog\/wp-content\/uploads\/2021\/12\/logo.png","contentUrl":"https:\/\/www.churbayportillo.com\/blog\/wp-content\/uploads\/2021\/12\/logo.png","width":599,"height":109,"caption":"El Secreto de las Pymes que crecen"},"image":{"@id":"https:\/\/www.churbayportillo.com\/blog\/#\/schema\/logo\/image\/"},"sameAs":["https:\/\/www.facebook.com\/churbayportillo","https:\/\/x.com\/elsecreto"]},{"@type":"Person","@id":"https:\/\/www.churbayportillo.com\/blog\/#\/schema\/person\/327f5e9fbcbeeb46bb1a6a1b69a3136b","name":"Jorge Churba","image":{"@type":"ImageObject","inLanguage":"es","@id":"https:\/\/secure.gravatar.com\/avatar\/c5f9205dc97a66e1143b707b76fe364da0a694698284e0bc4f5629e814e5ee66?s=96&d=mm&r=g","url":"https:\/\/secure.gravatar.com\/avatar\/c5f9205dc97a66e1143b707b76fe364da0a694698284e0bc4f5629e814e5ee66?s=96&d=mm&r=g","contentUrl":"https:\/\/secure.gravatar.com\/avatar\/c5f9205dc97a66e1143b707b76fe364da0a694698284e0bc4f5629e814e5ee66?s=96&d=mm&r=g","caption":"Jorge Churba"},"description":"Me comunico, luego existo. Autor del Diccionario Pr\u00e1ctico de Internet para Emprendedores. Fundador de Churba &amp; Portillo y trabajador en Internet. S\u00edgueme en Twitter","sameAs":["https:\/\/www.churbayportillo.com\/blog"],"url":"https:\/\/www.churbayportillo.com\/blog\/author\/jorge\/"}]}},"jetpack_publicize_connections":[],"jetpack_featured_media_url":"","jetpack-related-posts":[{"id":3107,"url":"https:\/\/www.churbayportillo.com\/blog\/2009\/03\/03\/campana-por-un-adsl-mas-barato\/","url_meta":{"origin":431,"position":0},"title":"Campa\u00f1a por un ADSL m\u00e1s barato","author":"Jorge Churba","date":"3 marzo 2009","format":false,"excerpt":"El acceso a Internet de banda ancha es fundamental para el desarrollo de la Sociedad de la Informaci\u00f3n, para fomentar los negocios en Internet, para superar la crisis. Pero en Espa\u00f1a seguimos viviendo en el ciberdespacio, con una banda ancha y unas tarifas ADSL que se encuentran entre las m\u00e1s\u2026","rel":"","context":"En \u00abBlogs\u00bb","block_context":{"text":"Blogs","link":"https:\/\/www.churbayportillo.com\/blog\/category\/blogs\/"},"img":{"alt_text":"ADSL m\u00e1s barato","src":"https:\/\/i0.wp.com\/www.churbayportillo.com\/blog\/wp-content\/uploads\/2009\/03\/adsl-mas-barato.gif?resize=350%2C200&ssl=1","width":350,"height":200},"classes":[]},{"id":350,"url":"https:\/\/www.churbayportillo.com\/blog\/2007\/11\/22\/el-adsl-mas-caro-de-europa\/","url_meta":{"origin":431,"position":1},"title":"El ADSL m\u00e1s caro de Europa","author":"Angeles Portillo","date":"22 noviembre 2007","format":false,"excerpt":"Ya lo sab\u00edamos, pero ha sido confirmado por la Comisaria Europea de la Competencia, Neelie Kroes, quien critica que en Espa\u00f1a pagamos un 20% m\u00e1s que el resto de los europeos por los servicios de banda ancha y reclama una rebaja en estos precios para que todo el mundo tenga\u2026","rel":"","context":"En \u00abComercio electr\u00f3nico\u00bb","block_context":{"text":"Comercio electr\u00f3nico","link":"https:\/\/www.churbayportillo.com\/blog\/category\/comercio-electronico\/"},"img":{"alt_text":"","src":"","width":0,"height":0},"classes":[]},{"id":3512,"url":"https:\/\/www.churbayportillo.com\/blog\/2009\/03\/27\/telecomunicaciones-en-espana-cada-vez-peor\/","url_meta":{"origin":431,"position":2},"title":"Telecomunicaciones en Espa\u00f1a, cada vez peor","author":"Jorge Churba","date":"27 marzo 2009","format":false,"excerpt":"Si las telecomunicaciones son desde hace tiempo fundamentales para la econom\u00eda, ahora en tiempos de crisis cobran mayor protagonismo. Porque Internet puede ser la tabla de salvaci\u00f3n para miles de empresas. Pero para que lo sea, las empresas tienen que cambiar su manera de hacer negocios y hacer grandes esfuerzos\u2026","rel":"","context":"En \u00abBlogs\u00bb","block_context":{"text":"Blogs","link":"https:\/\/www.churbayportillo.com\/blog\/category\/blogs\/"},"img":{"alt_text":"","src":"https:\/\/i0.wp.com\/www.churbayportillo.com\/blog\/wp-content\/uploads\/2009\/03\/telecomunicaciones.jpg?resize=350%2C200&ssl=1","width":350,"height":200},"classes":[]},{"id":5190,"url":"https:\/\/www.churbayportillo.com\/blog\/2009\/06\/26\/internet-ruido-virtual-para-ahorrar-energia\/","url_meta":{"origin":431,"position":3},"title":"Internet: ruido virtual para ahorrar energ\u00eda","author":"Jorge Churba","date":"26 junio 2009","format":false,"excerpt":"Mientras lees esto tu conexi\u00f3n a Internet consume energ\u00eda. Y lo mismo ocurre con todas las conexiones a la red del mundo. \u00bfTe has parado a pensar cu\u00e1nta energ\u00eda consumimos para acceder a Internet? La red de ADSL de banda ancha consume alrededor 20.000 millones de kilovatios-hora por a\u00f1o en\u2026","rel":"","context":"En \u00abBlogs\u00bb","block_context":{"text":"Blogs","link":"https:\/\/www.churbayportillo.com\/blog\/category\/blogs\/"},"img":{"alt_text":"","src":"https:\/\/i0.wp.com\/www.churbayportillo.com\/blog\/wp-content\/uploads\/2009\/06\/internet-verde.jpg?resize=350%2C200&ssl=1","width":350,"height":200},"classes":[]},{"id":2230,"url":"https:\/\/www.churbayportillo.com\/blog\/2009\/01\/17\/la-banda-ancha-rural-victima-de-la-crisis-y-de-la-falta-de-vision-de-futuro\/","url_meta":{"origin":431,"position":4},"title":"La banda ancha rural v\u00edctima de la crisis y de la falta de visi\u00f3n de futuro","author":"Jorge Churba","date":"17 enero 2009","format":false,"excerpt":"Est\u00e1n cerrando telecentros, locales p\u00fablicos que ofrecen acceso a Internet gratis. El Pa\u00eds informa que: Algunos municipios han optado por apagar los ordenadores. Aseguran que no tienen recursos para asumir su coste. Y nada hace suponer que vayan a recibir en breve financiaci\u00f3n. Se han quedado sin terminales y ha\u2026","rel":"","context":"En \u00abComercio electr\u00f3nico\u00bb","block_context":{"text":"Comercio electr\u00f3nico","link":"https:\/\/www.churbayportillo.com\/blog\/category\/comercio-electronico\/"},"img":{"alt_text":"","src":"https:\/\/i0.wp.com\/www.churbayportillo.com\/blog\/wp-content\/uploads\/2009\/01\/wwwcaja.jpg?resize=350%2C200&ssl=1","width":350,"height":200},"classes":[]},{"id":661,"url":"https:\/\/www.churbayportillo.com\/blog\/2008\/10\/18\/banda-ancha-para-todos-a-precios-accesibles\/","url_meta":{"origin":431,"position":5},"title":"Banda ancha para todos a precios accesibles","author":"Jorge Churba","date":"18 octubre 2008","format":false,"excerpt":"La Comisi\u00f3n Europea quiere que la banda ancha a precios accesibles sea un servicio universal en el a\u00f1o 2010. La Comisi\u00f3n afirma que: En un corto espacio de tiempo, Internet de alta velocidad (la banda ancha) se ha hecho fundamental para las econom\u00edas modernas. Esto ha cambiado el modo que\u2026","rel":"","context":"En \u00abComercio electr\u00f3nico\u00bb","block_context":{"text":"Comercio electr\u00f3nico","link":"https:\/\/www.churbayportillo.com\/blog\/category\/comercio-electronico\/"},"img":{"alt_text":"","src":"https:\/\/i0.wp.com\/screto.s3.amazonaws.com\/uploads\/2008\/10\/salto1.jpg?resize=350%2C200&ssl=1","width":350,"height":200},"classes":[]}],"jetpack_sharing_enabled":true,"_links":{"self":[{"href":"https:\/\/www.churbayportillo.com\/blog\/wp-json\/wp\/v2\/posts\/431","targetHints":{"allow":["GET"]}}],"collection":[{"href":"https:\/\/www.churbayportillo.com\/blog\/wp-json\/wp\/v2\/posts"}],"about":[{"href":"https:\/\/www.churbayportillo.com\/blog\/wp-json\/wp\/v2\/types\/post"}],"author":[{"embeddable":true,"href":"https:\/\/www.churbayportillo.com\/blog\/wp-json\/wp\/v2\/users\/3"}],"replies":[{"embeddable":true,"href":"https:\/\/www.churbayportillo.com\/blog\/wp-json\/wp\/v2\/comments?post=431"}],"version-history":[{"count":0,"href":"https:\/\/www.churbayportillo.com\/blog\/wp-json\/wp\/v2\/posts\/431\/revisions"}],"wp:attachment":[{"href":"https:\/\/www.churbayportillo.com\/blog\/wp-json\/wp\/v2\/media?parent=431"}],"wp:term":[{"taxonomy":"category","embeddable":true,"href":"https:\/\/www.churbayportillo.com\/blog\/wp-json\/wp\/v2\/categories?post=431"},{"taxonomy":"post_tag","embeddable":true,"href":"https:\/\/www.churbayportillo.com\/blog\/wp-json\/wp\/v2\/tags?post=431"}],"curies":[{"name":"wp","href":"https:\/\/api.w.org\/{rel}","templated":true}]}}