{"id":435,"date":"2008-06-12T10:58:04","date_gmt":"2008-06-12T08:58:04","guid":{"rendered":"https:\/\/www.churbayportillo.com\/blog\/2008\/06\/12\/erasmus-para-jovenes-empresarios\/"},"modified":"2022-06-02T12:44:07","modified_gmt":"2022-06-02T10:44:07","slug":"erasmus-para-jovenes-empresarios","status":"publish","type":"post","link":"https:\/\/www.churbayportillo.com\/blog\/2008\/06\/12\/erasmus-para-jovenes-empresarios\/","title":{"rendered":"Erasmus para j\u00f3venes empresarios"},"content":{"rendered":"<p align=\"right\"><img decoding=\"async\" alt=\"europa.gif\" src=\"https:\/\/screto.s3.amazonaws.com\/uploads\/2008\/06\/europa.gif\" \/><\/p>\n<p>Un programa de la Comisi\u00f3n Europea dotado con 2.850.000 \u20ac y cuyo prop\u00f3sito es conceder subvenciones<\/p>\n<blockquote><p>que  permitan a los nuevos empresarios de la UE aprender de empresarios m\u00e1s experimentados  en otros Estados miembros con vistas a facilitar el intercambio de experiencias y la  creaci\u00f3n de redes.  El objetivo de la acci\u00f3n es mejorar el esp\u00edritu empresarial, la  internacionalizaci\u00f3n y competitividad de las microempresas y de las peque\u00f1as y medianas  empresas de reciente creaci\u00f3n, as\u00ed como ayudar a los posibles nuevos empresarios en la  UE. La actividad est\u00e1 dirigida a aquellos que deseen crear una empresa y, en menor  medida, a los empresarios reci\u00e9n establecidos.<\/p><\/blockquote>\n<p><!--more-->Podr\u00e1n beneficiarse de estas ayudas c\u00e1maras de comercio e industria, c\u00e1maras de artesan\u00eda u organismos similares, organizaciones de ayuda a las empresas e incubadoras de empresas, asociaciones de empresas y redes de apoyo a las empresas, entidades p\u00fablicas que ofrezcan servicios de ayuda a las empresas, centros de educaci\u00f3n y de formaci\u00f3n (p\u00fablicos, privados, sectoriales, etc.) activos en el  campo de la ayuda a las empresas, organizaciones de estancias de formaci\u00f3n.<\/p>\n<p>El plazo de presentaci\u00f3n de las solicitudes a la Comisi\u00f3n finalizar\u00e1 el 20 de agosto de  2008.<\/p>\n<p>El 23 de junio se celebrar\u00e1 una reuni\u00f3n informativa que podr\u00e1 se seguida a trav\u00e9s de Internet, previa inscripci\u00f3n.<\/p>\n<p>M\u00e1s informaci\u00f3n, e impresos del programa Erasmus para j\u00f3venes empresarios<\/p>\n","protected":false},"excerpt":{"rendered":"<p>Un programa de la Comisi\u00f3n Europea dotado con 2.850.000 \u20ac y cuyo prop\u00f3sito es conceder subvenciones que permitan a los nuevos empresarios de la UE aprender de empresarios m\u00e1s experimentados en otros Estados miembros con &#8230; <a title=\"Erasmus para j\u00f3venes empresarios\" class=\"read-more\" href=\"https:\/\/www.churbayportillo.com\/blog\/2008\/06\/12\/erasmus-para-jovenes-empresarios\/\" aria-label=\"Leer m\u00e1s sobre Erasmus para j\u00f3venes empresarios\">Leer m\u00e1s<\/a><\/p>\n","protected":false},"author":3,"featured_media":0,"comment_status":"open","ping_status":"open","sticky":false,"template":"","format":"standard","meta":{"_jetpack_memberships_contains_paid_content":false,"footnotes":"","jetpack_publicize_message":"","jetpack_publicize_feature_enabled":true,"jetpack_social_post_already_shared":false,"jetpack_social_options":{"image_generator_settings":{"template":"highway","default_image_id":0,"font":"","enabled":false},"version":2}},"categories":[4,10],"tags":[723,838,693,705,992,704],"class_list":["post-435","post","type-post","status-publish","format-standard","hentry","category-ayudas-y-subvenciones","category-emprendedores","tag-autonomos","tag-ayudas-empresa","tag-camara-de-comercio","tag-emprendedoras","tag-emprendedores","tag-empresas"],"yoast_head":"<!-- This site is optimized with the Yoast SEO plugin v27.2 - https:\/\/yoast.com\/product\/yoast-seo-wordpress\/ -->\n<title>Erasmus para j\u00f3venes empresarios - El Secreto de las Pymes que crecen<\/title>\n<meta name=\"robots\" content=\"index, follow, max-snippet:-1, max-image-preview:large, max-video-preview:-1\" \/>\n<link rel=\"canonical\" href=\"https:\/\/www.churbayportillo.com\/blog\/2008\/06\/12\/erasmus-para-jovenes-empresarios\/\" \/>\n<meta property=\"og:locale\" content=\"es_ES\" \/>\n<meta property=\"og:type\" content=\"article\" \/>\n<meta property=\"og:title\" content=\"Erasmus para j\u00f3venes empresarios - El Secreto de las Pymes que crecen\" \/>\n<meta property=\"og:description\" content=\"Un programa de la Comisi\u00f3n Europea dotado con 2.850.000 \u20ac y cuyo prop\u00f3sito es conceder subvenciones que permitan a los nuevos empresarios de la UE aprender de empresarios m\u00e1s experimentados en otros Estados miembros con ... Leer m\u00e1s\" \/>\n<meta property=\"og:url\" content=\"https:\/\/www.churbayportillo.com\/blog\/2008\/06\/12\/erasmus-para-jovenes-empresarios\/\" \/>\n<meta property=\"og:site_name\" content=\"El Secreto de las Pymes que crecen\" \/>\n<meta property=\"article:publisher\" content=\"https:\/\/www.facebook.com\/churbayportillo\" \/>\n<meta property=\"article:published_time\" content=\"2008-06-12T08:58:04+00:00\" \/>\n<meta property=\"article:modified_time\" content=\"2022-06-02T10:44:07+00:00\" \/>\n<meta property=\"og:image\" content=\"https:\/\/screto.s3.amazonaws.com\/uploads\/2008\/06\/europa.gif\" \/>\n<meta name=\"author\" content=\"Jorge Churba\" \/>\n<meta name=\"twitter:card\" content=\"summary_large_image\" \/>\n<meta name=\"twitter:creator\" content=\"@elsecreto\" \/>\n<meta name=\"twitter:site\" content=\"@elsecreto\" \/>\n<meta name=\"twitter:label1\" content=\"Escrito por\" \/>\n\t<meta name=\"twitter:data1\" content=\"Jorge Churba\" \/>\n\t<meta name=\"twitter:label2\" content=\"Tiempo de lectura\" \/>\n\t<meta name=\"twitter:data2\" content=\"1 minuto\" \/>\n<script type=\"application\/ld+json\" class=\"yoast-schema-graph\">{\"@context\":\"https:\/\/schema.org\",\"@graph\":[{\"@type\":\"Article\",\"@id\":\"https:\/\/www.churbayportillo.com\/blog\/2008\/06\/12\/erasmus-para-jovenes-empresarios\/#article\",\"isPartOf\":{\"@id\":\"https:\/\/www.churbayportillo.com\/blog\/2008\/06\/12\/erasmus-para-jovenes-empresarios\/\"},\"author\":{\"name\":\"Jorge Churba\",\"@id\":\"https:\/\/www.churbayportillo.com\/blog\/#\/schema\/person\/327f5e9fbcbeeb46bb1a6a1b69a3136b\"},\"headline\":\"Erasmus para j\u00f3venes empresarios\",\"datePublished\":\"2008-06-12T08:58:04+00:00\",\"dateModified\":\"2022-06-02T10:44:07+00:00\",\"mainEntityOfPage\":{\"@id\":\"https:\/\/www.churbayportillo.com\/blog\/2008\/06\/12\/erasmus-para-jovenes-empresarios\/\"},\"wordCount\":249,\"commentCount\":1,\"publisher\":{\"@id\":\"https:\/\/www.churbayportillo.com\/blog\/#organization\"},\"image\":{\"@id\":\"https:\/\/www.churbayportillo.com\/blog\/2008\/06\/12\/erasmus-para-jovenes-empresarios\/#primaryimage\"},\"thumbnailUrl\":\"https:\/\/screto.s3.amazonaws.com\/uploads\/2008\/06\/europa.gif\",\"keywords\":[\"Aut\u00f3nomos\",\"Ayudas empresa\",\"C\u00e1mara de comercio\",\"Emprendedoras\",\"Emprendedores\",\"Empresas\"],\"articleSection\":[\"Ayudas y subvenciones\",\"Emprendedores\"],\"inLanguage\":\"es\",\"potentialAction\":[{\"@type\":\"CommentAction\",\"name\":\"Comment\",\"target\":[\"https:\/\/www.churbayportillo.com\/blog\/2008\/06\/12\/erasmus-para-jovenes-empresarios\/#respond\"]}]},{\"@type\":\"WebPage\",\"@id\":\"https:\/\/www.churbayportillo.com\/blog\/2008\/06\/12\/erasmus-para-jovenes-empresarios\/\",\"url\":\"https:\/\/www.churbayportillo.com\/blog\/2008\/06\/12\/erasmus-para-jovenes-empresarios\/\",\"name\":\"Erasmus para j\u00f3venes empresarios - El Secreto de las Pymes que crecen\",\"isPartOf\":{\"@id\":\"https:\/\/www.churbayportillo.com\/blog\/#website\"},\"primaryImageOfPage\":{\"@id\":\"https:\/\/www.churbayportillo.com\/blog\/2008\/06\/12\/erasmus-para-jovenes-empresarios\/#primaryimage\"},\"image\":{\"@id\":\"https:\/\/www.churbayportillo.com\/blog\/2008\/06\/12\/erasmus-para-jovenes-empresarios\/#primaryimage\"},\"thumbnailUrl\":\"https:\/\/screto.s3.amazonaws.com\/uploads\/2008\/06\/europa.gif\",\"datePublished\":\"2008-06-12T08:58:04+00:00\",\"dateModified\":\"2022-06-02T10:44:07+00:00\",\"breadcrumb\":{\"@id\":\"https:\/\/www.churbayportillo.com\/blog\/2008\/06\/12\/erasmus-para-jovenes-empresarios\/#breadcrumb\"},\"inLanguage\":\"es\",\"potentialAction\":[{\"@type\":\"ReadAction\",\"target\":[\"https:\/\/www.churbayportillo.com\/blog\/2008\/06\/12\/erasmus-para-jovenes-empresarios\/\"]}]},{\"@type\":\"ImageObject\",\"inLanguage\":\"es\",\"@id\":\"https:\/\/www.churbayportillo.com\/blog\/2008\/06\/12\/erasmus-para-jovenes-empresarios\/#primaryimage\",\"url\":\"https:\/\/screto.s3.amazonaws.com\/uploads\/2008\/06\/europa.gif\",\"contentUrl\":\"https:\/\/screto.s3.amazonaws.com\/uploads\/2008\/06\/europa.gif\"},{\"@type\":\"BreadcrumbList\",\"@id\":\"https:\/\/www.churbayportillo.com\/blog\/2008\/06\/12\/erasmus-para-jovenes-empresarios\/#breadcrumb\",\"itemListElement\":[{\"@type\":\"ListItem\",\"position\":1,\"name\":\"Portada\",\"item\":\"https:\/\/www.churbayportillo.com\/blog\/\"},{\"@type\":\"ListItem\",\"position\":2,\"name\":\"Erasmus para j\u00f3venes empresarios\"}]},{\"@type\":\"WebSite\",\"@id\":\"https:\/\/www.churbayportillo.com\/blog\/#website\",\"url\":\"https:\/\/www.churbayportillo.com\/blog\/\",\"name\":\"El Secreto de las Pymes que crecen\",\"description\":\"Informaci\u00f3n y consejos para vender m\u00e1s\",\"publisher\":{\"@id\":\"https:\/\/www.churbayportillo.com\/blog\/#organization\"},\"potentialAction\":[{\"@type\":\"SearchAction\",\"target\":{\"@type\":\"EntryPoint\",\"urlTemplate\":\"https:\/\/www.churbayportillo.com\/blog\/?s={search_term_string}\"},\"query-input\":{\"@type\":\"PropertyValueSpecification\",\"valueRequired\":true,\"valueName\":\"search_term_string\"}}],\"inLanguage\":\"es\"},{\"@type\":\"Organization\",\"@id\":\"https:\/\/www.churbayportillo.com\/blog\/#organization\",\"name\":\"El Secreto de las Pymes que crecen\",\"url\":\"https:\/\/www.churbayportillo.com\/blog\/\",\"logo\":{\"@type\":\"ImageObject\",\"inLanguage\":\"es\",\"@id\":\"https:\/\/www.churbayportillo.com\/blog\/#\/schema\/logo\/image\/\",\"url\":\"https:\/\/www.churbayportillo.com\/blog\/wp-content\/uploads\/2021\/12\/logo.png\",\"contentUrl\":\"https:\/\/www.churbayportillo.com\/blog\/wp-content\/uploads\/2021\/12\/logo.png\",\"width\":599,\"height\":109,\"caption\":\"El Secreto de las Pymes que crecen\"},\"image\":{\"@id\":\"https:\/\/www.churbayportillo.com\/blog\/#\/schema\/logo\/image\/\"},\"sameAs\":[\"https:\/\/www.facebook.com\/churbayportillo\",\"https:\/\/x.com\/elsecreto\"]},{\"@type\":\"Person\",\"@id\":\"https:\/\/www.churbayportillo.com\/blog\/#\/schema\/person\/327f5e9fbcbeeb46bb1a6a1b69a3136b\",\"name\":\"Jorge Churba\",\"image\":{\"@type\":\"ImageObject\",\"inLanguage\":\"es\",\"@id\":\"https:\/\/secure.gravatar.com\/avatar\/c5f9205dc97a66e1143b707b76fe364da0a694698284e0bc4f5629e814e5ee66?s=96&d=mm&r=g\",\"url\":\"https:\/\/secure.gravatar.com\/avatar\/c5f9205dc97a66e1143b707b76fe364da0a694698284e0bc4f5629e814e5ee66?s=96&d=mm&r=g\",\"contentUrl\":\"https:\/\/secure.gravatar.com\/avatar\/c5f9205dc97a66e1143b707b76fe364da0a694698284e0bc4f5629e814e5ee66?s=96&d=mm&r=g\",\"caption\":\"Jorge Churba\"},\"description\":\"Me comunico, luego existo. Autor del Diccionario Pr\u00e1ctico de Internet para Emprendedores. Fundador de Churba &amp; Portillo y trabajador en Internet. S\u00edgueme en Twitter\",\"sameAs\":[\"https:\/\/www.churbayportillo.com\/blog\"],\"url\":\"https:\/\/www.churbayportillo.com\/blog\/author\/jorge\/\"}]}<\/script>\n<!-- \/ Yoast SEO plugin. -->","yoast_head_json":{"title":"Erasmus para j\u00f3venes empresarios - El Secreto de las Pymes que crecen","robots":{"index":"index","follow":"follow","max-snippet":"max-snippet:-1","max-image-preview":"max-image-preview:large","max-video-preview":"max-video-preview:-1"},"canonical":"https:\/\/www.churbayportillo.com\/blog\/2008\/06\/12\/erasmus-para-jovenes-empresarios\/","og_locale":"es_ES","og_type":"article","og_title":"Erasmus para j\u00f3venes empresarios - El Secreto de las Pymes que crecen","og_description":"Un programa de la Comisi\u00f3n Europea dotado con 2.850.000 \u20ac y cuyo prop\u00f3sito es conceder subvenciones que permitan a los nuevos empresarios de la UE aprender de empresarios m\u00e1s experimentados en otros Estados miembros con ... Leer m\u00e1s","og_url":"https:\/\/www.churbayportillo.com\/blog\/2008\/06\/12\/erasmus-para-jovenes-empresarios\/","og_site_name":"El Secreto de las Pymes que crecen","article_publisher":"https:\/\/www.facebook.com\/churbayportillo","article_published_time":"2008-06-12T08:58:04+00:00","article_modified_time":"2022-06-02T10:44:07+00:00","og_image":[{"url":"https:\/\/screto.s3.amazonaws.com\/uploads\/2008\/06\/europa.gif","type":"","width":"","height":""}],"author":"Jorge Churba","twitter_card":"summary_large_image","twitter_creator":"@elsecreto","twitter_site":"@elsecreto","twitter_misc":{"Escrito por":"Jorge Churba","Tiempo de lectura":"1 minuto"},"schema":{"@context":"https:\/\/schema.org","@graph":[{"@type":"Article","@id":"https:\/\/www.churbayportillo.com\/blog\/2008\/06\/12\/erasmus-para-jovenes-empresarios\/#article","isPartOf":{"@id":"https:\/\/www.churbayportillo.com\/blog\/2008\/06\/12\/erasmus-para-jovenes-empresarios\/"},"author":{"name":"Jorge Churba","@id":"https:\/\/www.churbayportillo.com\/blog\/#\/schema\/person\/327f5e9fbcbeeb46bb1a6a1b69a3136b"},"headline":"Erasmus para j\u00f3venes empresarios","datePublished":"2008-06-12T08:58:04+00:00","dateModified":"2022-06-02T10:44:07+00:00","mainEntityOfPage":{"@id":"https:\/\/www.churbayportillo.com\/blog\/2008\/06\/12\/erasmus-para-jovenes-empresarios\/"},"wordCount":249,"commentCount":1,"publisher":{"@id":"https:\/\/www.churbayportillo.com\/blog\/#organization"},"image":{"@id":"https:\/\/www.churbayportillo.com\/blog\/2008\/06\/12\/erasmus-para-jovenes-empresarios\/#primaryimage"},"thumbnailUrl":"https:\/\/screto.s3.amazonaws.com\/uploads\/2008\/06\/europa.gif","keywords":["Aut\u00f3nomos","Ayudas empresa","C\u00e1mara de comercio","Emprendedoras","Emprendedores","Empresas"],"articleSection":["Ayudas y subvenciones","Emprendedores"],"inLanguage":"es","potentialAction":[{"@type":"CommentAction","name":"Comment","target":["https:\/\/www.churbayportillo.com\/blog\/2008\/06\/12\/erasmus-para-jovenes-empresarios\/#respond"]}]},{"@type":"WebPage","@id":"https:\/\/www.churbayportillo.com\/blog\/2008\/06\/12\/erasmus-para-jovenes-empresarios\/","url":"https:\/\/www.churbayportillo.com\/blog\/2008\/06\/12\/erasmus-para-jovenes-empresarios\/","name":"Erasmus para j\u00f3venes empresarios - El Secreto de las Pymes que crecen","isPartOf":{"@id":"https:\/\/www.churbayportillo.com\/blog\/#website"},"primaryImageOfPage":{"@id":"https:\/\/www.churbayportillo.com\/blog\/2008\/06\/12\/erasmus-para-jovenes-empresarios\/#primaryimage"},"image":{"@id":"https:\/\/www.churbayportillo.com\/blog\/2008\/06\/12\/erasmus-para-jovenes-empresarios\/#primaryimage"},"thumbnailUrl":"https:\/\/screto.s3.amazonaws.com\/uploads\/2008\/06\/europa.gif","datePublished":"2008-06-12T08:58:04+00:00","dateModified":"2022-06-02T10:44:07+00:00","breadcrumb":{"@id":"https:\/\/www.churbayportillo.com\/blog\/2008\/06\/12\/erasmus-para-jovenes-empresarios\/#breadcrumb"},"inLanguage":"es","potentialAction":[{"@type":"ReadAction","target":["https:\/\/www.churbayportillo.com\/blog\/2008\/06\/12\/erasmus-para-jovenes-empresarios\/"]}]},{"@type":"ImageObject","inLanguage":"es","@id":"https:\/\/www.churbayportillo.com\/blog\/2008\/06\/12\/erasmus-para-jovenes-empresarios\/#primaryimage","url":"https:\/\/screto.s3.amazonaws.com\/uploads\/2008\/06\/europa.gif","contentUrl":"https:\/\/screto.s3.amazonaws.com\/uploads\/2008\/06\/europa.gif"},{"@type":"BreadcrumbList","@id":"https:\/\/www.churbayportillo.com\/blog\/2008\/06\/12\/erasmus-para-jovenes-empresarios\/#breadcrumb","itemListElement":[{"@type":"ListItem","position":1,"name":"Portada","item":"https:\/\/www.churbayportillo.com\/blog\/"},{"@type":"ListItem","position":2,"name":"Erasmus para j\u00f3venes empresarios"}]},{"@type":"WebSite","@id":"https:\/\/www.churbayportillo.com\/blog\/#website","url":"https:\/\/www.churbayportillo.com\/blog\/","name":"El Secreto de las Pymes que crecen","description":"Informaci\u00f3n y consejos para vender m\u00e1s","publisher":{"@id":"https:\/\/www.churbayportillo.com\/blog\/#organization"},"potentialAction":[{"@type":"SearchAction","target":{"@type":"EntryPoint","urlTemplate":"https:\/\/www.churbayportillo.com\/blog\/?s={search_term_string}"},"query-input":{"@type":"PropertyValueSpecification","valueRequired":true,"valueName":"search_term_string"}}],"inLanguage":"es"},{"@type":"Organization","@id":"https:\/\/www.churbayportillo.com\/blog\/#organization","name":"El Secreto de las Pymes que crecen","url":"https:\/\/www.churbayportillo.com\/blog\/","logo":{"@type":"ImageObject","inLanguage":"es","@id":"https:\/\/www.churbayportillo.com\/blog\/#\/schema\/logo\/image\/","url":"https:\/\/www.churbayportillo.com\/blog\/wp-content\/uploads\/2021\/12\/logo.png","contentUrl":"https:\/\/www.churbayportillo.com\/blog\/wp-content\/uploads\/2021\/12\/logo.png","width":599,"height":109,"caption":"El Secreto de las Pymes que crecen"},"image":{"@id":"https:\/\/www.churbayportillo.com\/blog\/#\/schema\/logo\/image\/"},"sameAs":["https:\/\/www.facebook.com\/churbayportillo","https:\/\/x.com\/elsecreto"]},{"@type":"Person","@id":"https:\/\/www.churbayportillo.com\/blog\/#\/schema\/person\/327f5e9fbcbeeb46bb1a6a1b69a3136b","name":"Jorge Churba","image":{"@type":"ImageObject","inLanguage":"es","@id":"https:\/\/secure.gravatar.com\/avatar\/c5f9205dc97a66e1143b707b76fe364da0a694698284e0bc4f5629e814e5ee66?s=96&d=mm&r=g","url":"https:\/\/secure.gravatar.com\/avatar\/c5f9205dc97a66e1143b707b76fe364da0a694698284e0bc4f5629e814e5ee66?s=96&d=mm&r=g","contentUrl":"https:\/\/secure.gravatar.com\/avatar\/c5f9205dc97a66e1143b707b76fe364da0a694698284e0bc4f5629e814e5ee66?s=96&d=mm&r=g","caption":"Jorge Churba"},"description":"Me comunico, luego existo. Autor del Diccionario Pr\u00e1ctico de Internet para Emprendedores. Fundador de Churba &amp; Portillo y trabajador en Internet. S\u00edgueme en Twitter","sameAs":["https:\/\/www.churbayportillo.com\/blog"],"url":"https:\/\/www.churbayportillo.com\/blog\/author\/jorge\/"}]}},"jetpack_publicize_connections":[],"jetpack_featured_media_url":"","jetpack-related-posts":[{"id":507,"url":"https:\/\/www.churbayportillo.com\/blog\/2008\/10\/02\/murcia-ayudas-a-las-mujeres-emprendedoras\/","url_meta":{"origin":435,"position":0},"title":"Murcia: ayudas a las mujeres emprendedoras","author":"Jorge Churba","date":"2 octubre 2008","format":false,"excerpt":"A partir del 9 de octubre de 2008, pueden solicitarse las subvenciones para apoyar la puesta en marcha de empresas promovidas y gestionadas por mujeres. Ser\u00e1n subvencionables: Gastos derivados de la puesta en marcha de la actividad de la empresa. Gastos de lanzamiento de la actividad. Gastos de constituci\u00f3n. Dise\u00f1o\u2026","rel":"","context":"En \u00abAyudas y subvenciones\u00bb","block_context":{"text":"Ayudas y subvenciones","link":"https:\/\/www.churbayportillo.com\/blog\/category\/ayudas-y-subvenciones\/"},"img":{"alt_text":"","src":"","width":0,"height":0},"classes":[]},{"id":9153,"url":"https:\/\/www.churbayportillo.com\/blog\/2010\/05\/10\/erasmus-para-jovenes-emprendedores\/","url_meta":{"origin":435,"position":1},"title":"Erasmus para j\u00f3venes emprendedores","author":"Jorge Churba","date":"10 mayo 2010","format":false,"excerpt":"https:\/\/www.youtube.com\/watch?v=-DDm_-vxBk4&feature=player_embedded El programa Erasmus para j\u00f3venes emprendedores facilita que j\u00f3venes emprendedores aprendan de otros m\u00e1s experiementados que dirigen peque\u00f1as y medianas empresas (pymes) en un pa\u00eds diferente. De este modo se facilita el acceso a nuevos mercados y la b\u00fasqueda de potenciales socios comerciales, se refuerzan los v\u00ednculos entre empresarios\u2026","rel":"","context":"En \u00abAyudas y subvenciones\u00bb","block_context":{"text":"Ayudas y subvenciones","link":"https:\/\/www.churbayportillo.com\/blog\/category\/ayudas-y-subvenciones\/"},"img":{"alt_text":"","src":"https:\/\/i0.wp.com\/img.youtube.com\/vi\/-DDm_-vxBk4\/0.jpg?resize=350%2C200","width":350,"height":200},"classes":[]},{"id":2410,"url":"https:\/\/www.churbayportillo.com\/blog\/2009\/01\/25\/espana-no-emprende\/","url_meta":{"origin":435,"position":2},"title":"Espa\u00f1a no emprende","author":"Jorge Churba","date":"25 enero 2009","format":false,"excerpt":"El C\u00edrculo de empresarios ha publicado un un documento titulado El esp\u00edritu emprendedor: elemento esencial para afrontar la crisis econ\u00f3mica espa\u00f1ola, en el que en el que sostiene: ...nuestra econom\u00eda ocupa los \u00faltimos lugares entre los pa\u00edses de la UE-25 en los rankings elaborados por la Comisi\u00f3n Europea sobre los\u2026","rel":"","context":"En \u00abEmprendedores\u00bb","block_context":{"text":"Emprendedores","link":"https:\/\/www.churbayportillo.com\/blog\/category\/emprendedores\/"},"img":{"alt_text":"","src":"","width":0,"height":0},"classes":[]},{"id":1005,"url":"https:\/\/www.churbayportillo.com\/blog\/2008\/11\/07\/pymes-castilla-la-mancha-16e-millones-para-nuevas-tecnologias-tic\/","url_meta":{"origin":435,"position":3},"title":"Pymes Castilla-La Mancha: 1,6\u20ac millones para nuevas tecnolog\u00edas (TIC)","author":"Jorge Churba","date":"7 noviembre 2008","format":false,"excerpt":"Estas ayudas tienen el objetivo de subvencionar proyectos orientados, principalmente, a la incorporaci\u00f3n de las nuevas Tecnolog\u00edas de la Informaci\u00f3n y las Telecomunicaciones en las peque\u00f1as y medianas empresas -pymes- de la regi\u00f3n. Se facilitar\u00e1 a las empresas castellano-manchegas nuevas soluciones de negocio electr\u00f3nico, incluida la factura electr\u00f3nica, el DNI\u2026","rel":"","context":"En \u00abAyudas y subvenciones\u00bb","block_context":{"text":"Ayudas y subvenciones","link":"https:\/\/www.churbayportillo.com\/blog\/category\/ayudas-y-subvenciones\/"},"img":{"alt_text":"","src":"https:\/\/i0.wp.com\/screto.s3.amazonaws.com\/uploads\/2006\/07\/raton.miniatura.gif?resize=350%2C200&ssl=1","width":350,"height":200},"classes":[]},{"id":353,"url":"https:\/\/www.churbayportillo.com\/blog\/2008\/03\/31\/para-que-sirven-las-camaras-de-comercio\/","url_meta":{"origin":435,"position":4},"title":"\u00bfPara qu\u00e9 sirven las C\u00e1maras de Comercio?","author":"Angeles Portillo","date":"31 marzo 2008","format":false,"excerpt":"Tras una reconversi\u00f3n de m\u00e1s de siete a\u00f1os y muchas dudas sobre su constitucionalidad, las C\u00e1maras de Comercio se han convertido en grandes centros prestadores de servicios para las empresas. Hay 85 en Espa\u00f1a y sus grandes bazas son el apoyo a la exportaci\u00f3n y la formaci\u00f3n. La Ley de\u2026","rel":"","context":"En \u00abEmprendedores\u00bb","block_context":{"text":"Emprendedores","link":"https:\/\/www.churbayportillo.com\/blog\/category\/emprendedores\/"},"img":{"alt_text":"","src":"","width":0,"height":0},"classes":[]},{"id":2457,"url":"https:\/\/www.churbayportillo.com\/blog\/2009\/01\/29\/recesion-pymes-e-internet\/","url_meta":{"origin":435,"position":5},"title":"Recesi\u00f3n, pymes e Internet","author":"Jorge Churba","date":"29 enero 2009","format":false,"excerpt":"Ya es oficial, la recesi\u00f3n est\u00e1 aqu\u00ed. Lo dicen los datos oficiales, lo dicen los medios y hoy lo diremos todos en la calle, los bares, en el trabajo, en los blogs. Los responsables de las pymes lo sabemos hace tiempo. Como tambi\u00e9n sabemos que de las famosas ayudas del\u2026","rel":"","context":"En \u00abAyudas y subvenciones\u00bb","block_context":{"text":"Ayudas y subvenciones","link":"https:\/\/www.churbayportillo.com\/blog\/category\/ayudas-y-subvenciones\/"},"img":{"alt_text":"","src":"https:\/\/i0.wp.com\/screto.s3.amazonaws.com\/uploads\/2006\/07\/raton.miniatura.gif?resize=350%2C200&ssl=1","width":350,"height":200},"classes":[]}],"jetpack_sharing_enabled":true,"_links":{"self":[{"href":"https:\/\/www.churbayportillo.com\/blog\/wp-json\/wp\/v2\/posts\/435","targetHints":{"allow":["GET"]}}],"collection":[{"href":"https:\/\/www.churbayportillo.com\/blog\/wp-json\/wp\/v2\/posts"}],"about":[{"href":"https:\/\/www.churbayportillo.com\/blog\/wp-json\/wp\/v2\/types\/post"}],"author":[{"embeddable":true,"href":"https:\/\/www.churbayportillo.com\/blog\/wp-json\/wp\/v2\/users\/3"}],"replies":[{"embeddable":true,"href":"https:\/\/www.churbayportillo.com\/blog\/wp-json\/wp\/v2\/comments?post=435"}],"version-history":[{"count":0,"href":"https:\/\/www.churbayportillo.com\/blog\/wp-json\/wp\/v2\/posts\/435\/revisions"}],"wp:attachment":[{"href":"https:\/\/www.churbayportillo.com\/blog\/wp-json\/wp\/v2\/media?parent=435"}],"wp:term":[{"taxonomy":"category","embeddable":true,"href":"https:\/\/www.churbayportillo.com\/blog\/wp-json\/wp\/v2\/categories?post=435"},{"taxonomy":"post_tag","embeddable":true,"href":"https:\/\/www.churbayportillo.com\/blog\/wp-json\/wp\/v2\/tags?post=435"}],"curies":[{"name":"wp","href":"https:\/\/api.w.org\/{rel}","templated":true}]}}