{"id":4604,"date":"2009-05-23T20:15:18","date_gmt":"2009-05-23T18:15:18","guid":{"rendered":"https:\/\/www.churbayportillo.com\/blog\/?p=4604"},"modified":"2009-06-02T07:35:09","modified_gmt":"2009-06-02T05:35:09","slug":"branding-el-toro-de-osborne-se-renueva","status":"publish","type":"post","link":"https:\/\/www.churbayportillo.com\/blog\/2009\/05\/23\/branding-el-toro-de-osborne-se-renueva\/","title":{"rendered":"Branding: el toro de Osborne se renueva"},"content":{"rendered":"<p><img loading=\"lazy\" decoding=\"async\" class=\"alignnone size-full wp-image-4606\" title=\"Toro de Osborne, Las Cabezas de San Juan (Sevilla).\" src=\"https:\/\/www.churbayportillo.com\/blog\/wp-content\/uploads\/2009\/05\/toro_osborne_cabezas_de_s.jpg\" alt=\"Toro de Osborne, Las Cabezas de San Juan (Sevilla).\" width=\"450\" height=\"337\" srcset=\"https:\/\/www.churbayportillo.com\/blog\/wp-content\/uploads\/2009\/05\/toro_osborne_cabezas_de_s.jpg 450w, https:\/\/www.churbayportillo.com\/blog\/wp-content\/uploads\/2009\/05\/toro_osborne_cabezas_de_s-300x224.jpg 300w\" sizes=\"auto, (max-width: 450px) 100vw, 450px\" \/><\/p>\n<p>Hace <a title=\"El toro de Osborne cumple 50 a\u00f1os\" href=\"https:\/\/www.churbayportillo.com\/blog\/2006\/11\/02\/el-toro-de-osborne-cumple-50-anos\/\">m\u00e1s de 50 a\u00f1os que Manolo Prieto creara el toro de Osbone<\/a> y este s\u00edmbolo de la identidad corporativa bien hecha, ya convertido en patrimonio hist\u00f3rico y cultural, sigue dando que hablar.<!--more--><\/p>\n<p><img loading=\"lazy\" decoding=\"async\" class=\"alignleft size-full wp-image-4622\" title=\"Nuevo logo de Osborne\" src=\"https:\/\/www.churbayportillo.com\/blog\/wp-content\/uploads\/2009\/05\/nuevo-logo-osborne.gif\" alt=\"Nuevo logo de Osborne\" width=\"254\" height=\"42\" \/>Hace unos d\u00edas nos enteramos de que <a title=\"El Toro de Osborne empieza a cobrar royalties\" href=\"https:\/\/www.expansion.com\/2009\/05\/18\/empresas\/1242683007.html\">Osborne hab\u00eda firmado diez contratos<\/a> por un total de diez millones de euros para licenciar la imagen. Un negocio que est\u00e1 al alcance de muy pocos, porque el toro de Osborne es reconocido nada menos que por el 98,6% de los espa\u00f1oles.<\/p>\n<p>Y unos d\u00edas mas tarde, conocimos la <a title=\"Osborne no le tiene miedo al toro\" href=\"https:\/\/www.soitu.es\/soitu\/2009\/05\/20\/ilovepubli\/1242818402_420188.html\">nueva imagen de Osborne<\/a>, que por cierto, no abandona al emblem\u00e1tico toro. El tiempo dir\u00e1 si resulta tan eficaz como el original de Manolo Prieto<\/p>\n<p>Foto: Grez\/GNU.<\/p>\n","protected":false},"excerpt":{"rendered":"<p>Hace m\u00e1s de 50 a\u00f1os que Manolo Prieto creara el toro de Osbone y este s\u00edmbolo de la identidad corporativa bien hecha, ya convertido en patrimonio hist\u00f3rico y cultural, sigue dando que hablar.<\/p>\n","protected":false},"author":3,"featured_media":0,"comment_status":"open","ping_status":"open","sticky":false,"template":"","format":"standard","meta":{"_jetpack_memberships_contains_paid_content":false,"footnotes":"","jetpack_publicize_message":"","jetpack_publicize_feature_enabled":true,"jetpack_social_post_already_shared":false,"jetpack_social_options":{"image_generator_settings":{"template":"highway","default_image_id":0,"font":"","enabled":false},"version":2}},"categories":[1,8],"tags":[989,991],"class_list":["post-4604","post","type-post","status-publish","format-standard","hentry","category-general","category-identidad-corporativa","tag-branding","tag-identidad-corporativa"],"yoast_head":"<!-- This site is optimized with the Yoast SEO plugin v27.2 - https:\/\/yoast.com\/product\/yoast-seo-wordpress\/ -->\n<title>Branding: el toro de Osborne se renueva - El Secreto de las Pymes que crecen<\/title>\n<meta name=\"robots\" content=\"index, follow, max-snippet:-1, max-image-preview:large, max-video-preview:-1\" \/>\n<link rel=\"canonical\" href=\"https:\/\/www.churbayportillo.com\/blog\/2009\/05\/23\/branding-el-toro-de-osborne-se-renueva\/\" \/>\n<meta property=\"og:locale\" content=\"es_ES\" \/>\n<meta property=\"og:type\" content=\"article\" \/>\n<meta property=\"og:title\" content=\"Branding: el toro de Osborne se renueva - El Secreto de las Pymes que crecen\" \/>\n<meta property=\"og:description\" content=\"Hace m\u00e1s de 50 a\u00f1os que Manolo Prieto creara el toro de Osbone y este s\u00edmbolo de la identidad corporativa bien hecha, ya convertido en patrimonio hist\u00f3rico y cultural, sigue dando que hablar.\" \/>\n<meta property=\"og:url\" content=\"https:\/\/www.churbayportillo.com\/blog\/2009\/05\/23\/branding-el-toro-de-osborne-se-renueva\/\" \/>\n<meta property=\"og:site_name\" content=\"El Secreto de las Pymes que crecen\" \/>\n<meta property=\"article:publisher\" content=\"https:\/\/www.facebook.com\/churbayportillo\" \/>\n<meta property=\"article:published_time\" content=\"2009-05-23T18:15:18+00:00\" \/>\n<meta property=\"article:modified_time\" content=\"2009-06-02T05:35:09+00:00\" \/>\n<meta property=\"og:image\" content=\"https:\/\/www.churbayportillo.com\/blog\/wp-content\/uploads\/2009\/05\/toro_osborne_cabezas_de_s.jpg\" \/>\n<meta name=\"author\" content=\"Jorge Churba\" \/>\n<meta name=\"twitter:card\" content=\"summary_large_image\" \/>\n<meta name=\"twitter:creator\" content=\"@elsecreto\" \/>\n<meta name=\"twitter:site\" content=\"@elsecreto\" \/>\n<meta name=\"twitter:label1\" content=\"Escrito por\" \/>\n\t<meta name=\"twitter:data1\" content=\"Jorge Churba\" \/>\n\t<meta name=\"twitter:label2\" content=\"Tiempo de lectura\" \/>\n\t<meta name=\"twitter:data2\" content=\"1 minuto\" \/>\n<script type=\"application\/ld+json\" class=\"yoast-schema-graph\">{\"@context\":\"https:\/\/schema.org\",\"@graph\":[{\"@type\":\"Article\",\"@id\":\"https:\/\/www.churbayportillo.com\/blog\/2009\/05\/23\/branding-el-toro-de-osborne-se-renueva\/#article\",\"isPartOf\":{\"@id\":\"https:\/\/www.churbayportillo.com\/blog\/2009\/05\/23\/branding-el-toro-de-osborne-se-renueva\/\"},\"author\":{\"name\":\"Jorge Churba\",\"@id\":\"https:\/\/www.churbayportillo.com\/blog\/#\/schema\/person\/327f5e9fbcbeeb46bb1a6a1b69a3136b\"},\"headline\":\"Branding: el toro de Osborne se renueva\",\"datePublished\":\"2009-05-23T18:15:18+00:00\",\"dateModified\":\"2009-06-02T05:35:09+00:00\",\"mainEntityOfPage\":{\"@id\":\"https:\/\/www.churbayportillo.com\/blog\/2009\/05\/23\/branding-el-toro-de-osborne-se-renueva\/\"},\"wordCount\":131,\"commentCount\":1,\"publisher\":{\"@id\":\"https:\/\/www.churbayportillo.com\/blog\/#organization\"},\"image\":{\"@id\":\"https:\/\/www.churbayportillo.com\/blog\/2009\/05\/23\/branding-el-toro-de-osborne-se-renueva\/#primaryimage\"},\"thumbnailUrl\":\"https:\/\/www.churbayportillo.com\/blog\/wp-content\/uploads\/2009\/05\/toro_osborne_cabezas_de_s.jpg\",\"keywords\":[\"Branding\",\"Identidad corporativa\"],\"articleSection\":[\"General\",\"Identidad corporativa\"],\"inLanguage\":\"es\",\"potentialAction\":[{\"@type\":\"CommentAction\",\"name\":\"Comment\",\"target\":[\"https:\/\/www.churbayportillo.com\/blog\/2009\/05\/23\/branding-el-toro-de-osborne-se-renueva\/#respond\"]}]},{\"@type\":\"WebPage\",\"@id\":\"https:\/\/www.churbayportillo.com\/blog\/2009\/05\/23\/branding-el-toro-de-osborne-se-renueva\/\",\"url\":\"https:\/\/www.churbayportillo.com\/blog\/2009\/05\/23\/branding-el-toro-de-osborne-se-renueva\/\",\"name\":\"Branding: el toro de Osborne se renueva - El Secreto de las Pymes que crecen\",\"isPartOf\":{\"@id\":\"https:\/\/www.churbayportillo.com\/blog\/#website\"},\"primaryImageOfPage\":{\"@id\":\"https:\/\/www.churbayportillo.com\/blog\/2009\/05\/23\/branding-el-toro-de-osborne-se-renueva\/#primaryimage\"},\"image\":{\"@id\":\"https:\/\/www.churbayportillo.com\/blog\/2009\/05\/23\/branding-el-toro-de-osborne-se-renueva\/#primaryimage\"},\"thumbnailUrl\":\"https:\/\/www.churbayportillo.com\/blog\/wp-content\/uploads\/2009\/05\/toro_osborne_cabezas_de_s.jpg\",\"datePublished\":\"2009-05-23T18:15:18+00:00\",\"dateModified\":\"2009-06-02T05:35:09+00:00\",\"breadcrumb\":{\"@id\":\"https:\/\/www.churbayportillo.com\/blog\/2009\/05\/23\/branding-el-toro-de-osborne-se-renueva\/#breadcrumb\"},\"inLanguage\":\"es\",\"potentialAction\":[{\"@type\":\"ReadAction\",\"target\":[\"https:\/\/www.churbayportillo.com\/blog\/2009\/05\/23\/branding-el-toro-de-osborne-se-renueva\/\"]}]},{\"@type\":\"ImageObject\",\"inLanguage\":\"es\",\"@id\":\"https:\/\/www.churbayportillo.com\/blog\/2009\/05\/23\/branding-el-toro-de-osborne-se-renueva\/#primaryimage\",\"url\":\"https:\/\/www.churbayportillo.com\/blog\/wp-content\/uploads\/2009\/05\/toro_osborne_cabezas_de_s.jpg\",\"contentUrl\":\"https:\/\/www.churbayportillo.com\/blog\/wp-content\/uploads\/2009\/05\/toro_osborne_cabezas_de_s.jpg\",\"width\":\"450\",\"height\":\"337\"},{\"@type\":\"BreadcrumbList\",\"@id\":\"https:\/\/www.churbayportillo.com\/blog\/2009\/05\/23\/branding-el-toro-de-osborne-se-renueva\/#breadcrumb\",\"itemListElement\":[{\"@type\":\"ListItem\",\"position\":1,\"name\":\"Portada\",\"item\":\"https:\/\/www.churbayportillo.com\/blog\/\"},{\"@type\":\"ListItem\",\"position\":2,\"name\":\"Branding: el toro de Osborne se renueva\"}]},{\"@type\":\"WebSite\",\"@id\":\"https:\/\/www.churbayportillo.com\/blog\/#website\",\"url\":\"https:\/\/www.churbayportillo.com\/blog\/\",\"name\":\"El Secreto de las Pymes que crecen\",\"description\":\"Informaci\u00f3n y consejos para vender m\u00e1s\",\"publisher\":{\"@id\":\"https:\/\/www.churbayportillo.com\/blog\/#organization\"},\"potentialAction\":[{\"@type\":\"SearchAction\",\"target\":{\"@type\":\"EntryPoint\",\"urlTemplate\":\"https:\/\/www.churbayportillo.com\/blog\/?s={search_term_string}\"},\"query-input\":{\"@type\":\"PropertyValueSpecification\",\"valueRequired\":true,\"valueName\":\"search_term_string\"}}],\"inLanguage\":\"es\"},{\"@type\":\"Organization\",\"@id\":\"https:\/\/www.churbayportillo.com\/blog\/#organization\",\"name\":\"El Secreto de las Pymes que crecen\",\"url\":\"https:\/\/www.churbayportillo.com\/blog\/\",\"logo\":{\"@type\":\"ImageObject\",\"inLanguage\":\"es\",\"@id\":\"https:\/\/www.churbayportillo.com\/blog\/#\/schema\/logo\/image\/\",\"url\":\"https:\/\/www.churbayportillo.com\/blog\/wp-content\/uploads\/2021\/12\/logo.png\",\"contentUrl\":\"https:\/\/www.churbayportillo.com\/blog\/wp-content\/uploads\/2021\/12\/logo.png\",\"width\":599,\"height\":109,\"caption\":\"El Secreto de las Pymes que crecen\"},\"image\":{\"@id\":\"https:\/\/www.churbayportillo.com\/blog\/#\/schema\/logo\/image\/\"},\"sameAs\":[\"https:\/\/www.facebook.com\/churbayportillo\",\"https:\/\/x.com\/elsecreto\"]},{\"@type\":\"Person\",\"@id\":\"https:\/\/www.churbayportillo.com\/blog\/#\/schema\/person\/327f5e9fbcbeeb46bb1a6a1b69a3136b\",\"name\":\"Jorge Churba\",\"image\":{\"@type\":\"ImageObject\",\"inLanguage\":\"es\",\"@id\":\"https:\/\/secure.gravatar.com\/avatar\/c5f9205dc97a66e1143b707b76fe364da0a694698284e0bc4f5629e814e5ee66?s=96&d=mm&r=g\",\"url\":\"https:\/\/secure.gravatar.com\/avatar\/c5f9205dc97a66e1143b707b76fe364da0a694698284e0bc4f5629e814e5ee66?s=96&d=mm&r=g\",\"contentUrl\":\"https:\/\/secure.gravatar.com\/avatar\/c5f9205dc97a66e1143b707b76fe364da0a694698284e0bc4f5629e814e5ee66?s=96&d=mm&r=g\",\"caption\":\"Jorge Churba\"},\"description\":\"Me comunico, luego existo. Autor del Diccionario Pr\u00e1ctico de Internet para Emprendedores. Fundador de Churba &amp; Portillo y trabajador en Internet. S\u00edgueme en Twitter\",\"sameAs\":[\"https:\/\/www.churbayportillo.com\/blog\"],\"url\":\"https:\/\/www.churbayportillo.com\/blog\/author\/jorge\/\"}]}<\/script>\n<!-- \/ Yoast SEO plugin. -->","yoast_head_json":{"title":"Branding: el toro de Osborne se renueva - El Secreto de las Pymes que crecen","robots":{"index":"index","follow":"follow","max-snippet":"max-snippet:-1","max-image-preview":"max-image-preview:large","max-video-preview":"max-video-preview:-1"},"canonical":"https:\/\/www.churbayportillo.com\/blog\/2009\/05\/23\/branding-el-toro-de-osborne-se-renueva\/","og_locale":"es_ES","og_type":"article","og_title":"Branding: el toro de Osborne se renueva - El Secreto de las Pymes que crecen","og_description":"Hace m\u00e1s de 50 a\u00f1os que Manolo Prieto creara el toro de Osbone y este s\u00edmbolo de la identidad corporativa bien hecha, ya convertido en patrimonio hist\u00f3rico y cultural, sigue dando que hablar.","og_url":"https:\/\/www.churbayportillo.com\/blog\/2009\/05\/23\/branding-el-toro-de-osborne-se-renueva\/","og_site_name":"El Secreto de las Pymes que crecen","article_publisher":"https:\/\/www.facebook.com\/churbayportillo","article_published_time":"2009-05-23T18:15:18+00:00","article_modified_time":"2009-06-02T05:35:09+00:00","og_image":[{"url":"https:\/\/www.churbayportillo.com\/blog\/wp-content\/uploads\/2009\/05\/toro_osborne_cabezas_de_s.jpg","type":"","width":"","height":""}],"author":"Jorge Churba","twitter_card":"summary_large_image","twitter_creator":"@elsecreto","twitter_site":"@elsecreto","twitter_misc":{"Escrito por":"Jorge Churba","Tiempo de lectura":"1 minuto"},"schema":{"@context":"https:\/\/schema.org","@graph":[{"@type":"Article","@id":"https:\/\/www.churbayportillo.com\/blog\/2009\/05\/23\/branding-el-toro-de-osborne-se-renueva\/#article","isPartOf":{"@id":"https:\/\/www.churbayportillo.com\/blog\/2009\/05\/23\/branding-el-toro-de-osborne-se-renueva\/"},"author":{"name":"Jorge Churba","@id":"https:\/\/www.churbayportillo.com\/blog\/#\/schema\/person\/327f5e9fbcbeeb46bb1a6a1b69a3136b"},"headline":"Branding: el toro de Osborne se renueva","datePublished":"2009-05-23T18:15:18+00:00","dateModified":"2009-06-02T05:35:09+00:00","mainEntityOfPage":{"@id":"https:\/\/www.churbayportillo.com\/blog\/2009\/05\/23\/branding-el-toro-de-osborne-se-renueva\/"},"wordCount":131,"commentCount":1,"publisher":{"@id":"https:\/\/www.churbayportillo.com\/blog\/#organization"},"image":{"@id":"https:\/\/www.churbayportillo.com\/blog\/2009\/05\/23\/branding-el-toro-de-osborne-se-renueva\/#primaryimage"},"thumbnailUrl":"https:\/\/www.churbayportillo.com\/blog\/wp-content\/uploads\/2009\/05\/toro_osborne_cabezas_de_s.jpg","keywords":["Branding","Identidad corporativa"],"articleSection":["General","Identidad corporativa"],"inLanguage":"es","potentialAction":[{"@type":"CommentAction","name":"Comment","target":["https:\/\/www.churbayportillo.com\/blog\/2009\/05\/23\/branding-el-toro-de-osborne-se-renueva\/#respond"]}]},{"@type":"WebPage","@id":"https:\/\/www.churbayportillo.com\/blog\/2009\/05\/23\/branding-el-toro-de-osborne-se-renueva\/","url":"https:\/\/www.churbayportillo.com\/blog\/2009\/05\/23\/branding-el-toro-de-osborne-se-renueva\/","name":"Branding: el toro de Osborne se renueva - El Secreto de las Pymes que crecen","isPartOf":{"@id":"https:\/\/www.churbayportillo.com\/blog\/#website"},"primaryImageOfPage":{"@id":"https:\/\/www.churbayportillo.com\/blog\/2009\/05\/23\/branding-el-toro-de-osborne-se-renueva\/#primaryimage"},"image":{"@id":"https:\/\/www.churbayportillo.com\/blog\/2009\/05\/23\/branding-el-toro-de-osborne-se-renueva\/#primaryimage"},"thumbnailUrl":"https:\/\/www.churbayportillo.com\/blog\/wp-content\/uploads\/2009\/05\/toro_osborne_cabezas_de_s.jpg","datePublished":"2009-05-23T18:15:18+00:00","dateModified":"2009-06-02T05:35:09+00:00","breadcrumb":{"@id":"https:\/\/www.churbayportillo.com\/blog\/2009\/05\/23\/branding-el-toro-de-osborne-se-renueva\/#breadcrumb"},"inLanguage":"es","potentialAction":[{"@type":"ReadAction","target":["https:\/\/www.churbayportillo.com\/blog\/2009\/05\/23\/branding-el-toro-de-osborne-se-renueva\/"]}]},{"@type":"ImageObject","inLanguage":"es","@id":"https:\/\/www.churbayportillo.com\/blog\/2009\/05\/23\/branding-el-toro-de-osborne-se-renueva\/#primaryimage","url":"https:\/\/www.churbayportillo.com\/blog\/wp-content\/uploads\/2009\/05\/toro_osborne_cabezas_de_s.jpg","contentUrl":"https:\/\/www.churbayportillo.com\/blog\/wp-content\/uploads\/2009\/05\/toro_osborne_cabezas_de_s.jpg","width":"450","height":"337"},{"@type":"BreadcrumbList","@id":"https:\/\/www.churbayportillo.com\/blog\/2009\/05\/23\/branding-el-toro-de-osborne-se-renueva\/#breadcrumb","itemListElement":[{"@type":"ListItem","position":1,"name":"Portada","item":"https:\/\/www.churbayportillo.com\/blog\/"},{"@type":"ListItem","position":2,"name":"Branding: el toro de Osborne se renueva"}]},{"@type":"WebSite","@id":"https:\/\/www.churbayportillo.com\/blog\/#website","url":"https:\/\/www.churbayportillo.com\/blog\/","name":"El Secreto de las Pymes que crecen","description":"Informaci\u00f3n y consejos para vender m\u00e1s","publisher":{"@id":"https:\/\/www.churbayportillo.com\/blog\/#organization"},"potentialAction":[{"@type":"SearchAction","target":{"@type":"EntryPoint","urlTemplate":"https:\/\/www.churbayportillo.com\/blog\/?s={search_term_string}"},"query-input":{"@type":"PropertyValueSpecification","valueRequired":true,"valueName":"search_term_string"}}],"inLanguage":"es"},{"@type":"Organization","@id":"https:\/\/www.churbayportillo.com\/blog\/#organization","name":"El Secreto de las Pymes que crecen","url":"https:\/\/www.churbayportillo.com\/blog\/","logo":{"@type":"ImageObject","inLanguage":"es","@id":"https:\/\/www.churbayportillo.com\/blog\/#\/schema\/logo\/image\/","url":"https:\/\/www.churbayportillo.com\/blog\/wp-content\/uploads\/2021\/12\/logo.png","contentUrl":"https:\/\/www.churbayportillo.com\/blog\/wp-content\/uploads\/2021\/12\/logo.png","width":599,"height":109,"caption":"El Secreto de las Pymes que crecen"},"image":{"@id":"https:\/\/www.churbayportillo.com\/blog\/#\/schema\/logo\/image\/"},"sameAs":["https:\/\/www.facebook.com\/churbayportillo","https:\/\/x.com\/elsecreto"]},{"@type":"Person","@id":"https:\/\/www.churbayportillo.com\/blog\/#\/schema\/person\/327f5e9fbcbeeb46bb1a6a1b69a3136b","name":"Jorge Churba","image":{"@type":"ImageObject","inLanguage":"es","@id":"https:\/\/secure.gravatar.com\/avatar\/c5f9205dc97a66e1143b707b76fe364da0a694698284e0bc4f5629e814e5ee66?s=96&d=mm&r=g","url":"https:\/\/secure.gravatar.com\/avatar\/c5f9205dc97a66e1143b707b76fe364da0a694698284e0bc4f5629e814e5ee66?s=96&d=mm&r=g","contentUrl":"https:\/\/secure.gravatar.com\/avatar\/c5f9205dc97a66e1143b707b76fe364da0a694698284e0bc4f5629e814e5ee66?s=96&d=mm&r=g","caption":"Jorge Churba"},"description":"Me comunico, luego existo. Autor del Diccionario Pr\u00e1ctico de Internet para Emprendedores. Fundador de Churba &amp; Portillo y trabajador en Internet. S\u00edgueme en Twitter","sameAs":["https:\/\/www.churbayportillo.com\/blog"],"url":"https:\/\/www.churbayportillo.com\/blog\/author\/jorge\/"}]}},"jetpack_publicize_connections":[],"jetpack_featured_media_url":"","jetpack-related-posts":[{"id":145,"url":"https:\/\/www.churbayportillo.com\/blog\/2006\/11\/02\/el-toro-de-osborne-cumple-50-anos\/","url_meta":{"origin":4604,"position":0},"title":"El toro de Osborne cumple 50 a\u00f1os","author":"Churba &amp; Portillo","date":"2 noviembre 2006","format":false,"excerpt":"O como conseguir que la identidad corporativa se convierta en patrimonio hist\u00f3rico y cultural. Osborne le pidi\u00f3 a su agencia de publicidad, Azor, que creara un s\u00edmbolo para anunciar su brandy, Veterano, en vallas de carretera. Azor propuso un toro bravo y se lo encarg\u00f3 a su colaborador, Manolo Prieto,\u2026","rel":"","context":"En \u00abBranding\u00bb","block_context":{"text":"Branding","link":"https:\/\/www.churbayportillo.com\/blog\/category\/branding\/"},"img":{"alt_text":"","src":"","width":0,"height":0},"classes":[]},{"id":10608,"url":"https:\/\/www.churbayportillo.com\/blog\/2010\/08\/23\/una-nueva-luz-sobre-la-identidad-corporativa\/","url_meta":{"origin":4604,"position":1},"title":"Una nueva luz sobre la identidad corporativa","author":"Jorge Churba","date":"23 agosto 2010","format":false,"excerpt":"Hace muchos a\u00f1os que la luz forma parte de la identidad corporativa en diversas formas: neones, luminosos, pantallas electr\u00f3nicas, leds, etc. Pero ahora un investigador est\u00e1 evaluando c\u00f3mo seleccionar un dise\u00f1o de iluminaci\u00f3n universal para tiendas que tambi\u00e9n ayude a los consumidores a identificar a la marca. Thomas Schielke experto\u2026","rel":"","context":"En \u00abBranding\u00bb","block_context":{"text":"Branding","link":"https:\/\/www.churbayportillo.com\/blog\/category\/branding\/"},"img":{"alt_text":"","src":"https:\/\/i0.wp.com\/screto.s3.amazonaws.com\/uploads\/2010\/08\/bombilla.jpg?resize=350%2C200&ssl=1","width":350,"height":200},"classes":[]},{"id":90,"url":"https:\/\/www.churbayportillo.com\/blog\/2006\/07\/21\/para-que-sirve-una-marca\/","url_meta":{"origin":4604,"position":2},"title":"\u00bfPara qu\u00e9 sirve una marca?","author":"Churba &amp; Portillo","date":"21 julio 2006","format":false,"excerpt":"Para identificarte. Para distinguirte de la competencia. Para generar confianza. Para vender m\u00e1s. Aqu\u00ed tienes m\u00e1s informaci\u00f3n sobre este tema.","rel":"","context":"En \u00abBranding\u00bb","block_context":{"text":"Branding","link":"https:\/\/www.churbayportillo.com\/blog\/category\/branding\/"},"img":{"alt_text":"","src":"","width":0,"height":0},"classes":[]},{"id":152,"url":"https:\/\/www.churbayportillo.com\/blog\/2006\/11\/10\/plastirama-nueva-imagen\/","url_meta":{"origin":4604,"position":3},"title":"Plastirama, nueva imagen","author":"Churba &amp; Portillo","date":"10 noviembre 2006","format":false,"excerpt":"Presentamos la nueva imagen corporativa que creamos para Plastirama. Limpia, joven y din\u00e1mica. Porque as\u00ed es Plastirama, una empresa especializada en bolsas y estuches y sobre todo, en el servicio al cliente.","rel":"","context":"En \u00abBranding\u00bb","block_context":{"text":"Branding","link":"https:\/\/www.churbayportillo.com\/blog\/category\/branding\/"},"img":{"alt_text":"","src":"","width":0,"height":0},"classes":[]},{"id":225,"url":"https:\/\/www.churbayportillo.com\/blog\/2007\/01\/19\/para-que-sirve-el-diseno\/","url_meta":{"origin":4604,"position":4},"title":"\u00bfPara qu\u00e9 sirve el dise\u00f1o?","author":"Jorge Churba","date":"19 enero 2007","format":false,"excerpt":"Excelente recreaci\u00f3n de una conversaci\u00f3n entre el propietario de una pyme y un dise\u00f1ador, en la que se demuestra que el precio no puede ser la \u00fanica ventaja competitiva. El autor es Marcelo Alvarez B. y lo vimos en Fresqui.","rel":"","context":"En \u00abBranding\u00bb","block_context":{"text":"Branding","link":"https:\/\/www.churbayportillo.com\/blog\/category\/branding\/"},"img":{"alt_text":"","src":"","width":0,"height":0},"classes":[]},{"id":93,"url":"https:\/\/www.churbayportillo.com\/blog\/2006\/08\/03\/%c2%bfpor-que-necesitas-un-logotipo\/","url_meta":{"origin":4604,"position":5},"title":"\u00bfPor qu\u00e9 necesitas un logotipo?","author":"Churba &amp; Portillo","date":"3 agosto 2006","format":false,"excerpt":"El nombre de tu empresa, producto o servicio permite identificarlo mediante la palabra. El logotipo lo hace visualmente. \u00bfPor qu\u00e9 es importante la identificaci\u00f3n? Simplemente porque te distingue de la competencia y avala la originalidad y calidad de tus productos y, en definitiva, aumenta las ventas. As\u00ed de sencillo, invertir\u2026","rel":"","context":"En \u00abBranding\u00bb","block_context":{"text":"Branding","link":"https:\/\/www.churbayportillo.com\/blog\/category\/branding\/"},"img":{"alt_text":"","src":"","width":0,"height":0},"classes":[]}],"jetpack_sharing_enabled":true,"_links":{"self":[{"href":"https:\/\/www.churbayportillo.com\/blog\/wp-json\/wp\/v2\/posts\/4604","targetHints":{"allow":["GET"]}}],"collection":[{"href":"https:\/\/www.churbayportillo.com\/blog\/wp-json\/wp\/v2\/posts"}],"about":[{"href":"https:\/\/www.churbayportillo.com\/blog\/wp-json\/wp\/v2\/types\/post"}],"author":[{"embeddable":true,"href":"https:\/\/www.churbayportillo.com\/blog\/wp-json\/wp\/v2\/users\/3"}],"replies":[{"embeddable":true,"href":"https:\/\/www.churbayportillo.com\/blog\/wp-json\/wp\/v2\/comments?post=4604"}],"version-history":[{"count":0,"href":"https:\/\/www.churbayportillo.com\/blog\/wp-json\/wp\/v2\/posts\/4604\/revisions"}],"wp:attachment":[{"href":"https:\/\/www.churbayportillo.com\/blog\/wp-json\/wp\/v2\/media?parent=4604"}],"wp:term":[{"taxonomy":"category","embeddable":true,"href":"https:\/\/www.churbayportillo.com\/blog\/wp-json\/wp\/v2\/categories?post=4604"},{"taxonomy":"post_tag","embeddable":true,"href":"https:\/\/www.churbayportillo.com\/blog\/wp-json\/wp\/v2\/tags?post=4604"}],"curies":[{"name":"wp","href":"https:\/\/api.w.org\/{rel}","templated":true}]}}