{"id":483,"date":"2008-09-04T08:00:55","date_gmt":"2008-09-04T06:00:55","guid":{"rendered":"https:\/\/www.churbayportillo.com\/blog\/2008\/09\/04\/salir-de-la-crisis-ayudando-a-las-pymes\/"},"modified":"2022-06-02T12:43:39","modified_gmt":"2022-06-02T10:43:39","slug":"salir-de-la-crisis-ayudando-a-las-pymes","status":"publish","type":"post","link":"https:\/\/www.churbayportillo.com\/blog\/2008\/09\/04\/salir-de-la-crisis-ayudando-a-las-pymes\/","title":{"rendered":"Salir de la crisis ayudando a las pymes"},"content":{"rendered":"<p>La C\u00e1mara de Comercio de La Rioja y Francisco Mart\u00ednez-Aldama, secretario general del PSOE regional, opinan igual: <strong>una de las soluciones a la crisis es ayudar a las pymes<\/strong>.<\/p>\n<p>Dicen que van a arrimar el hombro, a ayudar a las pymes.<\/p>\n<p>Fuente: finanzas.com<\/p>\n","protected":false},"excerpt":{"rendered":"<p>La C\u00e1mara de Comercio de La Rioja y Francisco Mart\u00ednez-Aldama, secretario general del PSOE regional, opinan igual: una de las soluciones a la crisis es ayudar a las pymes. Dicen que van a arrimar el &#8230; <a title=\"Salir de la crisis ayudando a las pymes\" class=\"read-more\" href=\"https:\/\/www.churbayportillo.com\/blog\/2008\/09\/04\/salir-de-la-crisis-ayudando-a-las-pymes\/\" aria-label=\"Leer m\u00e1s sobre Salir de la crisis ayudando a las pymes\">Leer m\u00e1s<\/a><\/p>\n","protected":false},"author":3,"featured_media":0,"comment_status":"open","ping_status":"open","sticky":false,"template":"","format":"standard","meta":{"_jetpack_memberships_contains_paid_content":false,"footnotes":"","jetpack_publicize_message":"","jetpack_publicize_feature_enabled":true,"jetpack_social_post_already_shared":false,"jetpack_social_options":{"image_generator_settings":{"template":"highway","default_image_id":0,"font":"","enabled":false},"version":2}},"categories":[4,1,11],"tags":[838,694,706,69,425,993],"class_list":["post-483","post","type-post","status-publish","format-standard","hentry","category-ayudas-y-subvenciones","category-general","category-pymes","tag-ayudas-empresa","tag-crisis","tag-empresas-espanolas","tag-espana","tag-la-rioja","tag-pymes"],"yoast_head":"<!-- This site is optimized with the Yoast SEO plugin v27.2 - https:\/\/yoast.com\/product\/yoast-seo-wordpress\/ -->\n<title>Salir de la crisis ayudando a las pymes - El Secreto de las Pymes que crecen<\/title>\n<meta name=\"robots\" content=\"index, follow, max-snippet:-1, max-image-preview:large, max-video-preview:-1\" \/>\n<link rel=\"canonical\" href=\"https:\/\/www.churbayportillo.com\/blog\/2008\/09\/04\/salir-de-la-crisis-ayudando-a-las-pymes\/\" \/>\n<meta property=\"og:locale\" content=\"es_ES\" \/>\n<meta property=\"og:type\" content=\"article\" \/>\n<meta property=\"og:title\" content=\"Salir de la crisis ayudando a las pymes - El Secreto de las Pymes que crecen\" \/>\n<meta property=\"og:description\" content=\"La C\u00e1mara de Comercio de La Rioja y Francisco Mart\u00ednez-Aldama, secretario general del PSOE regional, opinan igual: una de las soluciones a la crisis es ayudar a las pymes. Dicen que van a arrimar el ... Leer m\u00e1s\" \/>\n<meta property=\"og:url\" content=\"https:\/\/www.churbayportillo.com\/blog\/2008\/09\/04\/salir-de-la-crisis-ayudando-a-las-pymes\/\" \/>\n<meta property=\"og:site_name\" content=\"El Secreto de las Pymes que crecen\" \/>\n<meta property=\"article:publisher\" content=\"https:\/\/www.facebook.com\/churbayportillo\" \/>\n<meta property=\"article:published_time\" content=\"2008-09-04T06:00:55+00:00\" \/>\n<meta property=\"article:modified_time\" content=\"2022-06-02T10:43:39+00:00\" \/>\n<meta name=\"author\" content=\"Jorge Churba\" \/>\n<meta name=\"twitter:card\" content=\"summary_large_image\" \/>\n<meta name=\"twitter:creator\" content=\"@elsecreto\" \/>\n<meta name=\"twitter:site\" content=\"@elsecreto\" \/>\n<meta name=\"twitter:label1\" content=\"Escrito por\" \/>\n\t<meta name=\"twitter:data1\" content=\"Jorge Churba\" \/>\n<script type=\"application\/ld+json\" class=\"yoast-schema-graph\">{\"@context\":\"https:\/\/schema.org\",\"@graph\":[{\"@type\":\"Article\",\"@id\":\"https:\/\/www.churbayportillo.com\/blog\/2008\/09\/04\/salir-de-la-crisis-ayudando-a-las-pymes\/#article\",\"isPartOf\":{\"@id\":\"https:\/\/www.churbayportillo.com\/blog\/2008\/09\/04\/salir-de-la-crisis-ayudando-a-las-pymes\/\"},\"author\":{\"name\":\"Jorge Churba\",\"@id\":\"https:\/\/www.churbayportillo.com\/blog\/#\/schema\/person\/327f5e9fbcbeeb46bb1a6a1b69a3136b\"},\"headline\":\"Salir de la crisis ayudando a las pymes\",\"datePublished\":\"2008-09-04T06:00:55+00:00\",\"dateModified\":\"2022-06-02T10:43:39+00:00\",\"mainEntityOfPage\":{\"@id\":\"https:\/\/www.churbayportillo.com\/blog\/2008\/09\/04\/salir-de-la-crisis-ayudando-a-las-pymes\/\"},\"wordCount\":54,\"commentCount\":2,\"publisher\":{\"@id\":\"https:\/\/www.churbayportillo.com\/blog\/#organization\"},\"keywords\":[\"Ayudas empresa\",\"Crisis\",\"Empresas espa\u00f1olas\",\"Espa\u00f1a\",\"La Rioja\",\"Pymes\"],\"articleSection\":[\"Ayudas y subvenciones\",\"General\",\"Pymes\"],\"inLanguage\":\"es\",\"potentialAction\":[{\"@type\":\"CommentAction\",\"name\":\"Comment\",\"target\":[\"https:\/\/www.churbayportillo.com\/blog\/2008\/09\/04\/salir-de-la-crisis-ayudando-a-las-pymes\/#respond\"]}]},{\"@type\":\"WebPage\",\"@id\":\"https:\/\/www.churbayportillo.com\/blog\/2008\/09\/04\/salir-de-la-crisis-ayudando-a-las-pymes\/\",\"url\":\"https:\/\/www.churbayportillo.com\/blog\/2008\/09\/04\/salir-de-la-crisis-ayudando-a-las-pymes\/\",\"name\":\"Salir de la crisis ayudando a las pymes - El Secreto de las Pymes que crecen\",\"isPartOf\":{\"@id\":\"https:\/\/www.churbayportillo.com\/blog\/#website\"},\"datePublished\":\"2008-09-04T06:00:55+00:00\",\"dateModified\":\"2022-06-02T10:43:39+00:00\",\"breadcrumb\":{\"@id\":\"https:\/\/www.churbayportillo.com\/blog\/2008\/09\/04\/salir-de-la-crisis-ayudando-a-las-pymes\/#breadcrumb\"},\"inLanguage\":\"es\",\"potentialAction\":[{\"@type\":\"ReadAction\",\"target\":[\"https:\/\/www.churbayportillo.com\/blog\/2008\/09\/04\/salir-de-la-crisis-ayudando-a-las-pymes\/\"]}]},{\"@type\":\"BreadcrumbList\",\"@id\":\"https:\/\/www.churbayportillo.com\/blog\/2008\/09\/04\/salir-de-la-crisis-ayudando-a-las-pymes\/#breadcrumb\",\"itemListElement\":[{\"@type\":\"ListItem\",\"position\":1,\"name\":\"Portada\",\"item\":\"https:\/\/www.churbayportillo.com\/blog\/\"},{\"@type\":\"ListItem\",\"position\":2,\"name\":\"Salir de la crisis ayudando a las pymes\"}]},{\"@type\":\"WebSite\",\"@id\":\"https:\/\/www.churbayportillo.com\/blog\/#website\",\"url\":\"https:\/\/www.churbayportillo.com\/blog\/\",\"name\":\"El Secreto de las Pymes que crecen\",\"description\":\"Informaci\u00f3n y consejos para vender m\u00e1s\",\"publisher\":{\"@id\":\"https:\/\/www.churbayportillo.com\/blog\/#organization\"},\"potentialAction\":[{\"@type\":\"SearchAction\",\"target\":{\"@type\":\"EntryPoint\",\"urlTemplate\":\"https:\/\/www.churbayportillo.com\/blog\/?s={search_term_string}\"},\"query-input\":{\"@type\":\"PropertyValueSpecification\",\"valueRequired\":true,\"valueName\":\"search_term_string\"}}],\"inLanguage\":\"es\"},{\"@type\":\"Organization\",\"@id\":\"https:\/\/www.churbayportillo.com\/blog\/#organization\",\"name\":\"El Secreto de las Pymes que crecen\",\"url\":\"https:\/\/www.churbayportillo.com\/blog\/\",\"logo\":{\"@type\":\"ImageObject\",\"inLanguage\":\"es\",\"@id\":\"https:\/\/www.churbayportillo.com\/blog\/#\/schema\/logo\/image\/\",\"url\":\"https:\/\/www.churbayportillo.com\/blog\/wp-content\/uploads\/2021\/12\/logo.png\",\"contentUrl\":\"https:\/\/www.churbayportillo.com\/blog\/wp-content\/uploads\/2021\/12\/logo.png\",\"width\":599,\"height\":109,\"caption\":\"El Secreto de las Pymes que crecen\"},\"image\":{\"@id\":\"https:\/\/www.churbayportillo.com\/blog\/#\/schema\/logo\/image\/\"},\"sameAs\":[\"https:\/\/www.facebook.com\/churbayportillo\",\"https:\/\/x.com\/elsecreto\"]},{\"@type\":\"Person\",\"@id\":\"https:\/\/www.churbayportillo.com\/blog\/#\/schema\/person\/327f5e9fbcbeeb46bb1a6a1b69a3136b\",\"name\":\"Jorge Churba\",\"image\":{\"@type\":\"ImageObject\",\"inLanguage\":\"es\",\"@id\":\"https:\/\/secure.gravatar.com\/avatar\/c5f9205dc97a66e1143b707b76fe364da0a694698284e0bc4f5629e814e5ee66?s=96&d=mm&r=g\",\"url\":\"https:\/\/secure.gravatar.com\/avatar\/c5f9205dc97a66e1143b707b76fe364da0a694698284e0bc4f5629e814e5ee66?s=96&d=mm&r=g\",\"contentUrl\":\"https:\/\/secure.gravatar.com\/avatar\/c5f9205dc97a66e1143b707b76fe364da0a694698284e0bc4f5629e814e5ee66?s=96&d=mm&r=g\",\"caption\":\"Jorge Churba\"},\"description\":\"Me comunico, luego existo. Autor del Diccionario Pr\u00e1ctico de Internet para Emprendedores. Fundador de Churba &amp; Portillo y trabajador en Internet. S\u00edgueme en Twitter\",\"sameAs\":[\"https:\/\/www.churbayportillo.com\/blog\"],\"url\":\"https:\/\/www.churbayportillo.com\/blog\/author\/jorge\/\"}]}<\/script>\n<!-- \/ Yoast SEO plugin. -->","yoast_head_json":{"title":"Salir de la crisis ayudando a las pymes - El Secreto de las Pymes que crecen","robots":{"index":"index","follow":"follow","max-snippet":"max-snippet:-1","max-image-preview":"max-image-preview:large","max-video-preview":"max-video-preview:-1"},"canonical":"https:\/\/www.churbayportillo.com\/blog\/2008\/09\/04\/salir-de-la-crisis-ayudando-a-las-pymes\/","og_locale":"es_ES","og_type":"article","og_title":"Salir de la crisis ayudando a las pymes - El Secreto de las Pymes que crecen","og_description":"La C\u00e1mara de Comercio de La Rioja y Francisco Mart\u00ednez-Aldama, secretario general del PSOE regional, opinan igual: una de las soluciones a la crisis es ayudar a las pymes. Dicen que van a arrimar el ... Leer m\u00e1s","og_url":"https:\/\/www.churbayportillo.com\/blog\/2008\/09\/04\/salir-de-la-crisis-ayudando-a-las-pymes\/","og_site_name":"El Secreto de las Pymes que crecen","article_publisher":"https:\/\/www.facebook.com\/churbayportillo","article_published_time":"2008-09-04T06:00:55+00:00","article_modified_time":"2022-06-02T10:43:39+00:00","author":"Jorge Churba","twitter_card":"summary_large_image","twitter_creator":"@elsecreto","twitter_site":"@elsecreto","twitter_misc":{"Escrito por":"Jorge Churba"},"schema":{"@context":"https:\/\/schema.org","@graph":[{"@type":"Article","@id":"https:\/\/www.churbayportillo.com\/blog\/2008\/09\/04\/salir-de-la-crisis-ayudando-a-las-pymes\/#article","isPartOf":{"@id":"https:\/\/www.churbayportillo.com\/blog\/2008\/09\/04\/salir-de-la-crisis-ayudando-a-las-pymes\/"},"author":{"name":"Jorge Churba","@id":"https:\/\/www.churbayportillo.com\/blog\/#\/schema\/person\/327f5e9fbcbeeb46bb1a6a1b69a3136b"},"headline":"Salir de la crisis ayudando a las pymes","datePublished":"2008-09-04T06:00:55+00:00","dateModified":"2022-06-02T10:43:39+00:00","mainEntityOfPage":{"@id":"https:\/\/www.churbayportillo.com\/blog\/2008\/09\/04\/salir-de-la-crisis-ayudando-a-las-pymes\/"},"wordCount":54,"commentCount":2,"publisher":{"@id":"https:\/\/www.churbayportillo.com\/blog\/#organization"},"keywords":["Ayudas empresa","Crisis","Empresas espa\u00f1olas","Espa\u00f1a","La Rioja","Pymes"],"articleSection":["Ayudas y subvenciones","General","Pymes"],"inLanguage":"es","potentialAction":[{"@type":"CommentAction","name":"Comment","target":["https:\/\/www.churbayportillo.com\/blog\/2008\/09\/04\/salir-de-la-crisis-ayudando-a-las-pymes\/#respond"]}]},{"@type":"WebPage","@id":"https:\/\/www.churbayportillo.com\/blog\/2008\/09\/04\/salir-de-la-crisis-ayudando-a-las-pymes\/","url":"https:\/\/www.churbayportillo.com\/blog\/2008\/09\/04\/salir-de-la-crisis-ayudando-a-las-pymes\/","name":"Salir de la crisis ayudando a las pymes - El Secreto de las Pymes que crecen","isPartOf":{"@id":"https:\/\/www.churbayportillo.com\/blog\/#website"},"datePublished":"2008-09-04T06:00:55+00:00","dateModified":"2022-06-02T10:43:39+00:00","breadcrumb":{"@id":"https:\/\/www.churbayportillo.com\/blog\/2008\/09\/04\/salir-de-la-crisis-ayudando-a-las-pymes\/#breadcrumb"},"inLanguage":"es","potentialAction":[{"@type":"ReadAction","target":["https:\/\/www.churbayportillo.com\/blog\/2008\/09\/04\/salir-de-la-crisis-ayudando-a-las-pymes\/"]}]},{"@type":"BreadcrumbList","@id":"https:\/\/www.churbayportillo.com\/blog\/2008\/09\/04\/salir-de-la-crisis-ayudando-a-las-pymes\/#breadcrumb","itemListElement":[{"@type":"ListItem","position":1,"name":"Portada","item":"https:\/\/www.churbayportillo.com\/blog\/"},{"@type":"ListItem","position":2,"name":"Salir de la crisis ayudando a las pymes"}]},{"@type":"WebSite","@id":"https:\/\/www.churbayportillo.com\/blog\/#website","url":"https:\/\/www.churbayportillo.com\/blog\/","name":"El Secreto de las Pymes que crecen","description":"Informaci\u00f3n y consejos para vender m\u00e1s","publisher":{"@id":"https:\/\/www.churbayportillo.com\/blog\/#organization"},"potentialAction":[{"@type":"SearchAction","target":{"@type":"EntryPoint","urlTemplate":"https:\/\/www.churbayportillo.com\/blog\/?s={search_term_string}"},"query-input":{"@type":"PropertyValueSpecification","valueRequired":true,"valueName":"search_term_string"}}],"inLanguage":"es"},{"@type":"Organization","@id":"https:\/\/www.churbayportillo.com\/blog\/#organization","name":"El Secreto de las Pymes que crecen","url":"https:\/\/www.churbayportillo.com\/blog\/","logo":{"@type":"ImageObject","inLanguage":"es","@id":"https:\/\/www.churbayportillo.com\/blog\/#\/schema\/logo\/image\/","url":"https:\/\/www.churbayportillo.com\/blog\/wp-content\/uploads\/2021\/12\/logo.png","contentUrl":"https:\/\/www.churbayportillo.com\/blog\/wp-content\/uploads\/2021\/12\/logo.png","width":599,"height":109,"caption":"El Secreto de las Pymes que crecen"},"image":{"@id":"https:\/\/www.churbayportillo.com\/blog\/#\/schema\/logo\/image\/"},"sameAs":["https:\/\/www.facebook.com\/churbayportillo","https:\/\/x.com\/elsecreto"]},{"@type":"Person","@id":"https:\/\/www.churbayportillo.com\/blog\/#\/schema\/person\/327f5e9fbcbeeb46bb1a6a1b69a3136b","name":"Jorge Churba","image":{"@type":"ImageObject","inLanguage":"es","@id":"https:\/\/secure.gravatar.com\/avatar\/c5f9205dc97a66e1143b707b76fe364da0a694698284e0bc4f5629e814e5ee66?s=96&d=mm&r=g","url":"https:\/\/secure.gravatar.com\/avatar\/c5f9205dc97a66e1143b707b76fe364da0a694698284e0bc4f5629e814e5ee66?s=96&d=mm&r=g","contentUrl":"https:\/\/secure.gravatar.com\/avatar\/c5f9205dc97a66e1143b707b76fe364da0a694698284e0bc4f5629e814e5ee66?s=96&d=mm&r=g","caption":"Jorge Churba"},"description":"Me comunico, luego existo. Autor del Diccionario Pr\u00e1ctico de Internet para Emprendedores. Fundador de Churba &amp; Portillo y trabajador en Internet. S\u00edgueme en Twitter","sameAs":["https:\/\/www.churbayportillo.com\/blog"],"url":"https:\/\/www.churbayportillo.com\/blog\/author\/jorge\/"}]}},"jetpack_publicize_connections":[],"jetpack_featured_media_url":"","jetpack-related-posts":[{"id":1828,"url":"https:\/\/www.churbayportillo.com\/blog\/2008\/12\/15\/pymes-la-rioja-el-30-de-diciembre-finaliza-el-plazo-para-solicitar-500000e-en-ayudas\/","url_meta":{"origin":483,"position":0},"title":"Pymes La Rioja: el 30 de diciembre finaliza el plazo para solicitar 500.000\u20ac en ayudas","author":"Jorge Churba","date":"15 diciembre 2008","format":false,"excerpt":"Se trata de ayudas para enfrentar la crisis: la convocatoria que finaliza el 30 de diciembre est\u00e1 dotada con una l\u00ednea de financiaci\u00f3n de 500.000 euros para facilitar a las pymes el acceso a pr\u00e9stamos bancarios y mejorar las condiciones tanto en los plazos como en el inter\u00e9s. Est\u00e1n dirigidas\u2026","rel":"","context":"En \u00abAyudas y subvenciones\u00bb","block_context":{"text":"Ayudas y subvenciones","link":"https:\/\/www.churbayportillo.com\/blog\/category\/ayudas-y-subvenciones\/"},"img":{"alt_text":"","src":"","width":0,"height":0},"classes":[]},{"id":8204,"url":"https:\/\/www.churbayportillo.com\/blog\/2010\/02\/15\/pymes-la-rioja-ayudas-a-la-innovacion\/","url_meta":{"origin":483,"position":1},"title":"Pymes La Rioja: ayudas a la innovaci\u00f3n","author":"Jorge Churba","date":"15 febrero 2010","format":false,"excerpt":"El gobierno de La Rioja y la Agencia de Desarrollo de La Rioja (ADER) ya han abierto la convocatoria de ayudas a empresas de la regi\u00f3n para: Fomento de la investigaci\u00f3n. Desarrollo e innovaci\u00f3n (I+D+i). Creaci\u00f3n y desarrollo de empresas j\u00f3venes innovadoras y\/o de base tecnol\u00f3gica. Innoempresa: apoyo a la\u2026","rel":"","context":"En \u00abAyudas y subvenciones\u00bb","block_context":{"text":"Ayudas y subvenciones","link":"https:\/\/www.churbayportillo.com\/blog\/category\/ayudas-y-subvenciones\/"},"img":{"alt_text":"","src":"","width":0,"height":0},"classes":[]},{"id":1128,"url":"https:\/\/www.churbayportillo.com\/blog\/2008\/11\/14\/en-2009-habra-29000-millones-para-que-las-pymes-espanolas-superen-la-crisis\/","url_meta":{"origin":483,"position":2},"title":"En 2009 habr\u00e1 29.000 millones para que las pymes espa\u00f1olas superen la crisis","author":"Jorge Churba","date":"14 noviembre 2008","format":false,"excerpt":"Estos 29.000 millones de euros en cr\u00e9ditos del ICO estar\u00e1n disponibles en 2009 para financiar el circulante de las empresas \"que sean solventes y viables, pero que se vean afectadas por la actual situaci\u00f3n de restricci\u00f3n del cr\u00e9dito\" seg\u00fan informa El Pa\u00eds. El problema es que muchas empresas no llegar\u00e1n\u2026","rel":"","context":"En \u00abAyudas y subvenciones\u00bb","block_context":{"text":"Ayudas y subvenciones","link":"https:\/\/www.churbayportillo.com\/blog\/category\/ayudas-y-subvenciones\/"},"img":{"alt_text":"","src":"","width":0,"height":0},"classes":[]},{"id":1047,"url":"https:\/\/www.churbayportillo.com\/blog\/2008\/11\/09\/crisis-el-presidente-zapatero-anuncia-nuevas-medidas-en-favor-de-las-pymes\/","url_meta":{"origin":483,"position":3},"title":"Crisis: el presidente Zapatero anuncia nuevas medidas en favor de las pymes","author":"Jorge Churba","date":"9 noviembre 2008","format":false,"excerpt":"El presidente del gobierno espa\u00f1ol, Jos\u00e9 Luis Rodr\u00edguez Zapatero, anunci\u00f3 hoy en Canarias nuevas medidas para favorecer a las peque\u00f1as y medianas empresas (pymes), aunque no las concret\u00f3. Fuentes: rtve y La Vanguardia.","rel":"","context":"En \u00abAyudas y subvenciones\u00bb","block_context":{"text":"Ayudas y subvenciones","link":"https:\/\/www.churbayportillo.com\/blog\/category\/ayudas-y-subvenciones\/"},"img":{"alt_text":"","src":"https:\/\/i0.wp.com\/screto.s3.amazonaws.com\/uploads\/2008\/11\/zapatero.jpg?resize=350%2C200&ssl=1","width":350,"height":200},"classes":[]},{"id":1477,"url":"https:\/\/www.churbayportillo.com\/blog\/2008\/11\/26\/pymes-navarra-30-millones-en-avales-contra-la-crisis\/","url_meta":{"origin":483,"position":4},"title":"Pymes Navarra: 30 millones en avales contra la crisis","author":"Jorge Churba","date":"26 noviembre 2008","format":false,"excerpt":"Aval Navarra forma parte del plan anticrisis aprobado por el Parlamento Foral en noviembre con el objetivo de reactivar la econom\u00eda y hacer frente a la crisis. La cuant\u00eda de los avales estar\u00e1 comprendida entre los 60.000 y los 600.000 euros, sin que puedan superar el 60% de la inversi\u00f3n\u2026","rel":"","context":"En \u00abAyudas y subvenciones\u00bb","block_context":{"text":"Ayudas y subvenciones","link":"https:\/\/www.churbayportillo.com\/blog\/category\/ayudas-y-subvenciones\/"},"img":{"alt_text":"","src":"","width":0,"height":0},"classes":[]},{"id":930,"url":"https:\/\/www.churbayportillo.com\/blog\/2008\/11\/05\/pymes-galicia-500-millones-en-creditos\/","url_meta":{"origin":483,"position":5},"title":"Pymes Galicia: 500 millones en cr\u00e9ditos","author":"Jorge Churba","date":"5 noviembre 2008","format":false,"excerpt":"Ya se pueden solicitar estas ayudas para superar la crisis. Ser\u00e1n para \"financiar a las empresas viables con el objetivo de que mantengan su actividad productiva\" dijo Jos\u00e9 Ram\u00f3n Fern\u00e1ndez Antonio responsable de Econom\u00eda de la Xunta. Tienes m\u00e1s informaci\u00f3n en la Xunta y El Pa\u00eds. Encontrar\u00e1s los formularios en\u2026","rel":"","context":"En \u00abAyudas y subvenciones\u00bb","block_context":{"text":"Ayudas y subvenciones","link":"https:\/\/www.churbayportillo.com\/blog\/category\/ayudas-y-subvenciones\/"},"img":{"alt_text":"","src":"","width":0,"height":0},"classes":[]}],"jetpack_sharing_enabled":true,"_links":{"self":[{"href":"https:\/\/www.churbayportillo.com\/blog\/wp-json\/wp\/v2\/posts\/483","targetHints":{"allow":["GET"]}}],"collection":[{"href":"https:\/\/www.churbayportillo.com\/blog\/wp-json\/wp\/v2\/posts"}],"about":[{"href":"https:\/\/www.churbayportillo.com\/blog\/wp-json\/wp\/v2\/types\/post"}],"author":[{"embeddable":true,"href":"https:\/\/www.churbayportillo.com\/blog\/wp-json\/wp\/v2\/users\/3"}],"replies":[{"embeddable":true,"href":"https:\/\/www.churbayportillo.com\/blog\/wp-json\/wp\/v2\/comments?post=483"}],"version-history":[{"count":0,"href":"https:\/\/www.churbayportillo.com\/blog\/wp-json\/wp\/v2\/posts\/483\/revisions"}],"wp:attachment":[{"href":"https:\/\/www.churbayportillo.com\/blog\/wp-json\/wp\/v2\/media?parent=483"}],"wp:term":[{"taxonomy":"category","embeddable":true,"href":"https:\/\/www.churbayportillo.com\/blog\/wp-json\/wp\/v2\/categories?post=483"},{"taxonomy":"post_tag","embeddable":true,"href":"https:\/\/www.churbayportillo.com\/blog\/wp-json\/wp\/v2\/tags?post=483"}],"curies":[{"name":"wp","href":"https:\/\/api.w.org\/{rel}","templated":true}]}}