{"id":7865,"date":"2010-01-12T17:54:27","date_gmt":"2010-01-12T15:54:27","guid":{"rendered":"https:\/\/www.churbayportillo.com\/blog\/?p=7865"},"modified":"2023-01-19T12:21:08","modified_gmt":"2023-01-19T11:21:08","slug":"a-partir-de-hoy-red-y-libertad","status":"publish","type":"post","link":"https:\/\/www.churbayportillo.com\/blog\/2010\/01\/12\/a-partir-de-hoy-red-y-libertad\/","title":{"rendered":"A partir de hoy, Red y Libertad"},"content":{"rendered":"<p>Consideramos imprescindible la retirada de la disposici\u00f3n final primera de la Ley de Econom\u00eda Sostenible por los siguientes motivos:<\/p>\n<ol>\n<li>Viola los derechos constitucionales en los que se ha de basar un estado democr\u00e1tico en especial la presunci\u00f3n de inocencia, libertad de expresi\u00f3n, privacidad, inviolabilidad domiciliaria, tutela judicial efectiva, libertad de mercado, protecci\u00f3n de consumidoras y consumidores, entre otros.<\/li>\n<li>Genera para la Internet un estado de excepci\u00f3n en el cual la ciudadan\u00eda ser\u00e1 tratada mediante procedimientos administrativos sumar\u00edsimos reservados por la Audiencia Nacional a narcotraficantes y terroristas.<\/li>\n<li>Establece un procedimiento punitivo \u201ca la carta\u201d para casos en los que los tribunales ya han manifestado que no constitu\u00edan delito, implicando incluso la necesidad de modificar al menos 4 leyes, una de ellas org\u00e1nica. Esto conlleva un cambio radical en el sistema jur\u00eddico y una fuente de inseguridad para el sector de las TIC (Tecnolog\u00eda de la Informaci\u00f3n y la Comunicaci\u00f3n). Recordamos, en este sentido, que el intercambio de conocimiento y cultura en la red es un  motor econ\u00f3mico importante para salir de la crisis como se ha demostrado <a href=\"https:\/\/www.elmundo.es\/elmundo\/2009\/11\/20\/cultura\/1258739927.html\" target=\"_blank\" rel=\"noopener\">ampliamente.<\/a><\/li>\n<li>Los mecanismos preventivos urgentes de los que dispone la ley y la judicatura son para proteger a toda ciudadan\u00eda frente a riesgos tan graves como los que afectan a la salud p\u00fablica. El gobierno pretende utilizar estos mismos mecanismos de protecci\u00f3n global para beneficiar intereses particulares frente a la ciudadan\u00eda. Adem\u00e1s la normativa introducir\u00e1 el concepto de \u00ablucro indirecto\u00bb, es decir: a m\u00ed me pueden cerrrar el blog porque \u00abpromociono\u00bb a uno que \u00abpromociona\u00bb a otro que linka a un tercero que hace negocios presuntamente il\u00edcitos.<\/li>\n<li>Recordamos que la propiedad intelectual <a href=\"https:\/\/derechoynormas.blogspot.com\/2010\/01\/la-ley-de-ejecucion-por-la-sospecha.html\" target=\"_blank\" rel=\"noopener\">no es un derecho fundamental<\/a> contrariamente a las declaraciones del Ministro de Justicia, Francisco Caama\u00f1o. Lo que es un derecho fundamental es el derecho a la producci\u00f3n literaria y art\u00edstica.<\/li>\n<li>De acuerdo con las declaraciones de la Ministra de Cultura, esta disposici\u00f3n se utilizar\u00e1 exclusivamente para cerrar 200 webs que presuntamente est\u00e1n atentando contra los derechos de autor. Entendemos que si \u00e9ste es el objetivo de la disposici\u00f3n, no es necesaria, ya que con la legislaci\u00f3n actual existen procedimientos que permiten actuar contra webs, incluso con medidas cautelares, cuando presuntamente se est\u00e9 incumpliendo la legalidad. Por lo que no queda sino recelar de las verdaderas intenciones que la motivan ya que lo \u00fanico que a\u00f1ade a la legislaci\u00f3n actual es el hecho de dejar la ciudadan\u00eda en una situaci\u00f3n de grave indefensi\u00f3n jur\u00eddica en el entorno digital.<\/li>\n<li>Finalmente consideramos que la propuesta del gobierno no s\u00f3lo es un despilfarro de recursos sino que ser\u00e1 absolutamente ineficaz en sus presuntos prop\u00f3sitos y deja patente la absoluta incapacidad por parte del ejecutivo de entender los tiempos y motores de la Era Digital.<\/li>\n<\/ol>\n<p>La disposici\u00f3n es una concesi\u00f3n m\u00e1s a la vieja industria del entretenimiento en detrimento de los derechos fundamentales de la ciudadan\u00eda en la era digital.<\/p>\n<p>La ciudadan\u00eda no puede permitir de ninguna manera que sigan los intentos de vulnerar derechos fundamentales de las personas, sin la debida tutela judicial efectiva, para proteger derechos de menor rango como la propiedad intelectual. Dicha circunstancia ya fu\u00e9 aclarada con el dictado de inconstitucionalidad de la ley Corcuera (o ley de patada en la puerta). El Manifiesto en defensa de los derechos fundamentales en Internet, respaldado por m\u00e1s de 200 000 personas, ya avanz\u00f3 la reacci\u00f3n y demandas de la ciudadan\u00eda antes la perspectiva inaceptable del gobierno.<\/p>\n<p>Para impulsar un definitivo cambio de rumbo y coordinar una respuesta conjunta, el 9 de enero se ha constituido la \u00abRed SOStenible\u00bb una plataforma representativa de todos los sectores sociedad civil afectados. El objetivo es iniciar una ofensiva para garantizar una regulaci\u00f3n del entorno digital que permita expresar todo el potencial de la Red y de la creaci\u00f3n cultural respetando las libertades fundamentales.<\/p>\n<p>En este sentido, reconocemos como referencia para el desarrollo de la era digital, la <a href=\"https:\/\/fcforum.net\/\" target=\"_blank\" rel=\"noopener\">Carta para la innovaci\u00f3n, la creatividad y el acceso al conocimiento<\/a>, un documento de s\u00edntesis elaborado por m\u00e1s de <a href=\"https:\/\/fcforum.net\/charter_extended#signatories\" target=\"_blank\" rel=\"noopener\">100 expertos de 20 pa\u00edses<\/a> que recoge los principios legales fundamentales que deben inspirar este nuevo horizonte.<\/p>\n<p>En particular, consideramos que en estos momentos es especialmente urgentes la implementaci\u00f3n por parte de gobiernos e instituciones competentes, de los siguientes aspectos recogidos en la Carta:<\/p>\n<ol>\n<li>Las\/os artistas como todos los trabajadores tienen que poder vivir de su trabajo (referencia punto 2 \u00ab<a href=\"https:\/\/fcforum.net\/charter_extended#legal\" target=\"_blank\" rel=\"noopener\">Demandas legales<\/a>\u00ab, p\u00e1rrafo B. \u00abEst\u00edmulo de la creatividad y la innovaci\u00f3n\u00bb, de la <a href=\"https:\/\/fcforum.net\/charter_extended\" target=\"_blank\" rel=\"noopener\">Carta<\/a>);<\/li>\n<li>La sociedad necesita para su desarrollo de una red abierta y libre (referencia punto 2 \u00ab<a href=\"https:\/\/fcforum.net\/charter_extended#legal\" target=\"_blank\" rel=\"noopener\">Demandas legales<\/a>\u00ab, p\u00e1rrafo D \u00abAcceso a las infraestructuras tecnol\u00f3gicas\u00bb, de la <a href=\"https:\/\/fcforum.net\/charter_extended\" target=\"_blank\" rel=\"noopener\">Carta<\/a>);<\/li>\n<li>El derecho a cita y el derecho a compartir tienen que ser potenciado y no limitado como fundamento de toda posibilidad de informaci\u00f3n y constitutivo de todo conocimiento (referencia punto 2 \u00ab<a href=\"https:\/\/fcforum.net\/charter_extended#legal\" target=\"_blank\" rel=\"noopener\">Demandas legales<\/a>\u00ab, p\u00e1rrafo A \u00abDerechos en un contexto digital\u00bb, de la <a href=\"https:\/\/fcforum.net\/charter_extended\" target=\"_blank\" rel=\"noopener\">Carta<\/a>);<\/li>\n<li>La ciudadan\u00eda debe poder disfrutar libremente de los derechos exclusivos de los bienes p\u00fablicos que se pagan con su dinero, con el dinero publico (referencia punto 2 \u00ab<a href=\"https:\/\/fcforum.net\/charter_extended#legal\" target=\"_blank\" rel=\"noopener\">Demandas legales<\/a>\u00ab, p\u00e1rrafo C \u00abConocimiento com\u00fan y dominio p\u00fablico\u00bb, de la <a href=\"https:\/\/fcforum.net\/charter_extended\" target=\"_blank\" rel=\"noopener\">Carta<\/a>);<\/li>\n<li>Consideramos necesaria una reforma en profundidad del sistema de las entidades de gesti\u00f3n y la abolici\u00f3n del canon digital (referencia punto 2 \u00ab<a href=\"https:\/\/fcforum.net\/charter_extended#legal\" target=\"_blank\" rel=\"noopener\">Demandas legales<\/a>\u00ab, p\u00e1rrafo B. \u00abEst\u00edmulo de la creatividad y la innovaci\u00f3n\u00bb, de la <a href=\"https:\/\/fcforum.net\/charter_extended\" target=\"_blank\" rel=\"noopener\">Carta<\/a>).<\/li>\n<\/ol>\n<p>Por todo ello hoy se inicia la campa\u00f1a INTERNET NO SERA OTRA TELE y se llevar\u00e1n a cabo diversas acciones ciudadanas durante todo el periodo de la presidencia espa\u00f1ola de la UE.<\/p>\n<p>Consideramos particularmente importantes en el calendario de la presidencia de turno espa\u00f1ola el II Congreso de Econom\u00eda de la Cultura (29 y 30 de marzo en Barcelona), Reuni\u00f3n Informal de ministros de Cultura (30 y 31 de marzo en Barcelona) y la reuni\u00f3n de ministros de Telecomunicaciones (18 a 20 de abril en Granada).<\/p>\n<p>La Red tiene previsto reunirse con representantes nacionales e internacionales de partidos pol\u00edticos, representantes de la cultura y legaciones diplom\u00e1ticas.<\/p>\n<p>Firmado Red SOStenible<\/p>\n<p>https:\/\/Red-SOStenible.net<\/p>\n<p>La Red Sostenible somos todos. Si quieres adherirte a este texto, c\u00f3pialo, bloggu\u00e9alo, dif\u00fandelo.<\/p>\n","protected":false},"excerpt":{"rendered":"<p>Consideramos imprescindible la retirada de la disposici\u00f3n final primera de la Ley de Econom\u00eda Sostenible por los siguientes motivos: Viola los derechos constitucionales en los que se ha de basar un estado democr\u00e1tico en especial &#8230; <a title=\"A partir de hoy, Red y Libertad\" class=\"read-more\" href=\"https:\/\/www.churbayportillo.com\/blog\/2010\/01\/12\/a-partir-de-hoy-red-y-libertad\/\" aria-label=\"Leer m\u00e1s sobre A partir de hoy, Red y Libertad\">Leer m\u00e1s<\/a><\/p>\n","protected":false},"author":3,"featured_media":0,"comment_status":"open","ping_status":"open","sticky":false,"template":"","format":"standard","meta":{"_jetpack_memberships_contains_paid_content":false,"footnotes":"","jetpack_publicize_message":"","jetpack_publicize_feature_enabled":true,"jetpack_social_post_already_shared":false,"jetpack_social_options":{"image_generator_settings":{"template":"highway","default_image_id":0,"font":"","enabled":false},"version":2}},"categories":[6,9,10,1,13],"tags":[773,47],"class_list":["post-7865","post","type-post","status-publish","format-standard","hentry","category-blogs","category-comercio-electronico","category-emprendedores","category-general","category-responsabilidad-social","tag-gonzalez-sinde","tag-internet"],"yoast_head":"<!-- This site is optimized with the Yoast SEO plugin v27.2 - https:\/\/yoast.com\/product\/yoast-seo-wordpress\/ -->\n<title>A partir de hoy, Red y Libertad - El Secreto de las Pymes que crecen<\/title>\n<meta name=\"robots\" content=\"index, follow, max-snippet:-1, max-image-preview:large, max-video-preview:-1\" \/>\n<link rel=\"canonical\" href=\"https:\/\/www.churbayportillo.com\/blog\/2010\/01\/12\/a-partir-de-hoy-red-y-libertad\/\" \/>\n<meta property=\"og:locale\" content=\"es_ES\" \/>\n<meta property=\"og:type\" content=\"article\" \/>\n<meta property=\"og:title\" content=\"A partir de hoy, Red y Libertad - El Secreto de las Pymes que crecen\" \/>\n<meta property=\"og:description\" content=\"Consideramos imprescindible la retirada de la disposici\u00f3n final primera de la Ley de Econom\u00eda Sostenible por los siguientes motivos: Viola los derechos constitucionales en los que se ha de basar un estado democr\u00e1tico en especial ... Leer m\u00e1s\" \/>\n<meta property=\"og:url\" content=\"https:\/\/www.churbayportillo.com\/blog\/2010\/01\/12\/a-partir-de-hoy-red-y-libertad\/\" \/>\n<meta property=\"og:site_name\" content=\"El Secreto de las Pymes que crecen\" \/>\n<meta property=\"article:publisher\" content=\"https:\/\/www.facebook.com\/churbayportillo\" \/>\n<meta property=\"article:published_time\" content=\"2010-01-12T15:54:27+00:00\" \/>\n<meta property=\"article:modified_time\" content=\"2023-01-19T11:21:08+00:00\" \/>\n<meta name=\"author\" content=\"Jorge Churba\" \/>\n<meta name=\"twitter:card\" content=\"summary_large_image\" \/>\n<meta name=\"twitter:creator\" content=\"@elsecreto\" \/>\n<meta name=\"twitter:site\" content=\"@elsecreto\" \/>\n<meta name=\"twitter:label1\" content=\"Escrito por\" \/>\n\t<meta name=\"twitter:data1\" content=\"Jorge Churba\" \/>\n\t<meta name=\"twitter:label2\" content=\"Tiempo de lectura\" \/>\n\t<meta name=\"twitter:data2\" content=\"5 minutos\" \/>\n<script type=\"application\/ld+json\" class=\"yoast-schema-graph\">{\"@context\":\"https:\/\/schema.org\",\"@graph\":[{\"@type\":\"Article\",\"@id\":\"https:\/\/www.churbayportillo.com\/blog\/2010\/01\/12\/a-partir-de-hoy-red-y-libertad\/#article\",\"isPartOf\":{\"@id\":\"https:\/\/www.churbayportillo.com\/blog\/2010\/01\/12\/a-partir-de-hoy-red-y-libertad\/\"},\"author\":{\"name\":\"Jorge Churba\",\"@id\":\"https:\/\/www.churbayportillo.com\/blog\/#\/schema\/person\/327f5e9fbcbeeb46bb1a6a1b69a3136b\"},\"headline\":\"A partir de hoy, Red y Libertad\",\"datePublished\":\"2010-01-12T15:54:27+00:00\",\"dateModified\":\"2023-01-19T11:21:08+00:00\",\"mainEntityOfPage\":{\"@id\":\"https:\/\/www.churbayportillo.com\/blog\/2010\/01\/12\/a-partir-de-hoy-red-y-libertad\/\"},\"wordCount\":1073,\"commentCount\":1,\"publisher\":{\"@id\":\"https:\/\/www.churbayportillo.com\/blog\/#organization\"},\"keywords\":[\"Gonz\u00e1lez-Sinde\",\"Internet\"],\"articleSection\":[\"Blogs\",\"Comercio electr\u00f3nico\",\"Emprendedores\",\"General\",\"Responsabilidad social\"],\"inLanguage\":\"es\",\"potentialAction\":[{\"@type\":\"CommentAction\",\"name\":\"Comment\",\"target\":[\"https:\/\/www.churbayportillo.com\/blog\/2010\/01\/12\/a-partir-de-hoy-red-y-libertad\/#respond\"]}]},{\"@type\":\"WebPage\",\"@id\":\"https:\/\/www.churbayportillo.com\/blog\/2010\/01\/12\/a-partir-de-hoy-red-y-libertad\/\",\"url\":\"https:\/\/www.churbayportillo.com\/blog\/2010\/01\/12\/a-partir-de-hoy-red-y-libertad\/\",\"name\":\"A partir de hoy, Red y Libertad - El Secreto de las Pymes que crecen\",\"isPartOf\":{\"@id\":\"https:\/\/www.churbayportillo.com\/blog\/#website\"},\"datePublished\":\"2010-01-12T15:54:27+00:00\",\"dateModified\":\"2023-01-19T11:21:08+00:00\",\"breadcrumb\":{\"@id\":\"https:\/\/www.churbayportillo.com\/blog\/2010\/01\/12\/a-partir-de-hoy-red-y-libertad\/#breadcrumb\"},\"inLanguage\":\"es\",\"potentialAction\":[{\"@type\":\"ReadAction\",\"target\":[\"https:\/\/www.churbayportillo.com\/blog\/2010\/01\/12\/a-partir-de-hoy-red-y-libertad\/\"]}]},{\"@type\":\"BreadcrumbList\",\"@id\":\"https:\/\/www.churbayportillo.com\/blog\/2010\/01\/12\/a-partir-de-hoy-red-y-libertad\/#breadcrumb\",\"itemListElement\":[{\"@type\":\"ListItem\",\"position\":1,\"name\":\"Portada\",\"item\":\"https:\/\/www.churbayportillo.com\/blog\/\"},{\"@type\":\"ListItem\",\"position\":2,\"name\":\"A partir de hoy, Red y Libertad\"}]},{\"@type\":\"WebSite\",\"@id\":\"https:\/\/www.churbayportillo.com\/blog\/#website\",\"url\":\"https:\/\/www.churbayportillo.com\/blog\/\",\"name\":\"El Secreto de las Pymes que crecen\",\"description\":\"Informaci\u00f3n y consejos para vender m\u00e1s\",\"publisher\":{\"@id\":\"https:\/\/www.churbayportillo.com\/blog\/#organization\"},\"potentialAction\":[{\"@type\":\"SearchAction\",\"target\":{\"@type\":\"EntryPoint\",\"urlTemplate\":\"https:\/\/www.churbayportillo.com\/blog\/?s={search_term_string}\"},\"query-input\":{\"@type\":\"PropertyValueSpecification\",\"valueRequired\":true,\"valueName\":\"search_term_string\"}}],\"inLanguage\":\"es\"},{\"@type\":\"Organization\",\"@id\":\"https:\/\/www.churbayportillo.com\/blog\/#organization\",\"name\":\"El Secreto de las Pymes que crecen\",\"url\":\"https:\/\/www.churbayportillo.com\/blog\/\",\"logo\":{\"@type\":\"ImageObject\",\"inLanguage\":\"es\",\"@id\":\"https:\/\/www.churbayportillo.com\/blog\/#\/schema\/logo\/image\/\",\"url\":\"https:\/\/www.churbayportillo.com\/blog\/wp-content\/uploads\/2021\/12\/logo.png\",\"contentUrl\":\"https:\/\/www.churbayportillo.com\/blog\/wp-content\/uploads\/2021\/12\/logo.png\",\"width\":599,\"height\":109,\"caption\":\"El Secreto de las Pymes que crecen\"},\"image\":{\"@id\":\"https:\/\/www.churbayportillo.com\/blog\/#\/schema\/logo\/image\/\"},\"sameAs\":[\"https:\/\/www.facebook.com\/churbayportillo\",\"https:\/\/x.com\/elsecreto\"]},{\"@type\":\"Person\",\"@id\":\"https:\/\/www.churbayportillo.com\/blog\/#\/schema\/person\/327f5e9fbcbeeb46bb1a6a1b69a3136b\",\"name\":\"Jorge Churba\",\"image\":{\"@type\":\"ImageObject\",\"inLanguage\":\"es\",\"@id\":\"https:\/\/secure.gravatar.com\/avatar\/c5f9205dc97a66e1143b707b76fe364da0a694698284e0bc4f5629e814e5ee66?s=96&d=mm&r=g\",\"url\":\"https:\/\/secure.gravatar.com\/avatar\/c5f9205dc97a66e1143b707b76fe364da0a694698284e0bc4f5629e814e5ee66?s=96&d=mm&r=g\",\"contentUrl\":\"https:\/\/secure.gravatar.com\/avatar\/c5f9205dc97a66e1143b707b76fe364da0a694698284e0bc4f5629e814e5ee66?s=96&d=mm&r=g\",\"caption\":\"Jorge Churba\"},\"description\":\"Me comunico, luego existo. Autor del Diccionario Pr\u00e1ctico de Internet para Emprendedores. Fundador de Churba &amp; Portillo y trabajador en Internet. S\u00edgueme en Twitter\",\"sameAs\":[\"https:\/\/www.churbayportillo.com\/blog\"],\"url\":\"https:\/\/www.churbayportillo.com\/blog\/author\/jorge\/\"}]}<\/script>\n<!-- \/ Yoast SEO plugin. -->","yoast_head_json":{"title":"A partir de hoy, Red y Libertad - El Secreto de las Pymes que crecen","robots":{"index":"index","follow":"follow","max-snippet":"max-snippet:-1","max-image-preview":"max-image-preview:large","max-video-preview":"max-video-preview:-1"},"canonical":"https:\/\/www.churbayportillo.com\/blog\/2010\/01\/12\/a-partir-de-hoy-red-y-libertad\/","og_locale":"es_ES","og_type":"article","og_title":"A partir de hoy, Red y Libertad - El Secreto de las Pymes que crecen","og_description":"Consideramos imprescindible la retirada de la disposici\u00f3n final primera de la Ley de Econom\u00eda Sostenible por los siguientes motivos: Viola los derechos constitucionales en los que se ha de basar un estado democr\u00e1tico en especial ... Leer m\u00e1s","og_url":"https:\/\/www.churbayportillo.com\/blog\/2010\/01\/12\/a-partir-de-hoy-red-y-libertad\/","og_site_name":"El Secreto de las Pymes que crecen","article_publisher":"https:\/\/www.facebook.com\/churbayportillo","article_published_time":"2010-01-12T15:54:27+00:00","article_modified_time":"2023-01-19T11:21:08+00:00","author":"Jorge Churba","twitter_card":"summary_large_image","twitter_creator":"@elsecreto","twitter_site":"@elsecreto","twitter_misc":{"Escrito por":"Jorge Churba","Tiempo de lectura":"5 minutos"},"schema":{"@context":"https:\/\/schema.org","@graph":[{"@type":"Article","@id":"https:\/\/www.churbayportillo.com\/blog\/2010\/01\/12\/a-partir-de-hoy-red-y-libertad\/#article","isPartOf":{"@id":"https:\/\/www.churbayportillo.com\/blog\/2010\/01\/12\/a-partir-de-hoy-red-y-libertad\/"},"author":{"name":"Jorge Churba","@id":"https:\/\/www.churbayportillo.com\/blog\/#\/schema\/person\/327f5e9fbcbeeb46bb1a6a1b69a3136b"},"headline":"A partir de hoy, Red y Libertad","datePublished":"2010-01-12T15:54:27+00:00","dateModified":"2023-01-19T11:21:08+00:00","mainEntityOfPage":{"@id":"https:\/\/www.churbayportillo.com\/blog\/2010\/01\/12\/a-partir-de-hoy-red-y-libertad\/"},"wordCount":1073,"commentCount":1,"publisher":{"@id":"https:\/\/www.churbayportillo.com\/blog\/#organization"},"keywords":["Gonz\u00e1lez-Sinde","Internet"],"articleSection":["Blogs","Comercio electr\u00f3nico","Emprendedores","General","Responsabilidad social"],"inLanguage":"es","potentialAction":[{"@type":"CommentAction","name":"Comment","target":["https:\/\/www.churbayportillo.com\/blog\/2010\/01\/12\/a-partir-de-hoy-red-y-libertad\/#respond"]}]},{"@type":"WebPage","@id":"https:\/\/www.churbayportillo.com\/blog\/2010\/01\/12\/a-partir-de-hoy-red-y-libertad\/","url":"https:\/\/www.churbayportillo.com\/blog\/2010\/01\/12\/a-partir-de-hoy-red-y-libertad\/","name":"A partir de hoy, Red y Libertad - El Secreto de las Pymes que crecen","isPartOf":{"@id":"https:\/\/www.churbayportillo.com\/blog\/#website"},"datePublished":"2010-01-12T15:54:27+00:00","dateModified":"2023-01-19T11:21:08+00:00","breadcrumb":{"@id":"https:\/\/www.churbayportillo.com\/blog\/2010\/01\/12\/a-partir-de-hoy-red-y-libertad\/#breadcrumb"},"inLanguage":"es","potentialAction":[{"@type":"ReadAction","target":["https:\/\/www.churbayportillo.com\/blog\/2010\/01\/12\/a-partir-de-hoy-red-y-libertad\/"]}]},{"@type":"BreadcrumbList","@id":"https:\/\/www.churbayportillo.com\/blog\/2010\/01\/12\/a-partir-de-hoy-red-y-libertad\/#breadcrumb","itemListElement":[{"@type":"ListItem","position":1,"name":"Portada","item":"https:\/\/www.churbayportillo.com\/blog\/"},{"@type":"ListItem","position":2,"name":"A partir de hoy, Red y Libertad"}]},{"@type":"WebSite","@id":"https:\/\/www.churbayportillo.com\/blog\/#website","url":"https:\/\/www.churbayportillo.com\/blog\/","name":"El Secreto de las Pymes que crecen","description":"Informaci\u00f3n y consejos para vender m\u00e1s","publisher":{"@id":"https:\/\/www.churbayportillo.com\/blog\/#organization"},"potentialAction":[{"@type":"SearchAction","target":{"@type":"EntryPoint","urlTemplate":"https:\/\/www.churbayportillo.com\/blog\/?s={search_term_string}"},"query-input":{"@type":"PropertyValueSpecification","valueRequired":true,"valueName":"search_term_string"}}],"inLanguage":"es"},{"@type":"Organization","@id":"https:\/\/www.churbayportillo.com\/blog\/#organization","name":"El Secreto de las Pymes que crecen","url":"https:\/\/www.churbayportillo.com\/blog\/","logo":{"@type":"ImageObject","inLanguage":"es","@id":"https:\/\/www.churbayportillo.com\/blog\/#\/schema\/logo\/image\/","url":"https:\/\/www.churbayportillo.com\/blog\/wp-content\/uploads\/2021\/12\/logo.png","contentUrl":"https:\/\/www.churbayportillo.com\/blog\/wp-content\/uploads\/2021\/12\/logo.png","width":599,"height":109,"caption":"El Secreto de las Pymes que crecen"},"image":{"@id":"https:\/\/www.churbayportillo.com\/blog\/#\/schema\/logo\/image\/"},"sameAs":["https:\/\/www.facebook.com\/churbayportillo","https:\/\/x.com\/elsecreto"]},{"@type":"Person","@id":"https:\/\/www.churbayportillo.com\/blog\/#\/schema\/person\/327f5e9fbcbeeb46bb1a6a1b69a3136b","name":"Jorge Churba","image":{"@type":"ImageObject","inLanguage":"es","@id":"https:\/\/secure.gravatar.com\/avatar\/c5f9205dc97a66e1143b707b76fe364da0a694698284e0bc4f5629e814e5ee66?s=96&d=mm&r=g","url":"https:\/\/secure.gravatar.com\/avatar\/c5f9205dc97a66e1143b707b76fe364da0a694698284e0bc4f5629e814e5ee66?s=96&d=mm&r=g","contentUrl":"https:\/\/secure.gravatar.com\/avatar\/c5f9205dc97a66e1143b707b76fe364da0a694698284e0bc4f5629e814e5ee66?s=96&d=mm&r=g","caption":"Jorge Churba"},"description":"Me comunico, luego existo. Autor del Diccionario Pr\u00e1ctico de Internet para Emprendedores. Fundador de Churba &amp; Portillo y trabajador en Internet. S\u00edgueme en Twitter","sameAs":["https:\/\/www.churbayportillo.com\/blog"],"url":"https:\/\/www.churbayportillo.com\/blog\/author\/jorge\/"}]}},"jetpack_publicize_connections":[],"jetpack_featured_media_url":"","jetpack-related-posts":[{"id":15462,"url":"https:\/\/www.churbayportillo.com\/blog\/2011\/11\/21\/el-80-de-los-consumidores-se-informa-en-internet-antes-de-comprar\/","url_meta":{"origin":7865,"position":0},"title":"El 80% de los consumidores se informa en Internet antes de comprar","author":"Jorge Churba","date":"21 noviembre 2011","format":false,"excerpt":"Una raz\u00f3n m\u00e1s para que tu empresa est\u00e9 en Internet, aunque tu tienda est\u00e9 en la calle y no en la red: cada vez m\u00e1s consumidores se informan acerca de los productos, sus precios y condiciones de venta en Internet, aunque luego hagan sus compras en un comercio tradicional. Seg\u00fan\u2026","rel":"","context":"En \u00abGeneral\u00bb","block_context":{"text":"General","link":"https:\/\/www.churbayportillo.com\/blog\/category\/general\/"},"img":{"alt_text":"Interrogaci\u00f3n","src":"https:\/\/i0.wp.com\/screto.s3.amazonaws.com\/uploads\/2011\/11\/Interrogacion.jpg?resize=350%2C200&ssl=1","width":350,"height":200},"classes":[]},{"id":22871,"url":"https:\/\/www.churbayportillo.com\/blog\/2013\/11\/05\/como-asegurar-tu-libertad-e-independencia-en-internet\/","url_meta":{"origin":7865,"position":1},"title":"C\u00f3mo asegurar tu libertad e independencia en Internet","author":"Jorge Churba","date":"5 noviembre 2013","format":false,"excerpt":"Hay diferentes maneras de aprovechar las oportunidades de negocio en Internet, pero solo una f\u00f3rmula asegura tu libertad e independencia en la red. S\u00ed, puedes crear una tienda en Facebook, vender en eBay, en Amazon o en otros marketplaces, pero siempre estar\u00e1s en una casa ajena, de la que te\u2026","rel":"","context":"En \u00abComercio electr\u00f3nico\u00bb","block_context":{"text":"Comercio electr\u00f3nico","link":"https:\/\/www.churbayportillo.com\/blog\/category\/comercio-electronico\/"},"img":{"alt_text":"pajaros","src":"https:\/\/i0.wp.com\/www.churbayportillo.com\/blog\/wp-content\/uploads\/2013\/11\/pajaros-500x255.jpg?resize=350%2C200&ssl=1","width":350,"height":200},"classes":[]},{"id":11604,"url":"https:\/\/www.churbayportillo.com\/blog\/2010\/11\/11\/comercio-electronico-aprender-de-los-consumidores\/","url_meta":{"origin":7865,"position":2},"title":"Comercio electr\u00f3nico: aprender de los consumidores","author":"Jorge Churba","date":"11 noviembre 2010","format":false,"excerpt":"Hace un tiempo sol\u00eda o\u00edrse yo no compro por Internet porque vete a saber que pasa con mi tarjeta, me da miedo. Hoy las cifras de ventas demuestran claramente que los consumidores han superado ese temor. Lo demuestran con hechos, gastando su dinero en Internet. Sin embargo, a muchas empresas\u2026","rel":"","context":"En \u00abComercio electr\u00f3nico\u00bb","block_context":{"text":"Comercio electr\u00f3nico","link":"https:\/\/www.churbayportillo.com\/blog\/category\/comercio-electronico\/"},"img":{"alt_text":"Tarjetas cr\u00e9dito en internet","src":"https:\/\/i0.wp.com\/screto.s3.amazonaws.com\/uploads\/2010\/11\/tarjetas-credito.jpg?resize=350%2C200&ssl=1","width":350,"height":200},"classes":[]},{"id":18352,"url":"https:\/\/www.churbayportillo.com\/blog\/2012\/07\/19\/por-que-responder-a-los-comentarios-de-los-consumidores-en-las-redes-sociales\/","url_meta":{"origin":7865,"position":3},"title":"\u00bfPor qu\u00e9 responder a los comentarios de los consumidores en las redes sociales?","author":"Jorge Churba","date":"19 julio 2012","format":false,"excerpt":"La respuesta m\u00e1s obvia podr\u00eda ser porque eso es lo que la gente espera. Sin embargo, hay una raz\u00f3n mucho m\u00e1s importante. Efectivamente, un estudio realizado a trav\u00e9s de Internet demostr\u00f3 que el 60% de los consumidores entrevistados esperaba que las marcas respondieran a su comentarios en las redes sociales.\u2026","rel":"","context":"En \u00abBranding\u00bb","block_context":{"text":"Branding","link":"https:\/\/www.churbayportillo.com\/blog\/category\/branding\/"},"img":{"alt_text":"Redes sociales","src":"https:\/\/i0.wp.com\/screto.s3.amazonaws.com\/uploads\/2012\/07\/redes-sociales.jpg?resize=350%2C200&ssl=1","width":350,"height":200},"classes":[]},{"id":12524,"url":"https:\/\/www.churbayportillo.com\/blog\/2011\/02\/03\/aumenta-la-confianza-en-el-comercio-electronico\/","url_meta":{"origin":7865,"position":4},"title":"Aumenta la confianza en el comercio electr\u00f3nico","author":"Jorge Churba","date":"3 febrero 2011","format":false,"excerpt":"Estas son buenas noticias: aumenta la confianza de los consumidores en el comercio electr\u00f3nico, informa el Instituto Nacional de Tecnolog\u00edas de la Comunicaci\u00f3n (INTECO). El estudio realizado por este instituto en el tercer trimestre de 2010 muestra una mejora de la confianza del consumidor a pesar del aumento de los\u2026","rel":"","context":"En \u00abComercio electr\u00f3nico\u00bb","block_context":{"text":"Comercio electr\u00f3nico","link":"https:\/\/www.churbayportillo.com\/blog\/category\/comercio-electronico\/"},"img":{"alt_text":"carrito de la compra","src":"https:\/\/i0.wp.com\/screto.s3.amazonaws.com\/uploads\/2006\/07\/carrito.gif?resize=350%2C200&ssl=1","width":350,"height":200},"classes":[]},{"id":15777,"url":"https:\/\/www.churbayportillo.com\/blog\/2011\/12\/16\/por-fin-internet-explorer-se-actualizara-automaticamente\/","url_meta":{"origin":7865,"position":5},"title":"Por fin Internet Explorer se actualizar\u00e1 autom\u00e1ticamente","author":"Jorge Churba","date":"16 diciembre 2011","format":false,"excerpt":"Microsoft anunci\u00f3 que a partir del pr\u00f3ximo a\u00f1o 2012 su navegador, Internet Explorer, se actualizar\u00e1 autom\u00e1ticamente, lo que es bueno para los consumidores, para los desarrolladores y para las empresas. Tal como dice TechCrunch, ya era hora que Microsoft hiciera lo mismo que los desarrolladores de otros navegadores, es decir\u2026","rel":"","context":"En \u00abBlogs\u00bb","block_context":{"text":"Blogs","link":"https:\/\/www.churbayportillo.com\/blog\/category\/blogs\/"},"img":{"alt_text":"Internet Explorer","src":"https:\/\/i0.wp.com\/screto.s3.amazonaws.com\/uploads\/2011\/12\/Internet-Explorer.jpg?resize=350%2C200&ssl=1","width":350,"height":200},"classes":[]}],"jetpack_sharing_enabled":true,"_links":{"self":[{"href":"https:\/\/www.churbayportillo.com\/blog\/wp-json\/wp\/v2\/posts\/7865","targetHints":{"allow":["GET"]}}],"collection":[{"href":"https:\/\/www.churbayportillo.com\/blog\/wp-json\/wp\/v2\/posts"}],"about":[{"href":"https:\/\/www.churbayportillo.com\/blog\/wp-json\/wp\/v2\/types\/post"}],"author":[{"embeddable":true,"href":"https:\/\/www.churbayportillo.com\/blog\/wp-json\/wp\/v2\/users\/3"}],"replies":[{"embeddable":true,"href":"https:\/\/www.churbayportillo.com\/blog\/wp-json\/wp\/v2\/comments?post=7865"}],"version-history":[{"count":0,"href":"https:\/\/www.churbayportillo.com\/blog\/wp-json\/wp\/v2\/posts\/7865\/revisions"}],"wp:attachment":[{"href":"https:\/\/www.churbayportillo.com\/blog\/wp-json\/wp\/v2\/media?parent=7865"}],"wp:term":[{"taxonomy":"category","embeddable":true,"href":"https:\/\/www.churbayportillo.com\/blog\/wp-json\/wp\/v2\/categories?post=7865"},{"taxonomy":"post_tag","embeddable":true,"href":"https:\/\/www.churbayportillo.com\/blog\/wp-json\/wp\/v2\/tags?post=7865"}],"curies":[{"name":"wp","href":"https:\/\/api.w.org\/{rel}","templated":true}]}}