{"id":8148,"date":"2010-02-08T09:38:58","date_gmt":"2010-02-08T07:38:58","guid":{"rendered":"https:\/\/www.churbayportillo.com\/blog\/?p=8148"},"modified":"2022-06-02T10:45:23","modified_gmt":"2022-06-02T08:45:23","slug":"el-compromiso-del-personal-es-fundamental-para-superar-la-crisis","status":"publish","type":"post","link":"https:\/\/www.churbayportillo.com\/blog\/2010\/02\/08\/el-compromiso-del-personal-es-fundamental-para-superar-la-crisis\/","title":{"rendered":"El compromiso del personal es fundamental para superar la crisis"},"content":{"rendered":"<p style=\"text-align: center;\"><img loading=\"lazy\" decoding=\"async\" class=\"size-full wp-image-8155 aligncenter\" title=\"equipo\" src=\"https:\/\/screto.s3.amazonaws.com\/uploads\/2010\/02\/equipo.jpg\" alt=\"equipo\" width=\"450\" height=\"212\" srcset=\"https:\/\/www.churbayportillo.com\/blog\/wp-content\/uploads\/2010\/02\/equipo.jpg 450w, https:\/\/www.churbayportillo.com\/blog\/wp-content\/uploads\/2010\/02\/equipo-300x141.jpg 300w\" sizes=\"auto, (max-width: 450px) 100vw, 450px\" \/><\/p>\n<p>En estos tiempos de crisis en los que mucha gente est&aacute; buscando trabajo en Espa&ntilde;a y se est\u00e1 discutiendo una reforma laboral, mantener al personal contento y comprometido no parece ser una prioridad, sin embargo podr\u00eda ser el factor clave para conseguir que una empresa supere la crisis.<!--more--><\/p>\n<p>Esa es la conclusi\u00f3n de un estudio llevado a cabo por Escuela de Negocios de Universidad de Kingston, en Gran Breta\u00f1a y que confirma la <a title=\"Vende m\u00e1s ilusionando a tus empleados\" href=\"https:\/\/www.churbayportillo.com\/blog\/2007\/09\/18\/aumentar-la-ilusion-de-los-empleados-incrementa-las-ventas-hasta-un-40\/\">importancia del ambiente laboral en los resultados empresariales<\/a>.<\/p>\n<p>El informe, <em>Creando personal comprometido<\/em>, encargado por el Chartered Institute of Personnel and Development, fue el producto de un estudio de dos a\u00f1os en ocho organizaciones del sector privado y p\u00fablico.<\/p>\n<p>La doctora Kerstin Alf\u00e9s, investigadora principal del proyecto, dijo que los empleados comprometidos obtienen mejores resultados, son m\u00e1s innovadores, ven m\u00e1s manejable a su carga de trabajo, tienen m\u00e1s probabilidades de permanecer con su empleador y ofrecen un servicio de alta calidad los clientes.<\/p>\n<blockquote><p>El factor m\u00e1s importante en la creaci\u00f3n de una fuerza de trabajo comprometida es hacer que la gente encuentre un sentido a su trabajo, por eso es tan importante que los empleadores expliquen al personal su contribuci\u00f3n a la organizaci\u00f3n, explic\u00f3.<\/p><\/blockquote>\n<p>Sin embargo, advirti\u00f3 contra la excesiva dedicaci\u00f3n al trabajo.<\/p>\n<blockquote><p>Si los empleados no pueden desconectar del trabajo, rendir\u00e1n menos; ya que trabajar a un alto nivel durante largos per\u00edodos no es sostenible.<\/p><\/blockquote>\n<p>Alf\u00e9s dijo que la investigaci\u00f3n era particularmente pertinente en el actual clima econ\u00f3mico.<\/p>\n<blockquote><p>Nuestra investigaci\u00f3n ha demostrado claramente el impacto positivo del compromiso de los empleados en el \u00e9xito de la organizaci\u00f3n y en el bienestar individual. Esto es particularmente importante en una recesi\u00f3n econ\u00f3mica, ya que el compromiso significa que el personal est\u00e1 dispuesto a ir m\u00e1s all\u00e1 para hacer las cosas y si una organizaci\u00f3n est\u00e1 luchando por sobrevivir, \u00e9sta podr\u00eda ser la diferencia entre conseguirlo o no.<\/p><\/blockquote>\n<p>Fuente: Kingston University.<\/p>\n","protected":false},"excerpt":{"rendered":"<p>En estos tiempos de crisis en los que mucha gente est&aacute; buscando trabajo en Espa&ntilde;a y se est\u00e1 discutiendo una reforma laboral, mantener al personal contento y comprometido no parece ser una prioridad, sin embargo &#8230; <a title=\"El compromiso del personal es fundamental para superar la crisis\" class=\"read-more\" href=\"https:\/\/www.churbayportillo.com\/blog\/2010\/02\/08\/el-compromiso-del-personal-es-fundamental-para-superar-la-crisis\/\" aria-label=\"Leer m\u00e1s sobre El compromiso del personal es fundamental para superar la crisis\">Leer m\u00e1s<\/a><\/p>\n","protected":false},"author":3,"featured_media":0,"comment_status":"open","ping_status":"open","sticky":false,"template":"","format":"standard","meta":{"_jetpack_memberships_contains_paid_content":false,"footnotes":"","jetpack_publicize_message":"","jetpack_publicize_feature_enabled":true,"jetpack_social_post_already_shared":false,"jetpack_social_options":{"image_generator_settings":{"template":"highway","default_image_id":0,"font":"","enabled":false},"version":2}},"categories":[1,11,13],"tags":[458,694,704,933],"class_list":["post-8148","post","type-post","status-publish","format-standard","hentry","category-general","category-pymes","category-responsabilidad-social","tag-exito","tag-crisis","tag-empresas","tag-negocios"],"yoast_head":"<!-- This site is optimized with the Yoast SEO plugin v27.2 - https:\/\/yoast.com\/product\/yoast-seo-wordpress\/ -->\n<title>El compromiso del personal es fundamental para superar la crisis - El Secreto de las Pymes que crecen<\/title>\n<meta name=\"robots\" content=\"index, follow, max-snippet:-1, max-image-preview:large, max-video-preview:-1\" \/>\n<link rel=\"canonical\" href=\"https:\/\/www.churbayportillo.com\/blog\/2010\/02\/08\/el-compromiso-del-personal-es-fundamental-para-superar-la-crisis\/\" \/>\n<meta property=\"og:locale\" content=\"es_ES\" \/>\n<meta property=\"og:type\" content=\"article\" \/>\n<meta property=\"og:title\" content=\"El compromiso del personal es fundamental para superar la crisis - El Secreto de las Pymes que crecen\" \/>\n<meta property=\"og:description\" content=\"En estos tiempos de crisis en los que mucha gente est&aacute; buscando trabajo en Espa&ntilde;a y se est\u00e1 discutiendo una reforma laboral, mantener al personal contento y comprometido no parece ser una prioridad, sin embargo ... Leer m\u00e1s\" \/>\n<meta property=\"og:url\" content=\"https:\/\/www.churbayportillo.com\/blog\/2010\/02\/08\/el-compromiso-del-personal-es-fundamental-para-superar-la-crisis\/\" \/>\n<meta property=\"og:site_name\" content=\"El Secreto de las Pymes que crecen\" \/>\n<meta property=\"article:publisher\" content=\"https:\/\/www.facebook.com\/churbayportillo\" \/>\n<meta property=\"article:published_time\" content=\"2010-02-08T07:38:58+00:00\" \/>\n<meta property=\"article:modified_time\" content=\"2022-06-02T08:45:23+00:00\" \/>\n<meta property=\"og:image\" content=\"https:\/\/screto.s3.amazonaws.com\/uploads\/2010\/02\/equipo.jpg\" \/>\n<meta name=\"author\" content=\"Jorge Churba\" \/>\n<meta name=\"twitter:card\" content=\"summary_large_image\" \/>\n<meta name=\"twitter:creator\" content=\"@elsecreto\" \/>\n<meta name=\"twitter:site\" content=\"@elsecreto\" \/>\n<meta name=\"twitter:label1\" content=\"Escrito por\" \/>\n\t<meta name=\"twitter:data1\" content=\"Jorge Churba\" \/>\n\t<meta name=\"twitter:label2\" content=\"Tiempo de lectura\" \/>\n\t<meta name=\"twitter:data2\" content=\"2 minutos\" \/>\n<script type=\"application\/ld+json\" class=\"yoast-schema-graph\">{\"@context\":\"https:\/\/schema.org\",\"@graph\":[{\"@type\":\"Article\",\"@id\":\"https:\/\/www.churbayportillo.com\/blog\/2010\/02\/08\/el-compromiso-del-personal-es-fundamental-para-superar-la-crisis\/#article\",\"isPartOf\":{\"@id\":\"https:\/\/www.churbayportillo.com\/blog\/2010\/02\/08\/el-compromiso-del-personal-es-fundamental-para-superar-la-crisis\/\"},\"author\":{\"name\":\"Jorge Churba\",\"@id\":\"https:\/\/www.churbayportillo.com\/blog\/#\/schema\/person\/327f5e9fbcbeeb46bb1a6a1b69a3136b\"},\"headline\":\"El compromiso del personal es fundamental para superar la crisis\",\"datePublished\":\"2010-02-08T07:38:58+00:00\",\"dateModified\":\"2022-06-02T08:45:23+00:00\",\"mainEntityOfPage\":{\"@id\":\"https:\/\/www.churbayportillo.com\/blog\/2010\/02\/08\/el-compromiso-del-personal-es-fundamental-para-superar-la-crisis\/\"},\"wordCount\":351,\"commentCount\":1,\"publisher\":{\"@id\":\"https:\/\/www.churbayportillo.com\/blog\/#organization\"},\"image\":{\"@id\":\"https:\/\/www.churbayportillo.com\/blog\/2010\/02\/08\/el-compromiso-del-personal-es-fundamental-para-superar-la-crisis\/#primaryimage\"},\"thumbnailUrl\":\"https:\/\/screto.s3.amazonaws.com\/uploads\/2010\/02\/equipo.jpg\",\"keywords\":[\"\u00e9xito\",\"Crisis\",\"Empresas\",\"Negocios\"],\"articleSection\":[\"General\",\"Pymes\",\"Responsabilidad social\"],\"inLanguage\":\"es\",\"potentialAction\":[{\"@type\":\"CommentAction\",\"name\":\"Comment\",\"target\":[\"https:\/\/www.churbayportillo.com\/blog\/2010\/02\/08\/el-compromiso-del-personal-es-fundamental-para-superar-la-crisis\/#respond\"]}]},{\"@type\":\"WebPage\",\"@id\":\"https:\/\/www.churbayportillo.com\/blog\/2010\/02\/08\/el-compromiso-del-personal-es-fundamental-para-superar-la-crisis\/\",\"url\":\"https:\/\/www.churbayportillo.com\/blog\/2010\/02\/08\/el-compromiso-del-personal-es-fundamental-para-superar-la-crisis\/\",\"name\":\"El compromiso del personal es fundamental para superar la crisis - El Secreto de las Pymes que crecen\",\"isPartOf\":{\"@id\":\"https:\/\/www.churbayportillo.com\/blog\/#website\"},\"primaryImageOfPage\":{\"@id\":\"https:\/\/www.churbayportillo.com\/blog\/2010\/02\/08\/el-compromiso-del-personal-es-fundamental-para-superar-la-crisis\/#primaryimage\"},\"image\":{\"@id\":\"https:\/\/www.churbayportillo.com\/blog\/2010\/02\/08\/el-compromiso-del-personal-es-fundamental-para-superar-la-crisis\/#primaryimage\"},\"thumbnailUrl\":\"https:\/\/screto.s3.amazonaws.com\/uploads\/2010\/02\/equipo.jpg\",\"datePublished\":\"2010-02-08T07:38:58+00:00\",\"dateModified\":\"2022-06-02T08:45:23+00:00\",\"breadcrumb\":{\"@id\":\"https:\/\/www.churbayportillo.com\/blog\/2010\/02\/08\/el-compromiso-del-personal-es-fundamental-para-superar-la-crisis\/#breadcrumb\"},\"inLanguage\":\"es\",\"potentialAction\":[{\"@type\":\"ReadAction\",\"target\":[\"https:\/\/www.churbayportillo.com\/blog\/2010\/02\/08\/el-compromiso-del-personal-es-fundamental-para-superar-la-crisis\/\"]}]},{\"@type\":\"ImageObject\",\"inLanguage\":\"es\",\"@id\":\"https:\/\/www.churbayportillo.com\/blog\/2010\/02\/08\/el-compromiso-del-personal-es-fundamental-para-superar-la-crisis\/#primaryimage\",\"url\":\"https:\/\/screto.s3.amazonaws.com\/uploads\/2010\/02\/equipo.jpg\",\"contentUrl\":\"https:\/\/screto.s3.amazonaws.com\/uploads\/2010\/02\/equipo.jpg\"},{\"@type\":\"BreadcrumbList\",\"@id\":\"https:\/\/www.churbayportillo.com\/blog\/2010\/02\/08\/el-compromiso-del-personal-es-fundamental-para-superar-la-crisis\/#breadcrumb\",\"itemListElement\":[{\"@type\":\"ListItem\",\"position\":1,\"name\":\"Portada\",\"item\":\"https:\/\/www.churbayportillo.com\/blog\/\"},{\"@type\":\"ListItem\",\"position\":2,\"name\":\"El compromiso del personal es fundamental para superar la crisis\"}]},{\"@type\":\"WebSite\",\"@id\":\"https:\/\/www.churbayportillo.com\/blog\/#website\",\"url\":\"https:\/\/www.churbayportillo.com\/blog\/\",\"name\":\"El Secreto de las Pymes que crecen\",\"description\":\"Informaci\u00f3n y consejos para vender m\u00e1s\",\"publisher\":{\"@id\":\"https:\/\/www.churbayportillo.com\/blog\/#organization\"},\"potentialAction\":[{\"@type\":\"SearchAction\",\"target\":{\"@type\":\"EntryPoint\",\"urlTemplate\":\"https:\/\/www.churbayportillo.com\/blog\/?s={search_term_string}\"},\"query-input\":{\"@type\":\"PropertyValueSpecification\",\"valueRequired\":true,\"valueName\":\"search_term_string\"}}],\"inLanguage\":\"es\"},{\"@type\":\"Organization\",\"@id\":\"https:\/\/www.churbayportillo.com\/blog\/#organization\",\"name\":\"El Secreto de las Pymes que crecen\",\"url\":\"https:\/\/www.churbayportillo.com\/blog\/\",\"logo\":{\"@type\":\"ImageObject\",\"inLanguage\":\"es\",\"@id\":\"https:\/\/www.churbayportillo.com\/blog\/#\/schema\/logo\/image\/\",\"url\":\"https:\/\/www.churbayportillo.com\/blog\/wp-content\/uploads\/2021\/12\/logo.png\",\"contentUrl\":\"https:\/\/www.churbayportillo.com\/blog\/wp-content\/uploads\/2021\/12\/logo.png\",\"width\":599,\"height\":109,\"caption\":\"El Secreto de las Pymes que crecen\"},\"image\":{\"@id\":\"https:\/\/www.churbayportillo.com\/blog\/#\/schema\/logo\/image\/\"},\"sameAs\":[\"https:\/\/www.facebook.com\/churbayportillo\",\"https:\/\/x.com\/elsecreto\"]},{\"@type\":\"Person\",\"@id\":\"https:\/\/www.churbayportillo.com\/blog\/#\/schema\/person\/327f5e9fbcbeeb46bb1a6a1b69a3136b\",\"name\":\"Jorge Churba\",\"image\":{\"@type\":\"ImageObject\",\"inLanguage\":\"es\",\"@id\":\"https:\/\/secure.gravatar.com\/avatar\/c5f9205dc97a66e1143b707b76fe364da0a694698284e0bc4f5629e814e5ee66?s=96&d=mm&r=g\",\"url\":\"https:\/\/secure.gravatar.com\/avatar\/c5f9205dc97a66e1143b707b76fe364da0a694698284e0bc4f5629e814e5ee66?s=96&d=mm&r=g\",\"contentUrl\":\"https:\/\/secure.gravatar.com\/avatar\/c5f9205dc97a66e1143b707b76fe364da0a694698284e0bc4f5629e814e5ee66?s=96&d=mm&r=g\",\"caption\":\"Jorge Churba\"},\"description\":\"Me comunico, luego existo. Autor del Diccionario Pr\u00e1ctico de Internet para Emprendedores. Fundador de Churba &amp; Portillo y trabajador en Internet. S\u00edgueme en Twitter\",\"sameAs\":[\"https:\/\/www.churbayportillo.com\/blog\"],\"url\":\"https:\/\/www.churbayportillo.com\/blog\/author\/jorge\/\"}]}<\/script>\n<!-- \/ Yoast SEO plugin. -->","yoast_head_json":{"title":"El compromiso del personal es fundamental para superar la crisis - El Secreto de las Pymes que crecen","robots":{"index":"index","follow":"follow","max-snippet":"max-snippet:-1","max-image-preview":"max-image-preview:large","max-video-preview":"max-video-preview:-1"},"canonical":"https:\/\/www.churbayportillo.com\/blog\/2010\/02\/08\/el-compromiso-del-personal-es-fundamental-para-superar-la-crisis\/","og_locale":"es_ES","og_type":"article","og_title":"El compromiso del personal es fundamental para superar la crisis - El Secreto de las Pymes que crecen","og_description":"En estos tiempos de crisis en los que mucha gente est&aacute; buscando trabajo en Espa&ntilde;a y se est\u00e1 discutiendo una reforma laboral, mantener al personal contento y comprometido no parece ser una prioridad, sin embargo ... Leer m\u00e1s","og_url":"https:\/\/www.churbayportillo.com\/blog\/2010\/02\/08\/el-compromiso-del-personal-es-fundamental-para-superar-la-crisis\/","og_site_name":"El Secreto de las Pymes que crecen","article_publisher":"https:\/\/www.facebook.com\/churbayportillo","article_published_time":"2010-02-08T07:38:58+00:00","article_modified_time":"2022-06-02T08:45:23+00:00","og_image":[{"url":"https:\/\/screto.s3.amazonaws.com\/uploads\/2010\/02\/equipo.jpg","type":"","width":"","height":""}],"author":"Jorge Churba","twitter_card":"summary_large_image","twitter_creator":"@elsecreto","twitter_site":"@elsecreto","twitter_misc":{"Escrito por":"Jorge Churba","Tiempo de lectura":"2 minutos"},"schema":{"@context":"https:\/\/schema.org","@graph":[{"@type":"Article","@id":"https:\/\/www.churbayportillo.com\/blog\/2010\/02\/08\/el-compromiso-del-personal-es-fundamental-para-superar-la-crisis\/#article","isPartOf":{"@id":"https:\/\/www.churbayportillo.com\/blog\/2010\/02\/08\/el-compromiso-del-personal-es-fundamental-para-superar-la-crisis\/"},"author":{"name":"Jorge Churba","@id":"https:\/\/www.churbayportillo.com\/blog\/#\/schema\/person\/327f5e9fbcbeeb46bb1a6a1b69a3136b"},"headline":"El compromiso del personal es fundamental para superar la crisis","datePublished":"2010-02-08T07:38:58+00:00","dateModified":"2022-06-02T08:45:23+00:00","mainEntityOfPage":{"@id":"https:\/\/www.churbayportillo.com\/blog\/2010\/02\/08\/el-compromiso-del-personal-es-fundamental-para-superar-la-crisis\/"},"wordCount":351,"commentCount":1,"publisher":{"@id":"https:\/\/www.churbayportillo.com\/blog\/#organization"},"image":{"@id":"https:\/\/www.churbayportillo.com\/blog\/2010\/02\/08\/el-compromiso-del-personal-es-fundamental-para-superar-la-crisis\/#primaryimage"},"thumbnailUrl":"https:\/\/screto.s3.amazonaws.com\/uploads\/2010\/02\/equipo.jpg","keywords":["\u00e9xito","Crisis","Empresas","Negocios"],"articleSection":["General","Pymes","Responsabilidad social"],"inLanguage":"es","potentialAction":[{"@type":"CommentAction","name":"Comment","target":["https:\/\/www.churbayportillo.com\/blog\/2010\/02\/08\/el-compromiso-del-personal-es-fundamental-para-superar-la-crisis\/#respond"]}]},{"@type":"WebPage","@id":"https:\/\/www.churbayportillo.com\/blog\/2010\/02\/08\/el-compromiso-del-personal-es-fundamental-para-superar-la-crisis\/","url":"https:\/\/www.churbayportillo.com\/blog\/2010\/02\/08\/el-compromiso-del-personal-es-fundamental-para-superar-la-crisis\/","name":"El compromiso del personal es fundamental para superar la crisis - El Secreto de las Pymes que crecen","isPartOf":{"@id":"https:\/\/www.churbayportillo.com\/blog\/#website"},"primaryImageOfPage":{"@id":"https:\/\/www.churbayportillo.com\/blog\/2010\/02\/08\/el-compromiso-del-personal-es-fundamental-para-superar-la-crisis\/#primaryimage"},"image":{"@id":"https:\/\/www.churbayportillo.com\/blog\/2010\/02\/08\/el-compromiso-del-personal-es-fundamental-para-superar-la-crisis\/#primaryimage"},"thumbnailUrl":"https:\/\/screto.s3.amazonaws.com\/uploads\/2010\/02\/equipo.jpg","datePublished":"2010-02-08T07:38:58+00:00","dateModified":"2022-06-02T08:45:23+00:00","breadcrumb":{"@id":"https:\/\/www.churbayportillo.com\/blog\/2010\/02\/08\/el-compromiso-del-personal-es-fundamental-para-superar-la-crisis\/#breadcrumb"},"inLanguage":"es","potentialAction":[{"@type":"ReadAction","target":["https:\/\/www.churbayportillo.com\/blog\/2010\/02\/08\/el-compromiso-del-personal-es-fundamental-para-superar-la-crisis\/"]}]},{"@type":"ImageObject","inLanguage":"es","@id":"https:\/\/www.churbayportillo.com\/blog\/2010\/02\/08\/el-compromiso-del-personal-es-fundamental-para-superar-la-crisis\/#primaryimage","url":"https:\/\/screto.s3.amazonaws.com\/uploads\/2010\/02\/equipo.jpg","contentUrl":"https:\/\/screto.s3.amazonaws.com\/uploads\/2010\/02\/equipo.jpg"},{"@type":"BreadcrumbList","@id":"https:\/\/www.churbayportillo.com\/blog\/2010\/02\/08\/el-compromiso-del-personal-es-fundamental-para-superar-la-crisis\/#breadcrumb","itemListElement":[{"@type":"ListItem","position":1,"name":"Portada","item":"https:\/\/www.churbayportillo.com\/blog\/"},{"@type":"ListItem","position":2,"name":"El compromiso del personal es fundamental para superar la crisis"}]},{"@type":"WebSite","@id":"https:\/\/www.churbayportillo.com\/blog\/#website","url":"https:\/\/www.churbayportillo.com\/blog\/","name":"El Secreto de las Pymes que crecen","description":"Informaci\u00f3n y consejos para vender m\u00e1s","publisher":{"@id":"https:\/\/www.churbayportillo.com\/blog\/#organization"},"potentialAction":[{"@type":"SearchAction","target":{"@type":"EntryPoint","urlTemplate":"https:\/\/www.churbayportillo.com\/blog\/?s={search_term_string}"},"query-input":{"@type":"PropertyValueSpecification","valueRequired":true,"valueName":"search_term_string"}}],"inLanguage":"es"},{"@type":"Organization","@id":"https:\/\/www.churbayportillo.com\/blog\/#organization","name":"El Secreto de las Pymes que crecen","url":"https:\/\/www.churbayportillo.com\/blog\/","logo":{"@type":"ImageObject","inLanguage":"es","@id":"https:\/\/www.churbayportillo.com\/blog\/#\/schema\/logo\/image\/","url":"https:\/\/www.churbayportillo.com\/blog\/wp-content\/uploads\/2021\/12\/logo.png","contentUrl":"https:\/\/www.churbayportillo.com\/blog\/wp-content\/uploads\/2021\/12\/logo.png","width":599,"height":109,"caption":"El Secreto de las Pymes que crecen"},"image":{"@id":"https:\/\/www.churbayportillo.com\/blog\/#\/schema\/logo\/image\/"},"sameAs":["https:\/\/www.facebook.com\/churbayportillo","https:\/\/x.com\/elsecreto"]},{"@type":"Person","@id":"https:\/\/www.churbayportillo.com\/blog\/#\/schema\/person\/327f5e9fbcbeeb46bb1a6a1b69a3136b","name":"Jorge Churba","image":{"@type":"ImageObject","inLanguage":"es","@id":"https:\/\/secure.gravatar.com\/avatar\/c5f9205dc97a66e1143b707b76fe364da0a694698284e0bc4f5629e814e5ee66?s=96&d=mm&r=g","url":"https:\/\/secure.gravatar.com\/avatar\/c5f9205dc97a66e1143b707b76fe364da0a694698284e0bc4f5629e814e5ee66?s=96&d=mm&r=g","contentUrl":"https:\/\/secure.gravatar.com\/avatar\/c5f9205dc97a66e1143b707b76fe364da0a694698284e0bc4f5629e814e5ee66?s=96&d=mm&r=g","caption":"Jorge Churba"},"description":"Me comunico, luego existo. Autor del Diccionario Pr\u00e1ctico de Internet para Emprendedores. Fundador de Churba &amp; Portillo y trabajador en Internet. S\u00edgueme en Twitter","sameAs":["https:\/\/www.churbayportillo.com\/blog"],"url":"https:\/\/www.churbayportillo.com\/blog\/author\/jorge\/"}]}},"jetpack_publicize_connections":[],"jetpack_featured_media_url":"","jetpack-related-posts":[{"id":489,"url":"https:\/\/www.churbayportillo.com\/blog\/2008\/09\/10\/nuevas-tecnologias-en-las-pymes-fundamentales-para-superar-la-crisis\/","url_meta":{"origin":8148,"position":0},"title":"Nuevas tecnolog\u00edas en las pymes, fundamentales para superar la crisis","author":"Jorge Churba","date":"10 septiembre 2008","format":false,"excerpt":"En la situaci\u00f3n actual, las pymes no pueden darse el lujo de prescindir de las nuevas tecnolog\u00edas (TIC). Lo dicen expertos a ambos lados del Atl\u00e1ntico. En Valencia, John Bessant, de la Tanaka Bussiness School del Imperial College, dijo en la conferencia inaugural del IX Congreso Internacional Continuous Innovation Network\u2026","rel":"","context":"En \u00abEmprendedores\u00bb","block_context":{"text":"Emprendedores","link":"https:\/\/www.churbayportillo.com\/blog\/category\/emprendedores\/"},"img":{"alt_text":"","src":"","width":0,"height":0},"classes":[]},{"id":2973,"url":"https:\/\/www.churbayportillo.com\/blog\/2009\/02\/26\/contra-la-crisis-comercio-electronico\/","url_meta":{"origin":8148,"position":1},"title":"Contra la crisis, comercio electr\u00f3nico","author":"Jorge Churba","date":"26 febrero 2009","format":false,"excerpt":"A pesar de la crisis, el comercio electr\u00f3nico creci\u00f3 un 40% en 2008, hasta llegar a los 5.183 millones de euros. Adem\u00e1s, las compras realizadas en webs espa\u00f1olas superaron por primera vez a las efectuadas en el extranjero. Lo m\u00e1s vendido son los billetes de avi\u00f3n y viajes. Si est\u00e1s\u2026","rel":"","context":"En \u00abComercio electr\u00f3nico\u00bb","block_context":{"text":"Comercio electr\u00f3nico","link":"https:\/\/www.churbayportillo.com\/blog\/category\/comercio-electronico\/"},"img":{"alt_text":"","src":"https:\/\/i0.wp.com\/www.churbayportillo.com\/blog\/wp-content\/uploads\/2009\/02\/e-commerce.jpg?resize=350%2C200&ssl=1","width":350,"height":200},"classes":[]},{"id":7986,"url":"https:\/\/www.churbayportillo.com\/blog\/2010\/01\/25\/la-pymes-acaban-con-los-viajes-de-empresa\/","url_meta":{"origin":8148,"position":2},"title":"La pymes acaban con los viajes de empresa","author":"Jorge Churba","date":"25 enero 2010","format":false,"excerpt":"Los viajes se hacen cada d\u00eda menos necesarios, m\u00e1s en tiempos de crisis cuando reducir costes es cuesti\u00f3n de supervivencia. As\u00ed lo entienden la mayor\u00eda de las pymes, un 61%, que han reemplazado sus viajes de negocios por comunicaciones alternativas como videoconferencias e Internet. Claro que son datos de un\u2026","rel":"","context":"En \u00abEmprendedores\u00bb","block_context":{"text":"Emprendedores","link":"https:\/\/www.churbayportillo.com\/blog\/category\/emprendedores\/"},"img":{"alt_text":"coste de viaje","src":"https:\/\/i0.wp.com\/screto.s3.amazonaws.com\/uploads\/2010\/01\/coste-de-viaje.jpg?resize=350%2C200&ssl=1","width":350,"height":200},"classes":[]},{"id":877,"url":"https:\/\/www.churbayportillo.com\/blog\/2008\/11\/03\/ideas-para-superar-la-crisis-el-trueque\/","url_meta":{"origin":8148,"position":3},"title":"Ideas para superar la crisis: el trueque","author":"Jorge Churba","date":"3 noviembre 2008","format":false,"excerpt":"Ya estoy viendo la cara de muchos. \u00a1Vaya cutrez! -estar\u00e1n pensando algunos-. Todav\u00eda no hemos llegado tan bajo -exclamar\u00e1n otros- Sin embargo el trueque, llamado a menudo por otros nombres, siempre ha sido una pr\u00e1ctica habitual entre grandes empresas, incluso entre pa\u00edses. En los medios de comunicaci\u00f3n por ejemplo, el\u2026","rel":"","context":"En \u00abEmprendedores\u00bb","block_context":{"text":"Emprendedores","link":"https:\/\/www.churbayportillo.com\/blog\/category\/emprendedores\/"},"img":{"alt_text":"","src":"https:\/\/i0.wp.com\/screto.s3.amazonaws.com\/uploads\/2008\/11\/trueque.jpg?resize=350%2C200&ssl=1","width":350,"height":200},"classes":[]},{"id":17720,"url":"https:\/\/www.churbayportillo.com\/blog\/2012\/05\/25\/negocios-para-tiempos-de-crisis-minicasas\/","url_meta":{"origin":8148,"position":4},"title":"Negocios para tiempos de crisis: minicasas","author":"Jorge Churba","date":"25 mayo 2012","format":false,"excerpt":"Si esta crisis econ\u00f3mica fue motivada por la burbuja inmobiliaria, hay quienes piensan que un nuevo tipo de casas puede servir para superarla, por eso apuestan por viviendas min\u00fasculas, que en muchas ocasiones son ecol\u00f3gicas y transportables. La abanderada de este movimiento es la arquitecta Sarah Susanka que con su\u2026","rel":"","context":"En \u00abComercio electr\u00f3nico\u00bb","block_context":{"text":"Comercio electr\u00f3nico","link":"https:\/\/www.churbayportillo.com\/blog\/category\/comercio-electronico\/"},"img":{"alt_text":"Mini casa","src":"https:\/\/i0.wp.com\/screto.s3.amazonaws.com\/uploads\/2012\/05\/mini-casa.jpg?resize=350%2C200&ssl=1","width":350,"height":200},"classes":[]},{"id":6324,"url":"https:\/\/www.churbayportillo.com\/blog\/2009\/09\/11\/no-estas-loco-eres-un-emprendedor\/","url_meta":{"origin":8148,"position":5},"title":"No est\u00e1s loco, eres un emprendedor","author":"Jorge Churba","date":"11 septiembre 2009","format":false,"excerpt":"Si a pesar de la crisis est\u00e1s trabajando para crear una empresa, no est\u00e1s loco, simplemente eres un emprendedor. Aunque tu familia te diga, d\u00e9jate de tonter\u00edas y prepara unas oposiciones. Aunque tu amigos te propongan ir de marcha, en el preciso momento en que t\u00fa te propones trabajar en\u2026","rel":"","context":"En \u00abEmprendedores\u00bb","block_context":{"text":"Emprendedores","link":"https:\/\/www.churbayportillo.com\/blog\/category\/emprendedores\/"},"img":{"alt_text":"emprendedor","src":"https:\/\/i0.wp.com\/www.churbayportillo.com\/blog\/wp-content\/uploads\/2009\/09\/emprendedor.jpg?resize=350%2C200&ssl=1","width":350,"height":200},"classes":[]}],"jetpack_sharing_enabled":true,"_links":{"self":[{"href":"https:\/\/www.churbayportillo.com\/blog\/wp-json\/wp\/v2\/posts\/8148","targetHints":{"allow":["GET"]}}],"collection":[{"href":"https:\/\/www.churbayportillo.com\/blog\/wp-json\/wp\/v2\/posts"}],"about":[{"href":"https:\/\/www.churbayportillo.com\/blog\/wp-json\/wp\/v2\/types\/post"}],"author":[{"embeddable":true,"href":"https:\/\/www.churbayportillo.com\/blog\/wp-json\/wp\/v2\/users\/3"}],"replies":[{"embeddable":true,"href":"https:\/\/www.churbayportillo.com\/blog\/wp-json\/wp\/v2\/comments?post=8148"}],"version-history":[{"count":0,"href":"https:\/\/www.churbayportillo.com\/blog\/wp-json\/wp\/v2\/posts\/8148\/revisions"}],"wp:attachment":[{"href":"https:\/\/www.churbayportillo.com\/blog\/wp-json\/wp\/v2\/media?parent=8148"}],"wp:term":[{"taxonomy":"category","embeddable":true,"href":"https:\/\/www.churbayportillo.com\/blog\/wp-json\/wp\/v2\/categories?post=8148"},{"taxonomy":"post_tag","embeddable":true,"href":"https:\/\/www.churbayportillo.com\/blog\/wp-json\/wp\/v2\/tags?post=8148"}],"curies":[{"name":"wp","href":"https:\/\/api.w.org\/{rel}","templated":true}]}}