{"id":8320,"date":"2010-02-24T08:00:42","date_gmt":"2010-02-24T07:00:42","guid":{"rendered":"https:\/\/www.churbayportillo.com\/blog\/?p=8320"},"modified":"2022-06-02T12:51:17","modified_gmt":"2022-06-02T10:51:17","slug":"seminarios-para-emprendedores-inmigrantes-de-aqui-y-de-alla","status":"publish","type":"post","link":"https:\/\/www.churbayportillo.com\/blog\/2010\/02\/24\/seminarios-para-emprendedores-inmigrantes-de-aqui-y-de-alla\/","title":{"rendered":"Seminarios para emprendedores inmigrantes de aqu\u00ed y de all\u00e1"},"content":{"rendered":"<p><img loading=\"lazy\" decoding=\"async\" class=\"aligncenter size-full wp-image-8333\" title=\"seminarios-emprendedores-inmigrantes\" src=\"https:\/\/screto.s3.amazonaws.com\/uploads\/2010\/02\/seminarios-emprendedores-inmigrantes.jpg\" alt=\"\" width=\"450\" height=\"92\" srcset=\"https:\/\/www.churbayportillo.com\/blog\/wp-content\/uploads\/2010\/02\/seminarios-emprendedores-inmigrantes.jpg 450w, https:\/\/www.churbayportillo.com\/blog\/wp-content\/uploads\/2010\/02\/seminarios-emprendedores-inmigrantes-300x61.jpg 300w\" sizes=\"auto, (max-width: 450px) 100vw, 450px\" \/><\/p>\n<p>Interesante iniciativa de la Fundaci\u00f3n Galicia Emigraci\u00f3n: impartir seminarios para emprendedores que sean emigrantes retornados o inmigrantes en Galicia.<\/p>\n<p>Para 2010 tienen programados tres seminarios gratis:<\/p>\n<ul>\n<li>Motivaci\u00f3n emprendedora, c\u00f3mo ser un buen emprendedor.<\/li>\n<li>Generaci\u00f3n, maduraci\u00f3n y evaluaci\u00f3n de las ideas empresariales.<\/li>\n<li>Creaci\u00f3n de nuevos proyectos de empresa.<\/li>\n<\/ul>\n<p><!--more-->El\u00a0 primero ya ha terminado, el segundo se est\u00e1 realizando y el \u00faltimo, que constar\u00e1 de 35 horas lectivas y asesoramiento de proyectos, tendr\u00e1 lugar en A Coru\u00f1a en junio y julio.<\/p>\n<p>Aqu\u00ed tienes m\u00e1s informaci\u00f3n y la ficha de preinscripci\u00f3n.<\/p>\n<p>Me pregunto si de esta iniciativa surgir\u00e1 alg\u00fan proyecto en el que participen <a title=\"Emprendedores inmigrantes\" href=\"https:\/\/www.churbayportillo.com\/blog\/2008\/02\/04\/emprendedores-inmigrantes\/\">emprendedores inmigrantes<\/a> de aqu\u00ed y de all\u00e1.<\/p>\n<p>V\u00eda La Regi\u00f3n Internacional.<\/p>\n","protected":false},"excerpt":{"rendered":"<p>Interesante iniciativa de la Fundaci\u00f3n Galicia Emigraci\u00f3n: impartir seminarios para emprendedores que sean emigrantes retornados o inmigrantes en Galicia. Para 2010 tienen programados tres seminarios gratis: Motivaci\u00f3n emprendedora, c\u00f3mo ser un buen emprendedor. Generaci\u00f3n, maduraci\u00f3n &#8230; <a title=\"Seminarios para emprendedores inmigrantes de aqu\u00ed y de all\u00e1\" class=\"read-more\" href=\"https:\/\/www.churbayportillo.com\/blog\/2010\/02\/24\/seminarios-para-emprendedores-inmigrantes-de-aqui-y-de-alla\/\" aria-label=\"Leer m\u00e1s sobre Seminarios para emprendedores inmigrantes de aqu\u00ed y de all\u00e1\">Leer m\u00e1s<\/a><\/p>\n","protected":false},"author":3,"featured_media":0,"comment_status":"open","ping_status":"open","sticky":false,"template":"","format":"standard","meta":{"_jetpack_memberships_contains_paid_content":false,"footnotes":"","jetpack_publicize_message":"","jetpack_publicize_feature_enabled":true,"jetpack_social_post_already_shared":false,"jetpack_social_options":{"image_generator_settings":{"template":"highway","default_image_id":0,"font":"","enabled":false},"version":2}},"categories":[10],"tags":[992,249,25],"class_list":["post-8320","post","type-post","status-publish","format-standard","hentry","category-emprendedores","tag-emprendedores","tag-galicia","tag-inmigrantes"],"yoast_head":"<!-- This site is optimized with the Yoast SEO plugin v27.2 - https:\/\/yoast.com\/product\/yoast-seo-wordpress\/ -->\n<title>Seminarios para emprendedores inmigrantes de aqu\u00ed y de all\u00e1<\/title>\n<meta name=\"description\" content=\"Interesante iniciativa de la Fundaci\u00f3n Galicia Emigraci\u00f3n: impartir seminarios para emprendedores que sean emigrantes retornados o inmigrantes en Galicia.\" \/>\n<meta name=\"robots\" content=\"index, follow, max-snippet:-1, max-image-preview:large, max-video-preview:-1\" \/>\n<link rel=\"canonical\" href=\"https:\/\/www.churbayportillo.com\/blog\/2010\/02\/24\/seminarios-para-emprendedores-inmigrantes-de-aqui-y-de-alla\/\" \/>\n<meta property=\"og:locale\" content=\"es_ES\" \/>\n<meta property=\"og:type\" content=\"article\" \/>\n<meta property=\"og:title\" content=\"Seminarios para emprendedores inmigrantes de aqu\u00ed y de all\u00e1\" \/>\n<meta property=\"og:description\" content=\"Interesante iniciativa de la Fundaci\u00f3n Galicia Emigraci\u00f3n: impartir seminarios para emprendedores que sean emigrantes retornados o inmigrantes en Galicia.\" \/>\n<meta property=\"og:url\" content=\"https:\/\/www.churbayportillo.com\/blog\/2010\/02\/24\/seminarios-para-emprendedores-inmigrantes-de-aqui-y-de-alla\/\" \/>\n<meta property=\"og:site_name\" content=\"El Secreto de las Pymes que crecen\" \/>\n<meta property=\"article:publisher\" content=\"https:\/\/www.facebook.com\/churbayportillo\" \/>\n<meta property=\"article:published_time\" content=\"2010-02-24T07:00:42+00:00\" \/>\n<meta property=\"article:modified_time\" content=\"2022-06-02T10:51:17+00:00\" \/>\n<meta property=\"og:image\" content=\"https:\/\/screto.s3.amazonaws.com\/uploads\/2010\/02\/seminarios-emprendedores-inmigrantes.jpg\" \/>\n<meta name=\"author\" content=\"Jorge Churba\" \/>\n<meta name=\"twitter:card\" content=\"summary_large_image\" \/>\n<meta name=\"twitter:creator\" content=\"@elsecreto\" \/>\n<meta name=\"twitter:site\" content=\"@elsecreto\" \/>\n<meta name=\"twitter:label1\" content=\"Escrito por\" \/>\n\t<meta name=\"twitter:data1\" content=\"Jorge Churba\" \/>\n\t<meta name=\"twitter:label2\" content=\"Tiempo de lectura\" \/>\n\t<meta name=\"twitter:data2\" content=\"1 minuto\" \/>\n<script type=\"application\/ld+json\" class=\"yoast-schema-graph\">{\"@context\":\"https:\/\/schema.org\",\"@graph\":[{\"@type\":\"Article\",\"@id\":\"https:\/\/www.churbayportillo.com\/blog\/2010\/02\/24\/seminarios-para-emprendedores-inmigrantes-de-aqui-y-de-alla\/#article\",\"isPartOf\":{\"@id\":\"https:\/\/www.churbayportillo.com\/blog\/2010\/02\/24\/seminarios-para-emprendedores-inmigrantes-de-aqui-y-de-alla\/\"},\"author\":{\"name\":\"Jorge Churba\",\"@id\":\"https:\/\/www.churbayportillo.com\/blog\/#\/schema\/person\/327f5e9fbcbeeb46bb1a6a1b69a3136b\"},\"headline\":\"Seminarios para emprendedores inmigrantes de aqu\u00ed y de all\u00e1\",\"datePublished\":\"2010-02-24T07:00:42+00:00\",\"dateModified\":\"2022-06-02T10:51:17+00:00\",\"mainEntityOfPage\":{\"@id\":\"https:\/\/www.churbayportillo.com\/blog\/2010\/02\/24\/seminarios-para-emprendedores-inmigrantes-de-aqui-y-de-alla\/\"},\"wordCount\":134,\"commentCount\":1,\"publisher\":{\"@id\":\"https:\/\/www.churbayportillo.com\/blog\/#organization\"},\"image\":{\"@id\":\"https:\/\/www.churbayportillo.com\/blog\/2010\/02\/24\/seminarios-para-emprendedores-inmigrantes-de-aqui-y-de-alla\/#primaryimage\"},\"thumbnailUrl\":\"https:\/\/screto.s3.amazonaws.com\/uploads\/2010\/02\/seminarios-emprendedores-inmigrantes.jpg\",\"keywords\":[\"Emprendedores\",\"Galicia\",\"inmigrantes\"],\"articleSection\":[\"Emprendedores\"],\"inLanguage\":\"es\",\"potentialAction\":[{\"@type\":\"CommentAction\",\"name\":\"Comment\",\"target\":[\"https:\/\/www.churbayportillo.com\/blog\/2010\/02\/24\/seminarios-para-emprendedores-inmigrantes-de-aqui-y-de-alla\/#respond\"]}]},{\"@type\":\"WebPage\",\"@id\":\"https:\/\/www.churbayportillo.com\/blog\/2010\/02\/24\/seminarios-para-emprendedores-inmigrantes-de-aqui-y-de-alla\/\",\"url\":\"https:\/\/www.churbayportillo.com\/blog\/2010\/02\/24\/seminarios-para-emprendedores-inmigrantes-de-aqui-y-de-alla\/\",\"name\":\"Seminarios para emprendedores inmigrantes de aqu\u00ed y de all\u00e1\",\"isPartOf\":{\"@id\":\"https:\/\/www.churbayportillo.com\/blog\/#website\"},\"primaryImageOfPage\":{\"@id\":\"https:\/\/www.churbayportillo.com\/blog\/2010\/02\/24\/seminarios-para-emprendedores-inmigrantes-de-aqui-y-de-alla\/#primaryimage\"},\"image\":{\"@id\":\"https:\/\/www.churbayportillo.com\/blog\/2010\/02\/24\/seminarios-para-emprendedores-inmigrantes-de-aqui-y-de-alla\/#primaryimage\"},\"thumbnailUrl\":\"https:\/\/screto.s3.amazonaws.com\/uploads\/2010\/02\/seminarios-emprendedores-inmigrantes.jpg\",\"datePublished\":\"2010-02-24T07:00:42+00:00\",\"dateModified\":\"2022-06-02T10:51:17+00:00\",\"description\":\"Interesante iniciativa de la Fundaci\u00f3n Galicia Emigraci\u00f3n: impartir seminarios para emprendedores que sean emigrantes retornados o inmigrantes en Galicia.\",\"breadcrumb\":{\"@id\":\"https:\/\/www.churbayportillo.com\/blog\/2010\/02\/24\/seminarios-para-emprendedores-inmigrantes-de-aqui-y-de-alla\/#breadcrumb\"},\"inLanguage\":\"es\",\"potentialAction\":[{\"@type\":\"ReadAction\",\"target\":[\"https:\/\/www.churbayportillo.com\/blog\/2010\/02\/24\/seminarios-para-emprendedores-inmigrantes-de-aqui-y-de-alla\/\"]}]},{\"@type\":\"ImageObject\",\"inLanguage\":\"es\",\"@id\":\"https:\/\/www.churbayportillo.com\/blog\/2010\/02\/24\/seminarios-para-emprendedores-inmigrantes-de-aqui-y-de-alla\/#primaryimage\",\"url\":\"https:\/\/screto.s3.amazonaws.com\/uploads\/2010\/02\/seminarios-emprendedores-inmigrantes.jpg\",\"contentUrl\":\"https:\/\/screto.s3.amazonaws.com\/uploads\/2010\/02\/seminarios-emprendedores-inmigrantes.jpg\"},{\"@type\":\"BreadcrumbList\",\"@id\":\"https:\/\/www.churbayportillo.com\/blog\/2010\/02\/24\/seminarios-para-emprendedores-inmigrantes-de-aqui-y-de-alla\/#breadcrumb\",\"itemListElement\":[{\"@type\":\"ListItem\",\"position\":1,\"name\":\"Portada\",\"item\":\"https:\/\/www.churbayportillo.com\/blog\/\"},{\"@type\":\"ListItem\",\"position\":2,\"name\":\"Seminarios para emprendedores inmigrantes de aqu\u00ed y de all\u00e1\"}]},{\"@type\":\"WebSite\",\"@id\":\"https:\/\/www.churbayportillo.com\/blog\/#website\",\"url\":\"https:\/\/www.churbayportillo.com\/blog\/\",\"name\":\"El Secreto de las Pymes que crecen\",\"description\":\"Informaci\u00f3n y consejos para vender m\u00e1s\",\"publisher\":{\"@id\":\"https:\/\/www.churbayportillo.com\/blog\/#organization\"},\"potentialAction\":[{\"@type\":\"SearchAction\",\"target\":{\"@type\":\"EntryPoint\",\"urlTemplate\":\"https:\/\/www.churbayportillo.com\/blog\/?s={search_term_string}\"},\"query-input\":{\"@type\":\"PropertyValueSpecification\",\"valueRequired\":true,\"valueName\":\"search_term_string\"}}],\"inLanguage\":\"es\"},{\"@type\":\"Organization\",\"@id\":\"https:\/\/www.churbayportillo.com\/blog\/#organization\",\"name\":\"El Secreto de las Pymes que crecen\",\"url\":\"https:\/\/www.churbayportillo.com\/blog\/\",\"logo\":{\"@type\":\"ImageObject\",\"inLanguage\":\"es\",\"@id\":\"https:\/\/www.churbayportillo.com\/blog\/#\/schema\/logo\/image\/\",\"url\":\"https:\/\/www.churbayportillo.com\/blog\/wp-content\/uploads\/2021\/12\/logo.png\",\"contentUrl\":\"https:\/\/www.churbayportillo.com\/blog\/wp-content\/uploads\/2021\/12\/logo.png\",\"width\":599,\"height\":109,\"caption\":\"El Secreto de las Pymes que crecen\"},\"image\":{\"@id\":\"https:\/\/www.churbayportillo.com\/blog\/#\/schema\/logo\/image\/\"},\"sameAs\":[\"https:\/\/www.facebook.com\/churbayportillo\",\"https:\/\/x.com\/elsecreto\"]},{\"@type\":\"Person\",\"@id\":\"https:\/\/www.churbayportillo.com\/blog\/#\/schema\/person\/327f5e9fbcbeeb46bb1a6a1b69a3136b\",\"name\":\"Jorge Churba\",\"image\":{\"@type\":\"ImageObject\",\"inLanguage\":\"es\",\"@id\":\"https:\/\/secure.gravatar.com\/avatar\/c5f9205dc97a66e1143b707b76fe364da0a694698284e0bc4f5629e814e5ee66?s=96&d=mm&r=g\",\"url\":\"https:\/\/secure.gravatar.com\/avatar\/c5f9205dc97a66e1143b707b76fe364da0a694698284e0bc4f5629e814e5ee66?s=96&d=mm&r=g\",\"contentUrl\":\"https:\/\/secure.gravatar.com\/avatar\/c5f9205dc97a66e1143b707b76fe364da0a694698284e0bc4f5629e814e5ee66?s=96&d=mm&r=g\",\"caption\":\"Jorge Churba\"},\"description\":\"Me comunico, luego existo. Autor del Diccionario Pr\u00e1ctico de Internet para Emprendedores. Fundador de Churba &amp; Portillo y trabajador en Internet. S\u00edgueme en Twitter\",\"sameAs\":[\"https:\/\/www.churbayportillo.com\/blog\"],\"url\":\"https:\/\/www.churbayportillo.com\/blog\/author\/jorge\/\"}]}<\/script>\n<!-- \/ Yoast SEO plugin. -->","yoast_head_json":{"title":"Seminarios para emprendedores inmigrantes de aqu\u00ed y de all\u00e1","description":"Interesante iniciativa de la Fundaci\u00f3n Galicia Emigraci\u00f3n: impartir seminarios para emprendedores que sean emigrantes retornados o inmigrantes en Galicia.","robots":{"index":"index","follow":"follow","max-snippet":"max-snippet:-1","max-image-preview":"max-image-preview:large","max-video-preview":"max-video-preview:-1"},"canonical":"https:\/\/www.churbayportillo.com\/blog\/2010\/02\/24\/seminarios-para-emprendedores-inmigrantes-de-aqui-y-de-alla\/","og_locale":"es_ES","og_type":"article","og_title":"Seminarios para emprendedores inmigrantes de aqu\u00ed y de all\u00e1","og_description":"Interesante iniciativa de la Fundaci\u00f3n Galicia Emigraci\u00f3n: impartir seminarios para emprendedores que sean emigrantes retornados o inmigrantes en Galicia.","og_url":"https:\/\/www.churbayportillo.com\/blog\/2010\/02\/24\/seminarios-para-emprendedores-inmigrantes-de-aqui-y-de-alla\/","og_site_name":"El Secreto de las Pymes que crecen","article_publisher":"https:\/\/www.facebook.com\/churbayportillo","article_published_time":"2010-02-24T07:00:42+00:00","article_modified_time":"2022-06-02T10:51:17+00:00","og_image":[{"url":"https:\/\/screto.s3.amazonaws.com\/uploads\/2010\/02\/seminarios-emprendedores-inmigrantes.jpg","type":"","width":"","height":""}],"author":"Jorge Churba","twitter_card":"summary_large_image","twitter_creator":"@elsecreto","twitter_site":"@elsecreto","twitter_misc":{"Escrito por":"Jorge Churba","Tiempo de lectura":"1 minuto"},"schema":{"@context":"https:\/\/schema.org","@graph":[{"@type":"Article","@id":"https:\/\/www.churbayportillo.com\/blog\/2010\/02\/24\/seminarios-para-emprendedores-inmigrantes-de-aqui-y-de-alla\/#article","isPartOf":{"@id":"https:\/\/www.churbayportillo.com\/blog\/2010\/02\/24\/seminarios-para-emprendedores-inmigrantes-de-aqui-y-de-alla\/"},"author":{"name":"Jorge Churba","@id":"https:\/\/www.churbayportillo.com\/blog\/#\/schema\/person\/327f5e9fbcbeeb46bb1a6a1b69a3136b"},"headline":"Seminarios para emprendedores inmigrantes de aqu\u00ed y de all\u00e1","datePublished":"2010-02-24T07:00:42+00:00","dateModified":"2022-06-02T10:51:17+00:00","mainEntityOfPage":{"@id":"https:\/\/www.churbayportillo.com\/blog\/2010\/02\/24\/seminarios-para-emprendedores-inmigrantes-de-aqui-y-de-alla\/"},"wordCount":134,"commentCount":1,"publisher":{"@id":"https:\/\/www.churbayportillo.com\/blog\/#organization"},"image":{"@id":"https:\/\/www.churbayportillo.com\/blog\/2010\/02\/24\/seminarios-para-emprendedores-inmigrantes-de-aqui-y-de-alla\/#primaryimage"},"thumbnailUrl":"https:\/\/screto.s3.amazonaws.com\/uploads\/2010\/02\/seminarios-emprendedores-inmigrantes.jpg","keywords":["Emprendedores","Galicia","inmigrantes"],"articleSection":["Emprendedores"],"inLanguage":"es","potentialAction":[{"@type":"CommentAction","name":"Comment","target":["https:\/\/www.churbayportillo.com\/blog\/2010\/02\/24\/seminarios-para-emprendedores-inmigrantes-de-aqui-y-de-alla\/#respond"]}]},{"@type":"WebPage","@id":"https:\/\/www.churbayportillo.com\/blog\/2010\/02\/24\/seminarios-para-emprendedores-inmigrantes-de-aqui-y-de-alla\/","url":"https:\/\/www.churbayportillo.com\/blog\/2010\/02\/24\/seminarios-para-emprendedores-inmigrantes-de-aqui-y-de-alla\/","name":"Seminarios para emprendedores inmigrantes de aqu\u00ed y de all\u00e1","isPartOf":{"@id":"https:\/\/www.churbayportillo.com\/blog\/#website"},"primaryImageOfPage":{"@id":"https:\/\/www.churbayportillo.com\/blog\/2010\/02\/24\/seminarios-para-emprendedores-inmigrantes-de-aqui-y-de-alla\/#primaryimage"},"image":{"@id":"https:\/\/www.churbayportillo.com\/blog\/2010\/02\/24\/seminarios-para-emprendedores-inmigrantes-de-aqui-y-de-alla\/#primaryimage"},"thumbnailUrl":"https:\/\/screto.s3.amazonaws.com\/uploads\/2010\/02\/seminarios-emprendedores-inmigrantes.jpg","datePublished":"2010-02-24T07:00:42+00:00","dateModified":"2022-06-02T10:51:17+00:00","description":"Interesante iniciativa de la Fundaci\u00f3n Galicia Emigraci\u00f3n: impartir seminarios para emprendedores que sean emigrantes retornados o inmigrantes en Galicia.","breadcrumb":{"@id":"https:\/\/www.churbayportillo.com\/blog\/2010\/02\/24\/seminarios-para-emprendedores-inmigrantes-de-aqui-y-de-alla\/#breadcrumb"},"inLanguage":"es","potentialAction":[{"@type":"ReadAction","target":["https:\/\/www.churbayportillo.com\/blog\/2010\/02\/24\/seminarios-para-emprendedores-inmigrantes-de-aqui-y-de-alla\/"]}]},{"@type":"ImageObject","inLanguage":"es","@id":"https:\/\/www.churbayportillo.com\/blog\/2010\/02\/24\/seminarios-para-emprendedores-inmigrantes-de-aqui-y-de-alla\/#primaryimage","url":"https:\/\/screto.s3.amazonaws.com\/uploads\/2010\/02\/seminarios-emprendedores-inmigrantes.jpg","contentUrl":"https:\/\/screto.s3.amazonaws.com\/uploads\/2010\/02\/seminarios-emprendedores-inmigrantes.jpg"},{"@type":"BreadcrumbList","@id":"https:\/\/www.churbayportillo.com\/blog\/2010\/02\/24\/seminarios-para-emprendedores-inmigrantes-de-aqui-y-de-alla\/#breadcrumb","itemListElement":[{"@type":"ListItem","position":1,"name":"Portada","item":"https:\/\/www.churbayportillo.com\/blog\/"},{"@type":"ListItem","position":2,"name":"Seminarios para emprendedores inmigrantes de aqu\u00ed y de all\u00e1"}]},{"@type":"WebSite","@id":"https:\/\/www.churbayportillo.com\/blog\/#website","url":"https:\/\/www.churbayportillo.com\/blog\/","name":"El Secreto de las Pymes que crecen","description":"Informaci\u00f3n y consejos para vender m\u00e1s","publisher":{"@id":"https:\/\/www.churbayportillo.com\/blog\/#organization"},"potentialAction":[{"@type":"SearchAction","target":{"@type":"EntryPoint","urlTemplate":"https:\/\/www.churbayportillo.com\/blog\/?s={search_term_string}"},"query-input":{"@type":"PropertyValueSpecification","valueRequired":true,"valueName":"search_term_string"}}],"inLanguage":"es"},{"@type":"Organization","@id":"https:\/\/www.churbayportillo.com\/blog\/#organization","name":"El Secreto de las Pymes que crecen","url":"https:\/\/www.churbayportillo.com\/blog\/","logo":{"@type":"ImageObject","inLanguage":"es","@id":"https:\/\/www.churbayportillo.com\/blog\/#\/schema\/logo\/image\/","url":"https:\/\/www.churbayportillo.com\/blog\/wp-content\/uploads\/2021\/12\/logo.png","contentUrl":"https:\/\/www.churbayportillo.com\/blog\/wp-content\/uploads\/2021\/12\/logo.png","width":599,"height":109,"caption":"El Secreto de las Pymes que crecen"},"image":{"@id":"https:\/\/www.churbayportillo.com\/blog\/#\/schema\/logo\/image\/"},"sameAs":["https:\/\/www.facebook.com\/churbayportillo","https:\/\/x.com\/elsecreto"]},{"@type":"Person","@id":"https:\/\/www.churbayportillo.com\/blog\/#\/schema\/person\/327f5e9fbcbeeb46bb1a6a1b69a3136b","name":"Jorge Churba","image":{"@type":"ImageObject","inLanguage":"es","@id":"https:\/\/secure.gravatar.com\/avatar\/c5f9205dc97a66e1143b707b76fe364da0a694698284e0bc4f5629e814e5ee66?s=96&d=mm&r=g","url":"https:\/\/secure.gravatar.com\/avatar\/c5f9205dc97a66e1143b707b76fe364da0a694698284e0bc4f5629e814e5ee66?s=96&d=mm&r=g","contentUrl":"https:\/\/secure.gravatar.com\/avatar\/c5f9205dc97a66e1143b707b76fe364da0a694698284e0bc4f5629e814e5ee66?s=96&d=mm&r=g","caption":"Jorge Churba"},"description":"Me comunico, luego existo. Autor del Diccionario Pr\u00e1ctico de Internet para Emprendedores. Fundador de Churba &amp; Portillo y trabajador en Internet. S\u00edgueme en Twitter","sameAs":["https:\/\/www.churbayportillo.com\/blog"],"url":"https:\/\/www.churbayportillo.com\/blog\/author\/jorge\/"}]}},"jetpack_publicize_connections":[],"jetpack_featured_media_url":"","jetpack-related-posts":[{"id":9100,"url":"https:\/\/www.churbayportillo.com\/blog\/2010\/05\/04\/aumentan-las-ayudas-a-los-emprendedores-en-galicia\/","url_meta":{"origin":8320,"position":0},"title":"Aumentan las ayudas a los emprendedores en Galicia","author":"Jorge Churba","date":"4 mayo 2010","format":false,"excerpt":"La Xunta de Galicia anunci\u00f3 que incrementar\u00e1 en un 25% los fondos para el nuevo programa de apoyo a los nuevos emprendedores, el Plan Re-emprende 2010. El Instituto Gallego de Promoci\u00f3n Econ\u00f3mica (Igape), conceder\u00e1 anticipos sin aval, de hasta el 50% de la ayuda anual, a los proyectos que promuevan\u2026","rel":"","context":"En \u00abAyudas y subvenciones\u00bb","block_context":{"text":"Ayudas y subvenciones","link":"https:\/\/www.churbayportillo.com\/blog\/category\/ayudas-y-subvenciones\/"},"img":{"alt_text":"","src":"","width":0,"height":0},"classes":[]},{"id":369,"url":"https:\/\/www.churbayportillo.com\/blog\/2008\/02\/04\/emprendedores-inmigrantes\/","url_meta":{"origin":8320,"position":1},"title":"Emprendedores inmigrantes","author":"Jorge Churba","date":"4 febrero 2008","format":false,"excerpt":"Los emprendedores extranjeros crean 7 de cada 10 nuevas empresas espa\u00f1olas, informa la Gu\u00eda Sue\u00f1os, Negocios de emprendedores inmigrantes en la Regi\u00f3n de Murcia. Editada por el Consorcio de Entidades para la Acci\u00f3n Integral con Migrantes (Cepaim), la gu\u00eda narra 17 experiencias emprendedoras impulsadas por extranjeros -entre las que han\u2026","rel":"","context":"En \u00abAyudas y subvenciones\u00bb","block_context":{"text":"Ayudas y subvenciones","link":"https:\/\/www.churbayportillo.com\/blog\/category\/ayudas-y-subvenciones\/"},"img":{"alt_text":"","src":"","width":0,"height":0},"classes":[]},{"id":18239,"url":"https:\/\/www.churbayportillo.com\/blog\/2012\/07\/10\/la-creciente-importancia-de-los-inmigrantes-emprendedores-en-los-estados-unidos\/","url_meta":{"origin":8320,"position":2},"title":"La creciente importancia de los inmigrantes emprendedores en los Estados Unidos","author":"Jorge Churba","date":"10 julio 2012","format":false,"excerpt":"Estados Unidos reconoce la creciente importancia que los emprendedores inmigrantes tienen para su econom\u00eda. Porque: Una de cada seis pymes estadounidenses pertenece a un inmigrante. En los Estados Unidos los inmigrantes representan el 13% de la poblaci\u00f3n y el 16% de la fuerza laboral, pero son el 18% de los\u2026","rel":"","context":"En \u00abEmprendedores\u00bb","block_context":{"text":"Emprendedores","link":"https:\/\/www.churbayportillo.com\/blog\/category\/emprendedores\/"},"img":{"alt_text":"Barack Obama y su familia en un restaurante mexicano.","src":"https:\/\/i0.wp.com\/screto.s3.amazonaws.com\/uploads\/2012\/07\/Obama-en-un-mexicano.jpg?resize=350%2C200&ssl=1","width":350,"height":200},"classes":[]},{"id":2361,"url":"https:\/\/www.churbayportillo.com\/blog\/2009\/01\/22\/un-empresario-gallego-sirve-la-cena-en-la-toma-de-posesion-presidencial-de-barack-obama\/","url_meta":{"origin":8320,"position":3},"title":"Un empresario gallego sirve la cena en la toma de posesi\u00f3n presidencial de Barack Obama","author":"Jorge Churba","date":"22 enero 2009","format":false,"excerpt":"La empresa de Jos\u00e9 Valado, natural de Orense y radicado hace m\u00e1s de 30 a\u00f1os en los Estados Unidos, fue la encargada de la cena en la asunci\u00f3n presidencial de Barack Obama. El banquete, con un presupuesto superior al mill\u00f3n de euros, fue servido por la empresa Ridgewells Inc. propiedad\u2026","rel":"","context":"En \u00abEmprendedores\u00bb","block_context":{"text":"Emprendedores","link":"https:\/\/www.churbayportillo.com\/blog\/category\/emprendedores\/"},"img":{"alt_text":"","src":"https:\/\/i0.wp.com\/www.churbayportillo.com\/blog\/wp-content\/uploads\/2009\/01\/ridgewells1.jpg?resize=350%2C200&ssl=1","width":350,"height":200},"classes":[]},{"id":755,"url":"https:\/\/www.churbayportillo.com\/blog\/2008\/10\/25\/murcia-curso-de-tecnico-en-ventas\/","url_meta":{"origin":8320,"position":4},"title":"Murcia: curso de t\u00e9cnico en ventas","author":"Angeles Portillo","date":"25 octubre 2008","format":false,"excerpt":"Es gratuito y est\u00e1 dirigido a inmigrantes. Se impartir\u00e1 de lunes a jueves de 5 a 8 de la tarde y tiene una duraci\u00f3n de 30 horas. Inscr\u00edbete en el servicio de inserci\u00f3n de CEPAIM de Beniaj\u00e1n (Murcia). Date prisa \u00a1Comienza el 4 de noviembre!","rel":"","context":"En \u00abAyudas y subvenciones\u00bb","block_context":{"text":"Ayudas y subvenciones","link":"https:\/\/www.churbayportillo.com\/blog\/category\/ayudas-y-subvenciones\/"},"img":{"alt_text":"","src":"https:\/\/i0.wp.com\/screto.s3.amazonaws.com\/uploads\/2008\/10\/curso-para-inmigrantes.jpg?resize=350%2C200&ssl=1","width":350,"height":200},"classes":[]},{"id":2654,"url":"https:\/\/www.churbayportillo.com\/blog\/2009\/02\/11\/a-dios-pongo-por-testigo-por-la-voluntad\/","url_meta":{"origin":8320,"position":5},"title":"A Dios pongo por testigo por la voluntad","author":"Jorge Churba","date":"11 febrero 2009","format":false,"excerpt":"En medio de esta terrible crisis en la que los propios gobiernos parecen no saber qu\u00e9 hacer, y los bancos s\u00f3lo te prestan dinero para comprar a Cristiano Ronaldo, es reconfortante ver que hay gente que trata de sacar su pyme adelante usando el ingenio y la imaginaci\u00f3n. \u00a1A Dios\u2026","rel":"","context":"En \u00abBranding\u00bb","block_context":{"text":"Branding","link":"https:\/\/www.churbayportillo.com\/blog\/category\/branding\/"},"img":{"alt_text":"","src":"https:\/\/i0.wp.com\/www.churbayportillo.com\/blog\/wp-content\/uploads\/2009\/02\/adiospongoportestigo.jpg?resize=350%2C200&ssl=1","width":350,"height":200},"classes":[]}],"jetpack_sharing_enabled":true,"_links":{"self":[{"href":"https:\/\/www.churbayportillo.com\/blog\/wp-json\/wp\/v2\/posts\/8320","targetHints":{"allow":["GET"]}}],"collection":[{"href":"https:\/\/www.churbayportillo.com\/blog\/wp-json\/wp\/v2\/posts"}],"about":[{"href":"https:\/\/www.churbayportillo.com\/blog\/wp-json\/wp\/v2\/types\/post"}],"author":[{"embeddable":true,"href":"https:\/\/www.churbayportillo.com\/blog\/wp-json\/wp\/v2\/users\/3"}],"replies":[{"embeddable":true,"href":"https:\/\/www.churbayportillo.com\/blog\/wp-json\/wp\/v2\/comments?post=8320"}],"version-history":[{"count":0,"href":"https:\/\/www.churbayportillo.com\/blog\/wp-json\/wp\/v2\/posts\/8320\/revisions"}],"wp:attachment":[{"href":"https:\/\/www.churbayportillo.com\/blog\/wp-json\/wp\/v2\/media?parent=8320"}],"wp:term":[{"taxonomy":"category","embeddable":true,"href":"https:\/\/www.churbayportillo.com\/blog\/wp-json\/wp\/v2\/categories?post=8320"},{"taxonomy":"post_tag","embeddable":true,"href":"https:\/\/www.churbayportillo.com\/blog\/wp-json\/wp\/v2\/tags?post=8320"}],"curies":[{"name":"wp","href":"https:\/\/api.w.org\/{rel}","templated":true}]}}